{"id":92413,"date":"2025-01-16T15:40:35","date_gmt":"2025-01-16T15:40:35","guid":{"rendered":"https:\/\/tvbrazilusa.com\/2025\/01\/16\/moradora-de-recife-critica-joao-campos-ao-vivo-e-chama-o-de-prefeito-tiktok-acusando-o-de-ignorar-a-populacao-veja-video\/"},"modified":"2025-01-16T15:40:36","modified_gmt":"2025-01-16T15:40:36","slug":"moradora-de-recife-critica-joao-campos-ao-vivo-e-chama-o-de-prefeito-tiktok-acusando-o-de-ignorar-a-populacao-veja-video","status":"publish","type":"post","link":"https:\/\/tvbrazilusa.com\/pt\/2025\/01\/16\/moradora-de-recife-critica-joao-campos-ao-vivo-e-chama-o-de-prefeito-tiktok-acusando-o-de-ignorar-a-populacao-veja-video\/","title":{"rendered":"Moradora de Recife critica Jo\u00e3o Campos ao vivo e chama-o de &#8216;prefeito TikTok&#8217;, acusando-o de ignorar a popula\u00e7\u00e3o; VEJA V\u00cdDEO"},"content":{"rendered":"<p> <script async src=\"https:\/\/pagead2.googlesyndication.com\/pagead\/js\/adsbygoogle.js?client=ca-pub-8864793242727901\"\r\n     crossorigin=\"anonymous\"><\/script><br \/>\n<\/p>\n<div id=\"taboola-read-more\" style=\"display:block; width:100%\">\n<p>Durante uma reportagem exibida ao vivo pela TV Jornal, afiliada do SBT, uma moradora do Recife, capital pernambucana, fez duras cr\u00edticas ao prefeito Jo\u00e3o Campos, apelidado pelos opositores de \u2018prefeito TikTok\u2019. A cr\u00edtica girou em torno dos gastos milion\u00e1rios com publicidade enquanto demandas b\u00e1sicas da popula\u00e7\u00e3o permanecem ignoradas.<\/p>\n<p>De acordo com a moradora, o prefeito esteve recentemente na regi\u00e3o onde ela mora, localizada \u00e0s margens de um rio, para gravar conte\u00fados destinados \u00e0s redes sociais.<\/p>\n<p>A principal reclama\u00e7\u00e3o est\u00e1 ligada \u00e0 coleta de lixo, que, de acordo com a moradora, n\u00e3o recebe a devida aten\u00e7\u00e3o da gest\u00e3o municipal. \u201cUm prefeito que gasta milh\u00f5es com publicidade, com um monte de coisa. Fica por a\u00ed gozando, fazendo pra rede [social], enfeitando, e esquece a popula\u00e7\u00e3o que mora na beira do rio. Ele podia ajudar\u201d, desabafou.<\/p>\n<p>A indigna\u00e7\u00e3o aumentou pelo fato de que, embora Jo\u00e3o Campos tenha visitado a \u00e1rea, ele n\u00e3o tomou medidas pr\u00e1ticas para resolver os problemas locais, segundo a moradora. \u201cEle podia ajudar. Ele poderia ter ido l\u00e1 e ter mandado tirar o lixo. Mas n\u00e3o, ele foi l\u00e1, fez a propaganda dele e foi embora\u201d, lamentou.<\/p>\n<p>O Conex\u00e3o Pol\u00edtica tentou contato com a Prefeitura do Recife, mas n\u00e3o obteve retorno at\u00e9 o fechamento deste texto.\n<\/p>\n<p>\ud83c\udfa5: Reprodu\u00e7\u00e3o\/TV Jornal\/SBT\n<\/p>\n<p>Fonte: Coenx\u00e3o Pol\u00edtica              <\/p>\n<\/div>\n<p><br \/>\n<br \/><a href=\"https:\/\/diariodobrasilnoticias.com.br\/noticia\/moradora-de-recife-critica-joao-campos-ao-vivo-e-chama-o-de-prefeito-tiktok-acusando-o-de-ignorar-a-populacao-veja-video-67890b885c614\">Source link <\/a><\/p>","protected":false},"excerpt":{"rendered":"<p>Durante uma reportagem exibida ao vivo pela TV Jornal, afiliada do SBT, uma moradora do Recife, capital pernambucana, fez duras cr\u00edticas ao prefeito Jo\u00e3o Campos, apelidado pelos opositores de \u2018prefeito&hellip;<\/p>","protected":false},"author":1,"featured_media":92414,"comment_status":"closed","ping_status":"open","sticky":false,"template":"","format":"standard","meta":{"content-type":"","footnotes":""},"categories":[16],"tags":[123,2448,5313,1267],"class_list":["post-92413","post","type-post","status-publish","format-standard","has-post-thumbnail","hentry","category-noticias","tag-brasil","tag-diario","tag-noticia","tag-noticias"],"_links":{"self":[{"href":"https:\/\/tvbrazilusa.com\/pt\/wp-json\/wp\/v2\/posts\/92413","targetHints":{"allow":["GET"]}}],"collection":[{"href":"https:\/\/tvbrazilusa.com\/pt\/wp-json\/wp\/v2\/posts"}],"about":[{"href":"https:\/\/tvbrazilusa.com\/pt\/wp-json\/wp\/v2\/types\/post"}],"author":[{"embeddable":true,"href":"https:\/\/tvbrazilusa.com\/pt\/wp-json\/wp\/v2\/users\/1"}],"replies":[{"embeddable":true,"href":"https:\/\/tvbrazilusa.com\/pt\/wp-json\/wp\/v2\/comments?post=92413"}],"version-history":[{"count":1,"href":"https:\/\/tvbrazilusa.com\/pt\/wp-json\/wp\/v2\/posts\/92413\/revisions"}],"predecessor-version":[{"id":92415,"href":"https:\/\/tvbrazilusa.com\/pt\/wp-json\/wp\/v2\/posts\/92413\/revisions\/92415"}],"wp:featuredmedia":[{"embeddable":true,"href":"https:\/\/tvbrazilusa.com\/pt\/wp-json\/wp\/v2\/media\/92414"}],"wp:attachment":[{"href":"https:\/\/tvbrazilusa.com\/pt\/wp-json\/wp\/v2\/media?parent=92413"}],"wp:term":[{"taxonomy":"category","embeddable":true,"href":"https:\/\/tvbrazilusa.com\/pt\/wp-json\/wp\/v2\/categories?post=92413"},{"taxonomy":"post_tag","embeddable":true,"href":"https:\/\/tvbrazilusa.com\/pt\/wp-json\/wp\/v2\/tags?post=92413"}],"curies":[{"name":"wp","href":"https:\/\/api.w.org\/{rel}","templated":true}]}}