{"id":92416,"date":"2025-01-16T15:51:45","date_gmt":"2025-01-16T15:51:45","guid":{"rendered":"https:\/\/tvbrazilusa.com\/2025\/01\/16\/tarcisio-afirma-que-nivel-de-destreza-do-atirador-sugeria-que-o-policial-era-responsavel-pela-execucao-no-aeroporto\/"},"modified":"2025-01-16T15:51:46","modified_gmt":"2025-01-16T15:51:46","slug":"tarcisio-afirma-que-nivel-de-destreza-do-atirador-sugeria-que-o-policial-era-responsavel-pela-execucao-no-aeroporto","status":"publish","type":"post","link":"https:\/\/tvbrazilusa.com\/pt\/2025\/01\/16\/tarcisio-afirma-que-nivel-de-destreza-do-atirador-sugeria-que-o-policial-era-responsavel-pela-execucao-no-aeroporto\/","title":{"rendered":"Tarc\u00edsio afirma que &#8216;n\u00edvel de destreza do atirador&#8217; sugeria que o policial era respons\u00e1vel pela execu\u00e7\u00e3o no aeroporto"},"content":{"rendered":"<p> <script async src=\"https:\/\/pagead2.googlesyndication.com\/pagead\/js\/adsbygoogle.js?client=ca-pub-8864793242727901\"\r\n     crossorigin=\"anonymous\"><\/script><br \/>\n<\/p>\n<div id=\"taboola-read-more\" style=\"display:block; width:100%\">\n<p>O governador de S\u00e3o Paulo, Tarc\u00edsio de Freitas (Republicanos), afirmou nesta quinta-feira (16) que j\u00e1 desconfiava da participa\u00e7\u00e3o de policiais na execu\u00e7\u00e3o de Vin\u00edcius Gritzbach, delator do PCC, no Aeroporto Internacional de S\u00e3o Paulo, em Guarulhos.\n<\/p>\n<p>&#8220;O n\u00edvel de destreza do atirador apontava para um policial ser o autor dos disparos&#8221;, afirmou Tarc\u00edsio, ap\u00f3s 14 policiais serem presos numa opera\u00e7\u00e3o que investiga o assassinato e o vazamento de informa\u00e7\u00f5es para a fac\u00e7\u00e3o criminosa.<br \/>Um dos presos, que n\u00e3o teve o nome divulgado, \u00e9 um cabo da PM suspeito de ser o autor dos disparos. Clique aqui para ver mais detalhes da opera\u00e7\u00e3o.<\/p>\n<p>Gritzbach era acusado de envolvimento em esquemas de lavagem de dinheiro para a fac\u00e7\u00e3o criminosa. Na dela\u00e7\u00e3o premiada assinada com o Minist\u00e9rio P\u00fablico, ele entregou o nome de pessoas ligadas ao PCC e acusou policiais de corrup\u00e7\u00e3o.\n<\/p>\n<p><strong>Como foi a execu\u00e7\u00e3o de Gritzbach<\/strong><br \/>Em 8 de novembro, o empres\u00e1rio, que contava com uma escolta feita ilegalmente por policiais militares, foi executado na \u00e1rea de desembarque do aeroporto em Guarulhos, por dois homens armados com fuzis que desceram de um carro preto.\n<\/p>\n<p>Gritzbach foi morto com 10 tiros \u2013 dois deles, na cabe\u00e7a. O crime ocorreu \u00e0 luz do dia, e os autores fugiram (veja, nos infogr\u00e1ficos abaixo, como foi a execu\u00e7\u00e3o, e onde a v\u00edtima foi baleada).\n<\/p>\n<p>&#8220;Ningu\u00e9m vai tolerar malfeito, desvio de conduta, desvio de car\u00e1ter, bico para bandido&#8221;, afirmou Tarc\u00edsio nesta quinta. &#8220;Quem enveredar por esse caminho ser\u00e1 punido severamente. Ser\u00e1 preso, expulso e levado ao judici\u00e1rio. Temos uma boa institui\u00e7\u00e3o e n\u00e3o vamos tolerar os que querem manchar.&#8221;<\/p>\n<p>Fonte: g1              <\/p>\n<\/div>\n<p><br \/>\n<br \/><a href=\"https:\/\/diariodobrasilnoticias.com.br\/noticia\/tarcisio-afirma-que-nivel-de-destreza-do-atirador-sugeria-que-o-policial-era-responsavel-pela-execucao-no-aeroporto-67890e1204937\">Source link <\/a><\/p>","protected":false},"excerpt":{"rendered":"<p>O governador de S\u00e3o Paulo, Tarc\u00edsio de Freitas (Republicanos), afirmou nesta quinta-feira (16) que j\u00e1 desconfiava da participa\u00e7\u00e3o de policiais na execu\u00e7\u00e3o de Vin\u00edcius Gritzbach, delator do PCC, no Aeroporto&hellip;<\/p>","protected":false},"author":1,"featured_media":92417,"comment_status":"closed","ping_status":"open","sticky":false,"template":"","format":"standard","meta":{"content-type":"","footnotes":""},"categories":[16],"tags":[123,2448,5313,1267],"class_list":["post-92416","post","type-post","status-publish","format-standard","has-post-thumbnail","hentry","category-noticias","tag-brasil","tag-diario","tag-noticia","tag-noticias"],"_links":{"self":[{"href":"https:\/\/tvbrazilusa.com\/pt\/wp-json\/wp\/v2\/posts\/92416","targetHints":{"allow":["GET"]}}],"collection":[{"href":"https:\/\/tvbrazilusa.com\/pt\/wp-json\/wp\/v2\/posts"}],"about":[{"href":"https:\/\/tvbrazilusa.com\/pt\/wp-json\/wp\/v2\/types\/post"}],"author":[{"embeddable":true,"href":"https:\/\/tvbrazilusa.com\/pt\/wp-json\/wp\/v2\/users\/1"}],"replies":[{"embeddable":true,"href":"https:\/\/tvbrazilusa.com\/pt\/wp-json\/wp\/v2\/comments?post=92416"}],"version-history":[{"count":1,"href":"https:\/\/tvbrazilusa.com\/pt\/wp-json\/wp\/v2\/posts\/92416\/revisions"}],"predecessor-version":[{"id":92418,"href":"https:\/\/tvbrazilusa.com\/pt\/wp-json\/wp\/v2\/posts\/92416\/revisions\/92418"}],"wp:featuredmedia":[{"embeddable":true,"href":"https:\/\/tvbrazilusa.com\/pt\/wp-json\/wp\/v2\/media\/92417"}],"wp:attachment":[{"href":"https:\/\/tvbrazilusa.com\/pt\/wp-json\/wp\/v2\/media?parent=92416"}],"wp:term":[{"taxonomy":"category","embeddable":true,"href":"https:\/\/tvbrazilusa.com\/pt\/wp-json\/wp\/v2\/categories?post=92416"},{"taxonomy":"post_tag","embeddable":true,"href":"https:\/\/tvbrazilusa.com\/pt\/wp-json\/wp\/v2\/tags?post=92416"}],"curies":[{"name":"wp","href":"https:\/\/api.w.org\/{rel}","templated":true}]}}