{"id":92419,"date":"2025-01-16T16:03:21","date_gmt":"2025-01-16T16:03:21","guid":{"rendered":"https:\/\/tvbrazilusa.com\/2025\/01\/16\/corregedoria-prende-pm-acusado-de-executar-delator-em-aeroporto\/"},"modified":"2025-01-16T16:03:22","modified_gmt":"2025-01-16T16:03:22","slug":"corregedoria-prende-pm-acusado-de-executar-delator-em-aeroporto","status":"publish","type":"post","link":"https:\/\/tvbrazilusa.com\/pt\/2025\/01\/16\/corregedoria-prende-pm-acusado-de-executar-delator-em-aeroporto\/","title":{"rendered":"Corregedoria prende PM acusado de executar delator em aeroporto"},"content":{"rendered":"<p> <script async src=\"https:\/\/pagead2.googlesyndication.com\/pagead\/js\/adsbygoogle.js?client=ca-pub-8864793242727901\"\r\n     crossorigin=\"anonymous\"><\/script><br \/>\n<\/p>\n<div id=\"taboola-read-more\" style=\"display:block; width:100%\">\n<p>A Corregedoria da Pol\u00edcia Militar do Estado de S\u00e3o Paulo prendeu nesta quinta-feira (16) um policial militar da ativa suspeito de ter matado o empres\u00e1rio Vin\u00edcius Gritzbach, delator do PCC executado no ano passado no Aeroporto Internacional de S\u00e3o Paulo, em Guarulhos.\n<\/p>\n<p>Gritzbach era acusado de envolvimento em esquemas de lavagem de dinheiro para a fac\u00e7\u00e3o criminosa. Na dela\u00e7\u00e3o premiada assinada com o Minist\u00e9rio P\u00fablico, ele entregou o nome de pessoas ligadas ao PCC e tamb\u00e9m acusou policiais de corrup\u00e7\u00e3o.<\/p>\n<p>A pris\u00e3o nesta quinta \u00e9 parte de uma opera\u00e7\u00e3o que mirou policiais militares suspeitos de vazar informa\u00e7\u00f5es sigilosas para favorecer criminosos da fac\u00e7\u00e3o. Outros 13 PMs tamb\u00e9m foram presos e h\u00e1 mandado de pris\u00e3o contra mais um.\n<\/p>\n<p>Em entrevista \u00e0 TV Globo, o secret\u00e1rio da Seguran\u00e7a P\u00fablica, Guilherme Derrite, disse que as pris\u00f5es mostram que a corpora\u00e7\u00e3o n\u00e3o admite desvios de conduta e prometeu puni\u00e7\u00e3o.\n<\/p>\n<p>&#8220;\u00c9 inadmiss\u00edvel o envolvimento de agentes da lei com o crime seja da Pol\u00edcia Militar, da Pol\u00edcia Civil. Aqueles que tiverem desvios de conduta, em especial envolvimento o crime organizado, ser\u00e3o severamente punidos&#8221;, afirmou.\n<\/p>\n<p>O policial preso acusado de ser o atirador \u00e9 Denis Antonio Martins. At\u00e9 a \u00faltima atualiza\u00e7\u00e3o desta reportagem, n\u00e3o havia detalhes sobre como era a atua\u00e7\u00e3o dele no esquema nem se era um dos policiais contratados por Gritzbach para fazer sua escolta particular.\n<\/p>\n<p>Vazamento de informa\u00e7\u00f5es<br \/>A investiga\u00e7\u00e3o come\u00e7ou ap\u00f3s uma den\u00fancia an\u00f4nima recebida em mar\u00e7o do ano passado sobre vazamentos de informa\u00e7\u00f5es sigilosas que favoreciam criminosos ligados \u00e0 fac\u00e7\u00e3o. O objetivo era evitar pris\u00f5es e preju\u00edzos financeiros do grupo criminoso.\n<\/p>\n<p>Segundo a Corregedoria, informa\u00e7\u00f5es estrat\u00e9gicas eram vazadas e vendidas por policiais militares da ativa e da reserva.\n<\/p>\n<p>Um dos beneficiados era Gritzbach, que usava PMs em sua escolta privada, caracterizando a integra\u00e7\u00e3o de agentes \u00e0 organiza\u00e7\u00e3o criminosa.\n<\/p>\n<p><strong>Cronologia da investiga\u00e7\u00e3o<\/strong>\n<\/p>\n<p><strong>Abril de 2024<\/strong> &#8211; a Corregedoria da PM instaura um inqu\u00e9rito para apurar o envolvimento de policiais com o crime organizado. A den\u00fancia dava conta de que PMs faziam seguran\u00e7a e tamb\u00e9m passavam informa\u00e7\u00f5es sigilosas para os criminosos.<br \/><strong>Outubro de 2024<\/strong> &#8211; Uma nova den\u00fancia chega \u00e0 Corregedoria. Fotos mostravam PMs fazendo escolta para Vin\u00edcius Gritzbach durante uma audi\u00eancia no F\u00f3rum da Barra Funda.<br \/><strong>8 de novembro de 2024<\/strong> &#8211; Gritzbach \u00e9 assassinado no aeroporto em Guarulhos. PMs que faziam a escolta dele s\u00e3o detidos e t\u00eam os celulares apreendidos.\n<\/p>\n<p>A Corregedoria da PM come\u00e7a, ent\u00e3o, a cruzar as informa\u00e7\u00f5es e descobre que os policiais faziam parte de uma rede de prote\u00e7\u00e3o do PCC. Eles passavam informa\u00e7\u00f5es para que os criminosos pudessem se antecipar \u00e0s a\u00e7\u00f5es da pol\u00edcia.<br \/>Dessa forma, a Corregedoria chegou a um dos executores de Gritzbach. Pela quebra do sigilo telef\u00f4nico, descobriram que ele esteve na cena do crime. Depois, fizeram um minucioso trabalho de reconhecimento, ouvindo testemunhas que viram o homem durante a fuga.\n<\/p>\n<p><strong>Execu\u00e7\u00e3o de Gritzbach<\/strong>\n<\/p>\n<p>C\u00e2meras de seguran\u00e7a do aeroporto gravaram o assassinato de Gritzabach, cometido por homens encapuzados usando fuzis, que fugiram em seguida.\n<\/p>\n<p>Um motorista por aplicativo que estava ali no local acabou sendo atingido por um dos disparos e tamb\u00e9m morreu.\n<\/p>\n<p>Dois suspeitos de participarem da execu\u00e7\u00e3o foram presos dias depois por uma for\u00e7a-tarefa criada pelo governo paulista para investigar o caso.<\/p>\n<p>Fonte: g1              <\/p>\n<\/div>\n<p><br \/>\n<br \/><a href=\"https:\/\/diariodobrasilnoticias.com.br\/noticia\/corregedoria-prende-pm-acusado-de-executar-delator-em-aeroporto-67890da478d64\">Source link <\/a><\/p>","protected":false},"excerpt":{"rendered":"<p>A Corregedoria da Pol\u00edcia Militar do Estado de S\u00e3o Paulo prendeu nesta quinta-feira (16) um policial militar da ativa suspeito de ter matado o empres\u00e1rio Vin\u00edcius Gritzbach, delator do PCC&hellip;<\/p>","protected":false},"author":1,"featured_media":92420,"comment_status":"closed","ping_status":"open","sticky":false,"template":"","format":"standard","meta":{"content-type":"","footnotes":""},"categories":[16],"tags":[123,2448,5313,1267],"class_list":["post-92419","post","type-post","status-publish","format-standard","has-post-thumbnail","hentry","category-noticias","tag-brasil","tag-diario","tag-noticia","tag-noticias"],"_links":{"self":[{"href":"https:\/\/tvbrazilusa.com\/pt\/wp-json\/wp\/v2\/posts\/92419","targetHints":{"allow":["GET"]}}],"collection":[{"href":"https:\/\/tvbrazilusa.com\/pt\/wp-json\/wp\/v2\/posts"}],"about":[{"href":"https:\/\/tvbrazilusa.com\/pt\/wp-json\/wp\/v2\/types\/post"}],"author":[{"embeddable":true,"href":"https:\/\/tvbrazilusa.com\/pt\/wp-json\/wp\/v2\/users\/1"}],"replies":[{"embeddable":true,"href":"https:\/\/tvbrazilusa.com\/pt\/wp-json\/wp\/v2\/comments?post=92419"}],"version-history":[{"count":1,"href":"https:\/\/tvbrazilusa.com\/pt\/wp-json\/wp\/v2\/posts\/92419\/revisions"}],"predecessor-version":[{"id":92421,"href":"https:\/\/tvbrazilusa.com\/pt\/wp-json\/wp\/v2\/posts\/92419\/revisions\/92421"}],"wp:featuredmedia":[{"embeddable":true,"href":"https:\/\/tvbrazilusa.com\/pt\/wp-json\/wp\/v2\/media\/92420"}],"wp:attachment":[{"href":"https:\/\/tvbrazilusa.com\/pt\/wp-json\/wp\/v2\/media?parent=92419"}],"wp:term":[{"taxonomy":"category","embeddable":true,"href":"https:\/\/tvbrazilusa.com\/pt\/wp-json\/wp\/v2\/categories?post=92419"},{"taxonomy":"post_tag","embeddable":true,"href":"https:\/\/tvbrazilusa.com\/pt\/wp-json\/wp\/v2\/tags?post=92419"}],"curies":[{"name":"wp","href":"https:\/\/api.w.org\/{rel}","templated":true}]}}