{"id":92425,"date":"2025-01-16T16:16:07","date_gmt":"2025-01-16T16:16:07","guid":{"rendered":"https:\/\/tvbrazilusa.com\/2025\/01\/16\/interlocutores-de-lula-avaliam-que-governo-cometeu-erros-tanto-no-inicio-quanto-no-fim-da-polemica-do-pix\/"},"modified":"2025-01-16T16:16:09","modified_gmt":"2025-01-16T16:16:09","slug":"interlocutores-de-lula-avaliam-que-governo-cometeu-erros-tanto-no-inicio-quanto-no-fim-da-polemica-do-pix","status":"publish","type":"post","link":"https:\/\/tvbrazilusa.com\/pt\/2025\/01\/16\/interlocutores-de-lula-avaliam-que-governo-cometeu-erros-tanto-no-inicio-quanto-no-fim-da-polemica-do-pix\/","title":{"rendered":"Interlocutores de Lula avaliam que governo cometeu erros tanto no in\u00edcio quanto no fim da pol\u00eamica do PIX"},"content":{"rendered":"<p> <script async src=\"https:\/\/pagead2.googlesyndication.com\/pagead\/js\/adsbygoogle.js?client=ca-pub-8864793242727901\"\r\n     crossorigin=\"anonymous\"><\/script><br \/>\n<\/p>\n<div id=\"taboola-read-more\" style=\"display:block; width:100%\">\n<p>O governo errou no come\u00e7o e no fim da pol\u00eamica do PIX. Errou ao lan\u00e7ar a medida sem explic\u00e1-la e calcular o impacto que ela teria sobre a popula\u00e7\u00e3o.\n<\/p>\n<p>Tamb\u00e9m falhou ao tentar encerrar a pol\u00eamica por demorar a reagir de forma definitiva e insistir incialmente num caso que j\u00e1 havia se transformado numa batalha perdida para a administra\u00e7\u00e3o do petista.<\/p>\n<p>Essa avalia\u00e7\u00e3o \u00e9 feita por interlocutores do presidente Luiz In\u00e1cio Lula da Silva (PT) sobre o epis\u00f3dio que deu muni\u00e7\u00e3o a golpistas e \u00e0 oposi\u00e7\u00e3o para desgastar a imagem do governo.\n<\/p>\n<p>A instru\u00e7\u00e3o normativa da Receita n\u00e3o tributava o PIX e at\u00e9 trazia melhoras no sistema, ao elevar de R$ 2 mil para R$ 5 mil as transa\u00e7\u00f5es financeiras, incluindo o PIX, que passariam a ser monitoradas de perto pelo \u00f3rg\u00e3o federal. E seu objetivo era pegar sonegadores, n\u00e3o pequenos empreendedores.\n<\/p>\n<p>O recuo do governo acabou se transformando na \u00fanica sa\u00edda poss\u00edvel para acabar com as fake news sobre a medida.\n<\/p>\n<p>Assessores de Lula defendiam o ato da Receita como forma de combater sonegadores, mas reconheceram que ela deu muni\u00e7\u00e3o para oposi\u00e7\u00e3o e golpistas desgastarem a imagem do governo. Criticam, por\u00e9m, a demora em tomar uma medida definitiva.\n<\/p>\n<p>Segundo interlocutores do presidente, \u201cficou ruim no an\u00fancio e pior na demora do recuo\u201d. Segundo a equipe de Lula, o governo precisa ter cuidado redobrado em suas decis\u00f5es para evitar explora\u00e7\u00f5es pol\u00edticas.\n<\/p>\n<p>Testar e discutir<br \/>Um assessor defende que tudo seja testado e discutido internamente, principalmente em \u00e1reas sens\u00edveis como a de tributos.\n<\/p>\n<p>Al\u00e9m do recuo, outra decis\u00e3o acertada, que demorou, foi acionar a Pol\u00edcia Federal para investigar os autores das fake news e dos golpes financeiros.\n<\/p>\n<p>Uma medida provis\u00f3ria ser\u00e1 editada para garantir que o Pix se equivale a dinheiro vivo e n\u00e3o pode sofrer nenhuma tributa\u00e7\u00e3o como meio de pagamento, e os contribuintes ter\u00e3o seu sigilo preservado.\n<\/p>\n<p>O presidente Lula avaliou nesta quarta-feira (15) que n\u00e3o dava apenas para ficar remediando a crise do Pix. Ele decidiu chamar sua equipe econ\u00f4mica para colocar um ponto final na pol\u00eamica.\n<\/p>\n<p><strong>V\u00eddeo inc\u00f4modo<\/strong><br \/>A irrita\u00e7\u00e3o atingiu o ponto m\u00e1ximo com um v\u00eddeo do deputado bolsonarista Nikolas Ferreira (PL-MG), que ultrapassou as mais de cem milh\u00f5es de visualiza\u00e7\u00f5es. E um v\u00eddeo que insinuava que o governo poderia estar tramando algo contra os trabalhadores.\n<\/p>\n<p>\u201cO governo Lula vai monitorar seus gastos. E o Pix n\u00e3o ser\u00e1 taxado, mas \u00e9 sempre bom lembrar. A comprinha da China n\u00e3o seria taxada, mas foi. N\u00e3o ia ter sigilo, mas teve. Voc\u00ea ia ser isento do Imposto de Renda, n\u00e3o vai&#8221;, afirmou o deputado do PL de Minas.\n<\/p>\n<p>&#8220;O Pix n\u00e3o ser\u00e1 taxado, mas n\u00e3o duvido que possa sim. Quem mais ser\u00e1 afetado por esta medida ser\u00e3o os trabalhadores, que ser\u00e3o monitorados como se fossem grandes sonegadores\u201d, prosseguiu Nikolas Ferreira.\n<\/p>\n<p>Esse tipo de informa\u00e7\u00e3o estava viralizando principalmente em grupos de trabalhadores informais, um segmento que votou em Bolsonaro e o governo Lula tenta atrair.<\/p>\n<p>Fonte: g1              <\/p>\n<\/div>\n<p><br \/>\n<br \/><a href=\"https:\/\/diariodobrasilnoticias.com.br\/noticia\/interlocutores-de-lula-avaliam-que-governo-cometeu-erros-tanto-no-inicio-quanto-no-fim-da-polemica-do-pix-67890f58d23f9\">Source link <\/a><\/p>","protected":false},"excerpt":{"rendered":"<p>O governo errou no come\u00e7o e no fim da pol\u00eamica do PIX. Errou ao lan\u00e7ar a medida sem explic\u00e1-la e calcular o impacto que ela teria sobre a popula\u00e7\u00e3o. Tamb\u00e9m&hellip;<\/p>","protected":false},"author":1,"featured_media":92426,"comment_status":"closed","ping_status":"open","sticky":false,"template":"","format":"standard","meta":{"content-type":"","footnotes":""},"categories":[16],"tags":[123,2448,5313,1267],"class_list":["post-92425","post","type-post","status-publish","format-standard","has-post-thumbnail","hentry","category-noticias","tag-brasil","tag-diario","tag-noticia","tag-noticias"],"_links":{"self":[{"href":"https:\/\/tvbrazilusa.com\/pt\/wp-json\/wp\/v2\/posts\/92425","targetHints":{"allow":["GET"]}}],"collection":[{"href":"https:\/\/tvbrazilusa.com\/pt\/wp-json\/wp\/v2\/posts"}],"about":[{"href":"https:\/\/tvbrazilusa.com\/pt\/wp-json\/wp\/v2\/types\/post"}],"author":[{"embeddable":true,"href":"https:\/\/tvbrazilusa.com\/pt\/wp-json\/wp\/v2\/users\/1"}],"replies":[{"embeddable":true,"href":"https:\/\/tvbrazilusa.com\/pt\/wp-json\/wp\/v2\/comments?post=92425"}],"version-history":[{"count":1,"href":"https:\/\/tvbrazilusa.com\/pt\/wp-json\/wp\/v2\/posts\/92425\/revisions"}],"predecessor-version":[{"id":92427,"href":"https:\/\/tvbrazilusa.com\/pt\/wp-json\/wp\/v2\/posts\/92425\/revisions\/92427"}],"wp:featuredmedia":[{"embeddable":true,"href":"https:\/\/tvbrazilusa.com\/pt\/wp-json\/wp\/v2\/media\/92426"}],"wp:attachment":[{"href":"https:\/\/tvbrazilusa.com\/pt\/wp-json\/wp\/v2\/media?parent=92425"}],"wp:term":[{"taxonomy":"category","embeddable":true,"href":"https:\/\/tvbrazilusa.com\/pt\/wp-json\/wp\/v2\/categories?post=92425"},{"taxonomy":"post_tag","embeddable":true,"href":"https:\/\/tvbrazilusa.com\/pt\/wp-json\/wp\/v2\/tags?post=92425"}],"curies":[{"name":"wp","href":"https:\/\/api.w.org\/{rel}","templated":true}]}}