{"id":92431,"date":"2025-01-16T16:15:50","date_gmt":"2025-01-16T16:15:50","guid":{"rendered":"https:\/\/tvbrazilusa.com\/2025\/01\/16\/quem-voltou-para-casa-nas-forcas-especiais-ontem-a-noite\/"},"modified":"2025-01-16T16:26:42","modified_gmt":"2025-01-16T16:26:42","slug":"quem-voltou-para-casa-nas-forcas-especiais-ontem-a-noite","status":"publish","type":"post","link":"https:\/\/tvbrazilusa.com\/pt\/2025\/01\/16\/quem-voltou-para-casa-nas-forcas-especiais-ontem-a-noite\/","title":{"rendered":"Quem voltou para casa nas &#8216;For\u00e7as Especiais&#8217; ontem \u00e0 noite?"},"content":{"rendered":"<p> <script async src=\"https:\/\/pagead2.googlesyndication.com\/pagead\/js\/adsbygoogle.js?client=ca-pub-8864793242727901\"\r\n     crossorigin=\"anonymous\"><\/script><br \/>\n<\/p>\n<div>\n<p class=\"article__paragraph article__paragraph--left\" id=\"FYWTTRPBT5C4XO5TYO2Z7K56KM\">3\u00aa temporada de \u201c<a href=\"https:\/\/go.skimresources.com?id=126006X1587338&#038;xs=1&#038;url=https%3A%2F%2Fwww.hulu.com%2Fseries%2Fspecial-forces-worlds-toughest-test-1664fac7-0c95-47c6-85d1-2135ec2af1a9\" target=\"_blank\">For\u00e7as Especiais: o teste mais dif\u00edcil do mundo<\/a>\u201dContinua a levar seus concorrentes famosos ao limite.<\/p>\n<p class=\"article__paragraph article__paragraph--left\" id=\"PHJOTTITGJETNFY6275OZBBOPY\">Metade dos recrutas desta temporada j\u00e1 abandonaram o curso \u2013 que foi projetado para replicar uma sele\u00e7\u00e3o real das For\u00e7as Especiais dos Estados Unidos \u2013 e apenas dois epis\u00f3dios foram ao ar.<\/p>\n<p class=\"article__paragraph article__paragraph--left\" id=\"XZ7MARSNOJHSXB4AYTEIHITJ6A\">Dos oito <a href=\"https:\/\/www.nj.com\/entertainment\/2025\/01\/who-has-gone-home-on-special-forces-worlds-toughest-test-season-3.html\" target=\"_blank\">competidores que voltaram para casa na 3\u00aa temporada de \u201cFor\u00e7as Especiais<\/a>\u201d, cinco impressionantes restantes durante o epis\u00f3dio 2, que foi ao ar na quarta-feira, 15 de janeiro.<\/p>\n<p class=\"article__paragraph article__paragraph--left\" id=\"G34IOA52AZEUBDYEJ35ECZDURM\">Continue rolando para ver quais recrutas deixaram o quartel durante o epis\u00f3dio 2 da 3\u00aa temporada de \u201cFor\u00e7as Especiais\u201d:<\/p>\n<h3 class=\"article-heading\">Trista Sutter, retirada volunt\u00e1ria<\/h3>\n<figure class=\"article__image\">\n<div class=\"article__image-wrapper\"><picture><source media=\"(max-width: 500px)\" srcset=\"https:\/\/www.nj.com\/resizer\/v2\/EPUY4V5IPVHWJIV2LUOSNXOCQA.jpg?auth=64f3158e70b7b93b09efbba62ef8b5d877d658400be2985fd3c4d17f401a79d0&#038;width=500&#038;quality=90 500w\"\/><source media=\"(max-width: 800px)\" srcset=\"https:\/\/www.nj.com\/resizer\/v2\/EPUY4V5IPVHWJIV2LUOSNXOCQA.jpg?auth=64f3158e70b7b93b09efbba62ef8b5d877d658400be2985fd3c4d17f401a79d0&#038;width=800&#038;quality=90 800w\"\/><source srcset=\"https:\/\/www.nj.com\/resizer\/v2\/EPUY4V5IPVHWJIV2LUOSNXOCQA.jpg?auth=64f3158e70b7b93b09efbba62ef8b5d877d658400be2985fd3c4d17f401a79d0&#038;width=1280&#038;quality=90 1280w\"\/><\/picture><figcaption class=\"article__image-caption\">\n<p class=\"article__mm-image-caption-text\">Trista Sutter retirou-se voluntariamente das &#8220;For\u00e7as Especiais: o teste mais dif\u00edcil do mundo&#8221;.<span class=\"article__mm-image-credit\">Richard Shotwell\/Invision\/AP<\/span><\/p>\n<\/figcaption><\/div>\n<\/figure>\n<p class=\"article__paragraph article__paragraph--left\" id=\"OTNQN6HHBZGWFEIBR2PSTCBEDU\">A ex-solteira foi a primeira v\u00edtima do epis\u00f3dio.<\/p>\n<p class=\"article__paragraph article__paragraph--left\" id=\"LWD232WM5RE6LBTMPRDVLBXRQA\">Durante o epis\u00f3dio 1, ela teve dificuldades com um exerc\u00edcio em grupo que envolvia dar os bra\u00e7os e mergulhar de costas na \u00e1gua gelada do oceano. O exerc\u00edcio foi projetado para ajudar os recrutas a manter a calma em uma situa\u00e7\u00e3o em que pare\u00e7a que est\u00e3o se afogando.<\/p>\n<p class=\"article__paragraph article__paragraph--left\" id=\"AX42NS7MNFCGPDYSC7UVE5532I\">Denise Richards retirou-se voluntariamente no meio do exerc\u00edcio, mas Sutter conseguiu resistir. Na manh\u00e3 seguinte, por\u00e9m, ela decidiu que j\u00e1 estava farta.<\/p>\n<p class=\"article__paragraph article__paragraph--left\" id=\"LAFHGN5KTBBUNOM2OOYA4NEDKQ\">O epis\u00f3dio 2 come\u00e7ou com Sutter decidindo se retirar. Mais tarde ela contou <a href=\"https:\/\/www.tvinsider.com\/1171016\/trista-sutter-special-forces-worlds-toughest-test-fox\/\" target=\"_blank\">TVInsider <\/a>que ela \u201centrou em choque hipot\u00e9rmico\u201d como resultado do exerc\u00edcio em grupo.<\/p>\n<p class=\"article__paragraph article__paragraph--left\" id=\"5DHBCFAQHBHZ7JPHF4AED6BSDI\">\u201cEu n\u00e3o conseguia levantar a cabe\u00e7a e meu queixo estava travado, o que foi realmente assustador para mim. [Fellow recruit] Cristiane [Carlson Romano] estava no ve\u00edculo comigo e disse: &#8216;Voc\u00ea est\u00e1 ficando azul. Suba no meu colo&#8217;\u201d, lembrou Sutter. \u201cFoi realmente assustador.\u201d<\/p>\n<h3 class=\"article-heading\">Jordyn Wieber, retirada volunt\u00e1ria<\/h3>\n<figure class=\"article__image\">\n<div class=\"article__image-wrapper\"><picture><source media=\"(max-width: 500px)\" srcset=\"https:\/\/www.nj.com\/resizer\/v2\/JPCVQKT6SZH7DHNOVR66BYWYCM.jpg?auth=bcf34c5167798371b125dc6736e596715a385393221bab03807e5cbcc4a48afa&#038;width=500&#038;quality=90 500w\"\/><source media=\"(max-width: 800px)\" srcset=\"https:\/\/www.nj.com\/resizer\/v2\/JPCVQKT6SZH7DHNOVR66BYWYCM.jpg?auth=bcf34c5167798371b125dc6736e596715a385393221bab03807e5cbcc4a48afa&#038;width=800&#038;quality=90 800w\"\/><source srcset=\"https:\/\/www.nj.com\/resizer\/v2\/JPCVQKT6SZH7DHNOVR66BYWYCM.jpg?auth=bcf34c5167798371b125dc6736e596715a385393221bab03807e5cbcc4a48afa&#038;width=1280&#038;quality=90 1280w\"\/><img loading=\"lazy\" src=\"https:\/\/www.nj.com\/resizer\/v2\/JPCVQKT6SZH7DHNOVR66BYWYCM.jpg?auth=bcf34c5167798371b125dc6736e596715a385393221bab03807e5cbcc4a48afa&#038;width=500&#038;quality=90\" sizes=\"auto, 50vw\" fetchpriority=\"low\" alt=\"Jordyn Wieber\" decoding=\"async\" class=\"article__image-content\" height=\"600\" width=\"300\"\/><\/picture><figcaption class=\"article__image-caption\">\n<p class=\"article__mm-image-caption-text\">Jordyn Wieber lutou contra o medo da \u00e1gua em \u201cFor\u00e7as Especiais\u201d.<span class=\"article__mm-image-credit\">Richard Shotwell\/Invision\/AP<\/span><\/p>\n<\/figcaption><\/div>\n<\/figure>\n<p class=\"article__paragraph article__paragraph--left\" id=\"2KAV6GAAUFFDVDOUYEDPIGWWRM\">A ex-ginasta ol\u00edmpica tamb\u00e9m teve dificuldades com o exerc\u00edcio de grupo de bra\u00e7os dados, reclamando que n\u00e3o conseguia respirar. Wieber finalmente resistiu e ficou, mas percebeu que seu medo de se afogar poderia impedi-la em miss\u00f5es futuras.<\/p>\n<p class=\"article__paragraph article__paragraph--left\" id=\"3OITZ7TM5BHMXJSDO6T33UKYUA\">Com certeza, os recrutas foram encarregados de recuperar uma caixa do fundo de um barco que estava afundando no epis\u00f3dio 2. Wieber decidiu que a miss\u00e3o estava muito fora de sua zona de conforto e retirou-se voluntariamente.<\/p>\n<h3 class=\"article-heading\">Marion Jones, abstin\u00eancia m\u00e9dica<\/h3>\n<figure class=\"article__image\">\n<div class=\"article__image-wrapper\"><picture><source media=\"(max-width: 500px)\" srcset=\"https:\/\/www.nj.com\/resizer\/v2\/IAYJO2WLUBE35OMJFUQDLAUYGA.jpg?auth=46d78f9830c2daecfa0c8ee7bffb0e8844272eb21c757a2ce6623f47fb951ee7&#038;width=500&#038;quality=90 500w\"\/><source media=\"(max-width: 800px)\" srcset=\"https:\/\/www.nj.com\/resizer\/v2\/IAYJO2WLUBE35OMJFUQDLAUYGA.jpg?auth=46d78f9830c2daecfa0c8ee7bffb0e8844272eb21c757a2ce6623f47fb951ee7&#038;width=800&#038;quality=90 800w\"\/><source srcset=\"https:\/\/www.nj.com\/resizer\/v2\/IAYJO2WLUBE35OMJFUQDLAUYGA.jpg?auth=46d78f9830c2daecfa0c8ee7bffb0e8844272eb21c757a2ce6623f47fb951ee7&#038;width=1280&#038;quality=90 1280w\"\/><img loading=\"lazy\" src=\"https:\/\/www.nj.com\/resizer\/v2\/IAYJO2WLUBE35OMJFUQDLAUYGA.jpg?auth=46d78f9830c2daecfa0c8ee7bffb0e8844272eb21c757a2ce6623f47fb951ee7&#038;width=500&#038;quality=90\" sizes=\"auto, 50vw\" fetchpriority=\"low\" alt=\"Marion Jones\" decoding=\"async\" class=\"article__image-content\" height=\"600\" width=\"300\"\/><\/picture><figcaption class=\"article__image-caption\">\n<p class=\"article__mm-image-caption-text\">Marion Jones machucou as costelas durante seu tempo nas \u201cFor\u00e7as Especiais\u201d.<span class=\"article__mm-image-credit\">Richard Shotwell\/Invision\/AP<\/span><\/p>\n<\/figcaption><\/div>\n<\/figure>\n<p class=\"article__paragraph article__paragraph--left\" id=\"C7UOB6ANGFCTLKLN756I6IRL5E\">A ex-atleta ol\u00edmpica de atletismo deu o seu melhor durante uma intensa miss\u00e3o de combate corpo a corpo, mas machucou as costelas ao enfrentar Kayla Nicole.<\/p>\n<p class=\"article__paragraph article__paragraph--left\" id=\"OVESHQDNERC2XFFJWYT3S3UIXM\">Depois que Jones reclamou que n\u00e3o conseguia respirar, os m\u00e9dicos a examinaram e ela foi retirada clinicamente.<\/p>\n<h3 class=\"article-heading\">Nathan Adrian, abstin\u00eancia m\u00e9dica<\/h3>\n<figure class=\"article__image\">\n<div class=\"article__image-wrapper\"><picture><source media=\"(max-width: 500px)\" srcset=\"https:\/\/www.nj.com\/resizer\/v2\/LPYKLUZITZAM5A6ES3GVLDHX5M.jpg?auth=86d9618ec175fac2045d5f97efa50df4e67b3c5fa36c2f4a2840dc0d11ef888a&#038;width=500&#038;quality=90 500w\"\/><source media=\"(max-width: 800px)\" srcset=\"https:\/\/www.nj.com\/resizer\/v2\/LPYKLUZITZAM5A6ES3GVLDHX5M.jpg?auth=86d9618ec175fac2045d5f97efa50df4e67b3c5fa36c2f4a2840dc0d11ef888a&#038;width=800&#038;quality=90 800w\"\/><source srcset=\"https:\/\/www.nj.com\/resizer\/v2\/LPYKLUZITZAM5A6ES3GVLDHX5M.jpg?auth=86d9618ec175fac2045d5f97efa50df4e67b3c5fa36c2f4a2840dc0d11ef888a&#038;width=1280&#038;quality=90 1280w\"\/><img loading=\"lazy\" src=\"https:\/\/www.nj.com\/resizer\/v2\/LPYKLUZITZAM5A6ES3GVLDHX5M.jpg?auth=86d9618ec175fac2045d5f97efa50df4e67b3c5fa36c2f4a2840dc0d11ef888a&#038;width=500&#038;quality=90\" sizes=\"auto, 50vw\" fetchpriority=\"low\" alt=\"Nathan Adriano\" decoding=\"async\" class=\"article__image-content\" height=\"600\" width=\"300\"\/><\/picture><figcaption class=\"article__image-caption\">\n<p class=\"article__mm-image-caption-text\">A luta de Nathan Adrian com Cam Newton tornou-se sangrenta em \u201cFor\u00e7as Especiais\u201d.<span class=\"article__mm-image-credit\">Richard Shotwell\/Invision\/AP<\/span><\/p>\n<\/figcaption><\/div>\n<\/figure>\n<p class=\"article__paragraph article__paragraph--left\" id=\"TC5ZXWJGSNBMJPI4YU2RFDVSJQ\">Adrian tamb\u00e9m ficou ferido durante a miss\u00e3o de combate corpo a corpo. Depois que Cam Newton lhe deu um soco no rosto, o nariz do nadador ol\u00edmpico come\u00e7ou a sangrar.<\/p>\n<p class=\"article__paragraph article__paragraph--left\" id=\"JTA3PVBTKRES5NQOVPUGWEJ25I\">Os m\u00e9dicos ent\u00e3o determinaram que Adrian teria que abandonar o curso.<\/p>\n<h3 class=\"article-heading\">Landon Donovan, abstin\u00eancia m\u00e9dica<\/h3>\n<figure class=\"article__image\">\n<div class=\"article__image-wrapper\"><picture><source media=\"(max-width: 500px)\" srcset=\"https:\/\/www.nj.com\/resizer\/v2\/2GONDXRDNNH4NI3B2EWFF6T3CA.jpg?auth=2e1c47825ffd5f1335d24e83b4a1d283a856c48459d57cc7ea73dcd205884376&#038;width=500&#038;quality=90 500w\"\/><source media=\"(max-width: 800px)\" srcset=\"https:\/\/www.nj.com\/resizer\/v2\/2GONDXRDNNH4NI3B2EWFF6T3CA.jpg?auth=2e1c47825ffd5f1335d24e83b4a1d283a856c48459d57cc7ea73dcd205884376&#038;width=800&#038;quality=90 800w\"\/><source srcset=\"https:\/\/www.nj.com\/resizer\/v2\/2GONDXRDNNH4NI3B2EWFF6T3CA.jpg?auth=2e1c47825ffd5f1335d24e83b4a1d283a856c48459d57cc7ea73dcd205884376&#038;width=1280&#038;quality=90 1280w\"\/><img loading=\"lazy\" src=\"https:\/\/www.nj.com\/resizer\/v2\/2GONDXRDNNH4NI3B2EWFF6T3CA.jpg?auth=2e1c47825ffd5f1335d24e83b4a1d283a856c48459d57cc7ea73dcd205884376&#038;width=500&#038;quality=90\" sizes=\"auto, 50vw\" fetchpriority=\"low\" alt=\"Landon Donovan\" decoding=\"async\" class=\"article__image-content\" height=\"600\" width=\"300\"\/><\/picture><figcaption class=\"article__image-caption\">\n<p class=\"article__mm-image-caption-text\">Landon Donovan foi a terceira pessoa a ser retirada clinicamente ap\u00f3s a miss\u00e3o de combate corpo a corpo nas &#8220;For\u00e7as Especiais&#8221;.<span class=\"article__mm-image-credit\">PA<\/span><\/p>\n<\/figcaption><\/div>\n<\/figure>\n<p class=\"article__paragraph article__paragraph--left\" id=\"NYKWEHJRPRFFXLC6NO2VMHRHYE\">Assim como Jones, Donovan machucou as costelas durante o combate corpo a corpo. Enquanto Jones e Adrian eram mandados para casa no local da miss\u00e3o, Donovan voltou ao quartel antes de ir ver o m\u00e9dico.<\/p>\n<p class=\"article__paragraph article__paragraph--left\" id=\"CPYH7J4FJRBDFO5AJ5EU4JC6SI\">O ex-jogador de futebol foi ent\u00e3o informado que teria que abandonar o curso devido \u00e0 grande possibilidade de ter fraturado as costelas.<\/p>\n<p class=\"article__paragraph article__paragraph--left\" id=\"DTJSP77GABB6DEKYWUZMZTSNJU\"><i>\u201cFor\u00e7as Especiais: o teste mais dif\u00edcil do mundo\u201d vai ao ar na FOX \u00e0s quartas-feiras \u00e0s 20h EST.<\/i><\/p>\n<section class=\"Stories-By-Section-Tag-module_wrapper__69Ed7 Stories-By-Section-Tag-module_nj__RFbQx\"\/>\n<p class=\"article__paragraph article__paragraph--left\" id=\"BDPGCWR42NDRJOYBF274ECO6ZI\">Nosso jornalismo precisa do seu apoio. Por favor, inscreva-se hoje para <a href=\"https:\/\/www.nj.com\/\" target=\"_blank\">NJ.com<\/a>.<\/p>\n<p class=\"article__paragraph article__paragraph--left\" id=\"F2J7J6JTNNDD3LO5C5VYDDBTL4\">Tem uma dica? Conte-nos em <a href=\"https:\/\/www.nj.com\/news\/2017\/04\/how_to_safely_and_securely_send_us_a_tip.html\" target=\"_blank\">nj.com\/tips\/<\/a>.<\/p>\n<\/div>\n<p><br \/>\n<br \/><a href=\"https:\/\/www.nj.com\/tv\/2025\/01\/who-went-home-on-special-forces-last-night.html\">Source link <\/a><\/p>","protected":false},"excerpt":{"rendered":"<p>3\u00aa temporada de \u201cFor\u00e7as Especiais: o teste mais dif\u00edcil do mundo\u201dContinua a levar seus concorrentes famosos ao limite. Metade dos recrutas desta temporada j\u00e1 abandonaram o curso \u2013 que foi&hellip;<\/p>","protected":false},"author":1,"featured_media":92432,"comment_status":"closed","ping_status":"open","sticky":false,"template":"","format":"standard","meta":{"content-type":"","footnotes":""},"categories":[1],"tags":[],"class_list":["post-92431","post","type-post","status-publish","format-standard","has-post-thumbnail","hentry","category-uncategorized"],"_links":{"self":[{"href":"https:\/\/tvbrazilusa.com\/pt\/wp-json\/wp\/v2\/posts\/92431","targetHints":{"allow":["GET"]}}],"collection":[{"href":"https:\/\/tvbrazilusa.com\/pt\/wp-json\/wp\/v2\/posts"}],"about":[{"href":"https:\/\/tvbrazilusa.com\/pt\/wp-json\/wp\/v2\/types\/post"}],"author":[{"embeddable":true,"href":"https:\/\/tvbrazilusa.com\/pt\/wp-json\/wp\/v2\/users\/1"}],"replies":[{"embeddable":true,"href":"https:\/\/tvbrazilusa.com\/pt\/wp-json\/wp\/v2\/comments?post=92431"}],"version-history":[{"count":1,"href":"https:\/\/tvbrazilusa.com\/pt\/wp-json\/wp\/v2\/posts\/92431\/revisions"}],"predecessor-version":[{"id":92433,"href":"https:\/\/tvbrazilusa.com\/pt\/wp-json\/wp\/v2\/posts\/92431\/revisions\/92433"}],"wp:featuredmedia":[{"embeddable":true,"href":"https:\/\/tvbrazilusa.com\/pt\/wp-json\/wp\/v2\/media\/92432"}],"wp:attachment":[{"href":"https:\/\/tvbrazilusa.com\/pt\/wp-json\/wp\/v2\/media?parent=92431"}],"wp:term":[{"taxonomy":"category","embeddable":true,"href":"https:\/\/tvbrazilusa.com\/pt\/wp-json\/wp\/v2\/categories?post=92431"},{"taxonomy":"post_tag","embeddable":true,"href":"https:\/\/tvbrazilusa.com\/pt\/wp-json\/wp\/v2\/tags?post=92431"}],"curies":[{"name":"wp","href":"https:\/\/api.w.org\/{rel}","templated":true}]}}