{"id":92434,"date":"2025-01-16T16:34:21","date_gmt":"2025-01-16T16:34:21","guid":{"rendered":"https:\/\/tvbrazilusa.com\/2025\/01\/16\/pix-governo-enfrenta-dupla-derrota-revela-fragilidade-e-desgaste-a-dois-anos-das-eleicoes\/"},"modified":"2025-01-16T16:34:22","modified_gmt":"2025-01-16T16:34:22","slug":"pix-governo-enfrenta-dupla-derrota-revela-fragilidade-e-desgaste-a-dois-anos-das-eleicoes","status":"publish","type":"post","link":"https:\/\/tvbrazilusa.com\/pt\/2025\/01\/16\/pix-governo-enfrenta-dupla-derrota-revela-fragilidade-e-desgaste-a-dois-anos-das-eleicoes\/","title":{"rendered":"PIX: Governo enfrenta dupla derrota, revela fragilidade e desgaste a dois anos das elei\u00e7\u00f5es"},"content":{"rendered":"<p> <script async src=\"https:\/\/pagead2.googlesyndication.com\/pagead\/js\/adsbygoogle.js?client=ca-pub-8864793242727901\"\r\n     crossorigin=\"anonymous\"><\/script><br \/>\n<\/p>\n<div id=\"taboola-read-more\" style=\"display:block; width:100%\">\n<p>O governo Lula 3 conseguiu a proeza de colher uma dupla derrota num epis\u00f3dio para o qual nem se apresentou para disputa pol\u00edtica com a oposi\u00e7\u00e3o. A avalia\u00e7\u00e3o \u00e9 corrente nos bastidores entre aliados e advers\u00e1rios que assistem o dia seguinte de uma vit\u00f3ria retumbante de ala estridente da oposi\u00e7\u00e3o sobre mudan\u00e7as que nem chegaram a ser implementadas na fiscaliza\u00e7\u00e3o da Receita Federal sobre movimenta\u00e7\u00f5es do sistema de pagamentos mais usado do pa\u00eds hoje: o PIX.\n<\/p>\n<p>O blog ouviu integrantes do governo, da base, da oposi\u00e7\u00e3o e marqueteiros. O entendimento \u00e9 o de que o Planalto demonstrou fragilidade, inaptid\u00e3o e ainda ampliou o poder de fogo e depend\u00eancia de um centr\u00e3o que j\u00e1 prega uma reforma ministerial mais ampla do que a que Lula sinaliza inten\u00e7\u00e3o em fazer.<\/p>\n<p>&#8220;O recuo, da forma como foi feito, demonstrou uma fragilidade do governo como h\u00e1 muito tempo eu n\u00e3o via&#8221;, resume o presidente do PP, senador Ciro Nogueira (PP-PI). &#8220;O problema, para mim, n\u00e3o \u00e9 s\u00f3 de comunica\u00e7\u00e3o. \u00c9 o Lula. Ele parece estar de saco cheio, sem apetite para governar. Est\u00e1 blindado. Os problemas chegam na sala dele quando j\u00e1 \u00e9 muito tarde para decidir&#8221;, conclui.<br \/>Aliados do governo poupam o presidente, mas reconhecem que o epis\u00f3dio causou um bate cabe\u00e7a como h\u00e1 muito n\u00e3o se via, expondo os principais agentes da Esplanada a uma derrota acachapante diante da ala mais estridente da oposi\u00e7\u00e3o.\n<\/p>\n<p>A imensa propaga\u00e7\u00e3o de fake news \u00e9 apontada como fator determinante para o saldo final do epis\u00f3dio, mas n\u00e3o s\u00f3. &#8220;Existe um ambiente irreal criado pelas redes, mas o governo mexeu com a base da pir\u00e2mide. O pedreiro, a faxineira, os personagens que s\u00e3o de fundamental import\u00e2ncia e que agora est\u00e3o em p\u00e2nico. Essas pessoas receberam uma &#8216;fake news&#8217; da extrema direita sobre o PIX e ficaram desconfiadas. Mas, agora, elas acham que era verdade. Tanto era verdade, que o governo recuou&#8221;, analisa um especialista em comunica\u00e7\u00e3o pr\u00f3ximo a ministros de Lula.\n<\/p>\n<p>&#8220;Recuar de um erro pode ser merit\u00f3rio, mas nesse caso faltou mesmo foi coordena\u00e7\u00e3o pol\u00edtica. No fim, o Lula mandou um recado para o eleitor dele, que hoje est\u00e1 sendo humilhado por ter &#8216;feito o L&#8217;. \u00c9 um erro grosseiro&#8221;, resume.<br \/>A burocracia da Fazenda decidiu ampliar a fiscaliza\u00e7\u00e3o sobre transi\u00e7\u00f5es acima de R$ 5 mil feitas em PIX, mirando sonegadores fiscais. \u00c0 medida, somaram-se uma s\u00e9rie de desinforma\u00e7\u00f5es, que tratavam a decis\u00e3o somo uma &#8220;taxa\u00e7\u00e3o do PIX&#8221;, o que era falso. &#8220;No fim, se era merit\u00f3rio, cercar lavagem de dinheiro e sonega\u00e7\u00e3o, era preciso contar uma hist\u00f3ria pras pessoas. Uma conversa com o eleitor. Faltou conversar com a sociedade&#8221;, explica o marqueteiro.\n<\/p>\n<p>O governo ontem derrubou a medida, atribuindo o recuo a fake news, sem nem sequer defender a norma editada por ele mesmo no campo da comunica\u00e7\u00e3o ou no da pol\u00edtica.\n<\/p>\n<p>A sa\u00edda de cena envergonhada da determina\u00e7\u00e3o editada pela Receita ficou na conta do deputado Nikolas Ferreira (PL-MG), autor de um v\u00eddeo com mais de 200 milh\u00f5es de visualiza\u00e7\u00f5es sobre o assunto. &#8220;Ele n\u00e3o aparece hoje como pr\u00e9-candidato \u00e0 Presid\u00eancia em 2026 porque n\u00e3o tem idade. Simples assim&#8221;, diz um pr\u00f3cer da direita. Nikolas tem 28 anos. A idade m\u00ednima para concorrer \u00e0 Presid\u00eancia \u00e9 35.\n<\/p>\n<p>Al\u00e9m da oposi\u00e7\u00e3o, ganha com o epis\u00f3dio o centr\u00e3o, que prega uma mudan\u00e7a profunda no minist\u00e9rio de Lula, para ampliar seus espa\u00e7os. &#8220;Ou faz uma virada em 60 dias ou n\u00e3o sei&#8221;, projeta o presidente do PP.<\/p>\n<p>Fonte: g1              <\/p>\n<\/div>\n<p><br \/>\n<br \/><a href=\"https:\/\/diariodobrasilnoticias.com.br\/noticia\/pix-governo-enfrenta-dupla-derrota-revela-fragilidade-e-desgaste-a-dois-anos-das-eleicoes-67890ead2ea4c\">Source link <\/a><\/p>","protected":false},"excerpt":{"rendered":"<p>O governo Lula 3 conseguiu a proeza de colher uma dupla derrota num epis\u00f3dio para o qual nem se apresentou para disputa pol\u00edtica com a oposi\u00e7\u00e3o. A avalia\u00e7\u00e3o \u00e9 corrente&hellip;<\/p>","protected":false},"author":1,"featured_media":92435,"comment_status":"closed","ping_status":"open","sticky":false,"template":"","format":"standard","meta":{"content-type":"","footnotes":""},"categories":[16],"tags":[123,2448,5313,1267],"class_list":["post-92434","post","type-post","status-publish","format-standard","has-post-thumbnail","hentry","category-noticias","tag-brasil","tag-diario","tag-noticia","tag-noticias"],"_links":{"self":[{"href":"https:\/\/tvbrazilusa.com\/pt\/wp-json\/wp\/v2\/posts\/92434","targetHints":{"allow":["GET"]}}],"collection":[{"href":"https:\/\/tvbrazilusa.com\/pt\/wp-json\/wp\/v2\/posts"}],"about":[{"href":"https:\/\/tvbrazilusa.com\/pt\/wp-json\/wp\/v2\/types\/post"}],"author":[{"embeddable":true,"href":"https:\/\/tvbrazilusa.com\/pt\/wp-json\/wp\/v2\/users\/1"}],"replies":[{"embeddable":true,"href":"https:\/\/tvbrazilusa.com\/pt\/wp-json\/wp\/v2\/comments?post=92434"}],"version-history":[{"count":1,"href":"https:\/\/tvbrazilusa.com\/pt\/wp-json\/wp\/v2\/posts\/92434\/revisions"}],"predecessor-version":[{"id":92436,"href":"https:\/\/tvbrazilusa.com\/pt\/wp-json\/wp\/v2\/posts\/92434\/revisions\/92436"}],"wp:featuredmedia":[{"embeddable":true,"href":"https:\/\/tvbrazilusa.com\/pt\/wp-json\/wp\/v2\/media\/92435"}],"wp:attachment":[{"href":"https:\/\/tvbrazilusa.com\/pt\/wp-json\/wp\/v2\/media?parent=92434"}],"wp:term":[{"taxonomy":"category","embeddable":true,"href":"https:\/\/tvbrazilusa.com\/pt\/wp-json\/wp\/v2\/categories?post=92434"},{"taxonomy":"post_tag","embeddable":true,"href":"https:\/\/tvbrazilusa.com\/pt\/wp-json\/wp\/v2\/tags?post=92434"}],"curies":[{"name":"wp","href":"https:\/\/api.w.org\/{rel}","templated":true}]}}