{"id":92440,"date":"2025-01-16T16:57:24","date_gmt":"2025-01-16T16:57:24","guid":{"rendered":"https:\/\/tvbrazilusa.com\/2025\/01\/16\/idosos-sao-assaltados-em-casa-de-veraneio-em-sp\/"},"modified":"2025-01-16T16:57:25","modified_gmt":"2025-01-16T16:57:25","slug":"idosos-sao-assaltados-em-casa-de-veraneio-em-sp","status":"publish","type":"post","link":"https:\/\/tvbrazilusa.com\/pt\/2025\/01\/16\/idosos-sao-assaltados-em-casa-de-veraneio-em-sp\/","title":{"rendered":"Idosos s\u00e3o assaltados em casa de veraneio em SP"},"content":{"rendered":"<p> <script async src=\"https:\/\/pagead2.googlesyndication.com\/pagead\/js\/adsbygoogle.js?client=ca-pub-8864793242727901\"\r\n     crossorigin=\"anonymous\"><\/script><br \/>\n<\/p>\n<div id=\"taboola-read-more\" style=\"display:block; width:100%\">\n<p>Um homem de 31 anos foi preso ap\u00f3s roubar o carro de um casal de idosos em Mongagu\u00e1, no litoral de S\u00e3o Paulo, enquanto chegavam a uma casa de veraneio. De acordo com o boletim de ocorr\u00eancia obtido pelo g1, o ve\u00edculo estava carregado com eletrodom\u00e9sticos, alimentos e itens pessoais.\n<\/p>\n<p>Em depoimento \u00e0 pol\u00edcia, as v\u00edtimas, de 61 e 67 anos, relataram que foram abordadas pelo criminoso ao chegarem ao im\u00f3vel no bairro Jardim Marab\u00e1, na noite de s\u00e1bado (11). O motorista foi surpreendido quando o homem se aproximou e disse: &#8220;Perdeu, perdeu, aqui \u00e9 do crime, quero o carro para fazer um servi\u00e7o.&#8221;<\/p>\n<p>Dentro do ve\u00edculo, estavam diversos itens levados pelo casal para a viagem, como televis\u00e3o, ventilador, lavadora a jato, alimentos, bebidas e produtos de limpeza. Al\u00e9m disso, o criminoso fugiu com 40 pe\u00e7as de roupas de cama, mesa e banho, al\u00e9m das carteiras das v\u00edtimas.\n<\/p>\n<p>Ap\u00f3s o roubo, os vizinhos ajudaram o casal a chegar a uma base da Pol\u00edcia Militar (PM), onde registraram o ocorrido. A PM ent\u00e3o acionou as equipes de patrulhamento, que conseguiram localizar o criminoso.\n<\/p>\n<p><strong>Pris\u00e3o<\/strong><br \/>Com base nas caracter\u00edsticas do autom\u00f3vel roubado, uma equipe da PM Rodovi\u00e1ria identificou o carro em uma via transversal na marginal da Rodovia Padre Manoel da N\u00f3brega. O motorista estava do lado de fora do autom\u00f3vel, mas logo notou a presen\u00e7a policial e entrou no carro para fugir.\n<\/p>\n<p>O homem acelerou o carro, chegou a subir no meio-fio e acabou entrando em uma rua sem sa\u00edda, onde foi abordado. Ele foi identificado como Everton Santos Pereira e confessou o crime.\n<\/p>\n<p>Os pertences das v\u00edtimas foram encontrados dentro do ve\u00edculo e devolvidos, mas a pol\u00edcia n\u00e3o encontrou nenhum tipo de armamento com o criminoso.\n<\/p>\n<p>Ap\u00f3s ser avaliado no Pronto-Socorro Central, Everton foi reconhecido pelo casal como o autor do roubo. O caso foi registrado como roubo e localiza\u00e7\u00e3o\/apreens\u00e3o de ve\u00edculo na Delegacia de Mongagu\u00e1.<\/p>\n<p>Fonte: g1              <\/p>\n<\/div>\n<p><br \/>\n<br \/><a href=\"https:\/\/diariodobrasilnoticias.com.br\/noticia\/idosos-sao-assaltados-em-casa-de-veraneio-em-sp-678910ad3e84c\">Source link <\/a><\/p>","protected":false},"excerpt":{"rendered":"<p>Um homem de 31 anos foi preso ap\u00f3s roubar o carro de um casal de idosos em Mongagu\u00e1, no litoral de S\u00e3o Paulo, enquanto chegavam a uma casa de veraneio.&hellip;<\/p>","protected":false},"author":1,"featured_media":92441,"comment_status":"closed","ping_status":"open","sticky":false,"template":"","format":"standard","meta":{"content-type":"","footnotes":""},"categories":[16],"tags":[123,2448,5313,1267],"class_list":["post-92440","post","type-post","status-publish","format-standard","has-post-thumbnail","hentry","category-noticias","tag-brasil","tag-diario","tag-noticia","tag-noticias"],"_links":{"self":[{"href":"https:\/\/tvbrazilusa.com\/pt\/wp-json\/wp\/v2\/posts\/92440","targetHints":{"allow":["GET"]}}],"collection":[{"href":"https:\/\/tvbrazilusa.com\/pt\/wp-json\/wp\/v2\/posts"}],"about":[{"href":"https:\/\/tvbrazilusa.com\/pt\/wp-json\/wp\/v2\/types\/post"}],"author":[{"embeddable":true,"href":"https:\/\/tvbrazilusa.com\/pt\/wp-json\/wp\/v2\/users\/1"}],"replies":[{"embeddable":true,"href":"https:\/\/tvbrazilusa.com\/pt\/wp-json\/wp\/v2\/comments?post=92440"}],"version-history":[{"count":1,"href":"https:\/\/tvbrazilusa.com\/pt\/wp-json\/wp\/v2\/posts\/92440\/revisions"}],"predecessor-version":[{"id":92442,"href":"https:\/\/tvbrazilusa.com\/pt\/wp-json\/wp\/v2\/posts\/92440\/revisions\/92442"}],"wp:featuredmedia":[{"embeddable":true,"href":"https:\/\/tvbrazilusa.com\/pt\/wp-json\/wp\/v2\/media\/92441"}],"wp:attachment":[{"href":"https:\/\/tvbrazilusa.com\/pt\/wp-json\/wp\/v2\/media?parent=92440"}],"wp:term":[{"taxonomy":"category","embeddable":true,"href":"https:\/\/tvbrazilusa.com\/pt\/wp-json\/wp\/v2\/categories?post=92440"},{"taxonomy":"post_tag","embeddable":true,"href":"https:\/\/tvbrazilusa.com\/pt\/wp-json\/wp\/v2\/tags?post=92440"}],"curies":[{"name":"wp","href":"https:\/\/api.w.org\/{rel}","templated":true}]}}