{"id":92443,"date":"2025-01-16T17:08:56","date_gmt":"2025-01-16T17:08:56","guid":{"rendered":"https:\/\/tvbrazilusa.com\/2025\/01\/16\/mulher-corajosa-que-lutou-com-o-ladrao-diz-que-correu-atras-dele-veja-video\/"},"modified":"2025-01-16T17:08:57","modified_gmt":"2025-01-16T17:08:57","slug":"mulher-corajosa-que-lutou-com-o-ladrao-diz-que-correu-atras-dele-veja-video","status":"publish","type":"post","link":"https:\/\/tvbrazilusa.com\/pt\/2025\/01\/16\/mulher-corajosa-que-lutou-com-o-ladrao-diz-que-correu-atras-dele-veja-video\/","title":{"rendered":"Mulher corajosa que lutou com o ladr\u00e3o diz que correu atr\u00e1s dele; VEJA V\u00cdDEO"},"content":{"rendered":"<p> <script async src=\"https:\/\/pagead2.googlesyndication.com\/pagead\/js\/adsbygoogle.js?client=ca-pub-8864793242727901\"\r\n     crossorigin=\"anonymous\"><\/script><br \/>\n<\/p>\n<div id=\"taboola-read-more\" style=\"display:block; width:100%\">\n<p>Uma agente de viagens demonstrou coragem corajosa ao reagir a uma tentativa de assalto durante seu expediente nesta quarta-feira (15).<\/p>\n<p>Ap\u00f3s lutar com o bandido e ajudar a Guarda Civil Municipal (GCM) a prend\u00ea-lo, ela concedeu uma entrevista exclusiva ao BacciNot\u00edcias.<\/p>\n<p>O incidente, flagrado pelas c\u00e2meras de seguran\u00e7a, mostra a determina\u00e7\u00e3o da profissional em enfrentar o ladr\u00e3o.<\/p>\n<p>O assaltante, que havia simulado ser um cliente ao solicitar um or\u00e7amento de viagem, anunciou o assalto no momento em que a mulher entregou as informa\u00e7\u00f5es. Ao perceber que ele n\u00e3o estava armado, a agente decidiu reagir, iniciando um confronto f\u00edsico em que trocaram socos.<\/p>\n<p>Embora o ladr\u00e3o tenha conseguido fugir inicialmente, a mulher n\u00e3o hesitou e correu atr\u00e1s dele, pedindo ajuda. A r\u00e1pida a\u00e7\u00e3o da GCM resultou na pris\u00e3o do homem, que alegou estar arrependido durante a deten\u00e7\u00e3o. No entanto, a agente n\u00e3o acredita na vers\u00e3o \u201cboazinha\u201d do ladr\u00e3o, enfatizando a seriedade da situa\u00e7\u00e3o.<\/p>\n<p>Durante o assalto, o ladr\u00e3o levou o celular da v\u00edtima, mas o aparelho foi recuperado pela GCM. O epis\u00f3dio destaca tanto a preocupa\u00e7\u00e3o crescente com a seguran\u00e7a no com\u00e9rcio quanto o hero\u00edsmo de cidad\u00e3os comuns diante de situa\u00e7\u00f5es de risco.\n<\/p>\n<p>ASSISTA:<\/p>\n<p>Fonte: @luizbacci              <\/p>\n<\/div>\n<p><br \/>\n<br \/><a href=\"https:\/\/diariodobrasilnoticias.com.br\/noticia\/mulher-corajosa-que-lutou-com-o-ladrao-diz-que-correu-atras-dele-veja-video-67891788e1d72\">Source link <\/a><\/p>","protected":false},"excerpt":{"rendered":"<p>Uma agente de viagens demonstrou coragem corajosa ao reagir a uma tentativa de assalto durante seu expediente nesta quarta-feira (15). Ap\u00f3s lutar com o bandido e ajudar a Guarda Civil&hellip;<\/p>","protected":false},"author":1,"featured_media":92444,"comment_status":"closed","ping_status":"open","sticky":false,"template":"","format":"standard","meta":{"content-type":"","footnotes":""},"categories":[16],"tags":[123,2448,5313,1267],"class_list":["post-92443","post","type-post","status-publish","format-standard","has-post-thumbnail","hentry","category-noticias","tag-brasil","tag-diario","tag-noticia","tag-noticias"],"_links":{"self":[{"href":"https:\/\/tvbrazilusa.com\/pt\/wp-json\/wp\/v2\/posts\/92443","targetHints":{"allow":["GET"]}}],"collection":[{"href":"https:\/\/tvbrazilusa.com\/pt\/wp-json\/wp\/v2\/posts"}],"about":[{"href":"https:\/\/tvbrazilusa.com\/pt\/wp-json\/wp\/v2\/types\/post"}],"author":[{"embeddable":true,"href":"https:\/\/tvbrazilusa.com\/pt\/wp-json\/wp\/v2\/users\/1"}],"replies":[{"embeddable":true,"href":"https:\/\/tvbrazilusa.com\/pt\/wp-json\/wp\/v2\/comments?post=92443"}],"version-history":[{"count":1,"href":"https:\/\/tvbrazilusa.com\/pt\/wp-json\/wp\/v2\/posts\/92443\/revisions"}],"predecessor-version":[{"id":92445,"href":"https:\/\/tvbrazilusa.com\/pt\/wp-json\/wp\/v2\/posts\/92443\/revisions\/92445"}],"wp:featuredmedia":[{"embeddable":true,"href":"https:\/\/tvbrazilusa.com\/pt\/wp-json\/wp\/v2\/media\/92444"}],"wp:attachment":[{"href":"https:\/\/tvbrazilusa.com\/pt\/wp-json\/wp\/v2\/media?parent=92443"}],"wp:term":[{"taxonomy":"category","embeddable":true,"href":"https:\/\/tvbrazilusa.com\/pt\/wp-json\/wp\/v2\/categories?post=92443"},{"taxonomy":"post_tag","embeddable":true,"href":"https:\/\/tvbrazilusa.com\/pt\/wp-json\/wp\/v2\/tags?post=92443"}],"curies":[{"name":"wp","href":"https:\/\/api.w.org\/{rel}","templated":true}]}}