{"id":92449,"date":"2025-01-16T17:15:48","date_gmt":"2025-01-16T17:15:48","guid":{"rendered":"https:\/\/tvbrazilusa.com\/2025\/01\/16\/desantis-escolhe-fl-ag-moody-para-ocupar-a-cadeira-de-marco-rubio-no-senado-dos-eua\/"},"modified":"2025-01-16T17:29:20","modified_gmt":"2025-01-16T17:29:20","slug":"desantis-escolhe-fl-ag-moody-para-ocupar-a-cadeira-de-marco-rubio-no-senado-dos-eua","status":"publish","type":"post","link":"https:\/\/tvbrazilusa.com\/pt\/2025\/01\/16\/desantis-escolhe-fl-ag-moody-para-ocupar-a-cadeira-de-marco-rubio-no-senado-dos-eua\/","title":{"rendered":"DeSantis escolhe FL AG Moody para ocupar a cadeira de Marco Rubio no Senado dos EUA"},"content":{"rendered":"<p> <script async src=\"https:\/\/pagead2.googlesyndication.com\/pagead\/js\/adsbygoogle.js?client=ca-pub-8864793242727901\"\r\n     crossorigin=\"anonymous\"><\/script><br \/>\n<\/p>\n<div>\n<p>FL\u00d3RIDA \u2013 O governador Ron DeSantis nomeou o procurador-geral da Fl\u00f3rida, Ashley Moody, para ocupar a cadeira de Marco Rubio no Senado dos EUA. <\/p>\n<\/div>\n<div>\n<p>Rubio deixar\u00e1 a vaga ap\u00f3s ser <a href=\"https:\/\/patch.com\/florida\/southtampa\/trump-taps-fl-republicans-rubio-waltz-key-foreign-policy-roles\" target=\"_blank\">escolhido para servir como secret\u00e1rio de estado dos EUA<\/a> na administra\u00e7\u00e3o do presidente eleito Donald Trump. <\/p>\n<p>\u201cA Fl\u00f3rida merece um senador que defenda sem remorso os princ\u00edpios conservadores, apoie a aplica\u00e7\u00e3o da lei, tenha um forte hist\u00f3rico de combate \u00e0 imigra\u00e7\u00e3o ilegal e esteja pronto para cumprir a agenda do presidente Trump\u201d, disse DeSantis. <a href=\"https:\/\/x.com\/GovRonDeSantis\/status\/1879930937745817931\" target=\"_blank\" rel=\"nofollow\">escreveu em uma postagem de quinta-feira de manh\u00e3 para X<\/a>antigo Twitter. \u201cO hist\u00f3rico exemplar da procuradora-geral Ashley Moody mostra seu compromisso com esses princ\u00edpios.\u201d<\/p>\n<\/div>\n<div>\n<p><a href=\"https:\/\/patch.com\/florida\/southtampa\/trump-taps-fl-republicans-rubio-waltz-key-foreign-policy-roles\"\/>Ele anunciou sua nomea\u00e7\u00e3o durante uma entrevista coletiva na quinta-feira em um hotel de Orlando. <\/p>\n<p>Assim que Rubio renunciar oficialmente \u00e0 C\u00e2mara, Moody, 49, ingressar\u00e1 nas fileiras do Senado dos EUA e servir\u00e1 no cargo at\u00e9 2026, <a href=\"https:\/\/www.cnn.com\/2025\/01\/16\/politics\/ashley-moody-florida-senate-seat\/index.html\" target=\"_blank\" rel=\"nofollow\">CNN relatou<\/a>. Nessa altura, ela poder\u00e1 concorrer a uma elei\u00e7\u00e3o especial para preencher os dois \u00faltimos anos do mandato de Rubio.<\/p>\n<\/div>\n<div>\n<p>Isto far\u00e1 de Moody apenas a segunda mulher a representar a Fl\u00f3rida no Senado dos EUA, sendo a primeira a falecida <a href=\"https:\/\/bioguide.congress.gov\/search\/bio\/H000374\" rel=\"nofollow\" target=\"_blank\">Paula F. Hawkins<\/a>um republicano que serviu de 1981 a 1987.<strong\/><\/p>\n<p>Moody, natural de Plant City, foi nomeada Rainha do Morango da Fl\u00f3rida em 1993, quando tinha 17 anos. Ela se tornou politicamente ativa enquanto estudava na Universidade da Fl\u00f3rida. Inicialmente democrata ela mais tarde ingressou no Partido Republicano enquanto Jeb Bush serviu como governador <a href=\"https:\/\/floridapolitics.com\/archives\/715212-who-is-ashley-moody-florida-voters-already-know-gov-desantis-pick-to-succeed-marco-rubio\/\" target=\"_blank\" rel=\"nofollow\">de acordo com a pol\u00edtica da Fl\u00f3rida<\/a>. <\/p>\n<\/div>\n<div>\n<p>Ela atuou como representante estudantil no Conselho de Regentes do estado, que mais tarde foi substitu\u00eddo pelo Conselho de Governadores do Sistema Universit\u00e1rio Estadual. <\/p>\n<p>Depois de obter mestrado em direito internacional pela Stetson University of Law e gradua\u00e7\u00e3o em direito pela UF, Moody trabalhou brevemente para a Holland &#038; Knight antes de ser contratada como promotora federal no Minist\u00e9rio P\u00fablico dos EUA. <\/p>\n<\/div>\n<div>\n<p>Aos 31 anos, ela foi eleita a mais jovem ju\u00edza do tribunal distrital do estado, servindo no condado de Hillsborough e foi eleita procuradora-geral da Fl\u00f3rida em 2018, segundo relatos. <\/p>\n<p>O perfil pol\u00edtico de Moody&#8217;s foi elevado durante a pandemia da COVID-19, quando ela apelou ao governo federal para \u201cresponsabilizar a China\u201d pelo surto global do v\u00edrus.<\/p>\n<p>Durante a confer\u00eancia de imprensa de quinta-feira, DeSantis elogiou Moody por apoiar as suas batalhas pol\u00edticas e disse que est\u00e1 pronta para ajudar Trump a \u201cproteger e fechar a fronteira\u201d, controlar a infla\u00e7\u00e3o e rever o que ele descreveu como uma burocracia federal \u201cdescontrolada\u201d.<\/p>\n<p>\u201cEstou pronto para aparecer e lutar por esta na\u00e7\u00e3o e lutar para que o Presidente Trump entregue a agenda Am\u00e9rica Primeiro no Dia 1\u201d, disse Moody.<\/p>\n<p>DeSantis acrescentou em sua postagem para X: \u201cEstou ansioso para ver a senadora Moody travar o bom combate contra os interesses arraigados em Washington, e sei que ela ser\u00e1 uma parte cr\u00edtica para concretizar a agenda Am\u00e9rica Primeiro do presidente Trump\u201d.<\/p>\n<\/div>\n<div>\n<p><em>Este artigo inclui reportagens da Associated Press. <\/em><\/p>\n<\/div>\n<p><br \/>\n<br \/><a href=\"http:\/\/patch.com\/florida\/southtampa\/desantis-picks-fl-ag-moody-fill-marco-rubio-s-u-s-senate-seat?utm_source=article-mostrecent&#038;utm_medium=rss&#038;utm_term=politics%20%26%20government&#038;utm_campaign=recirc&#038;utm_content=aol\">Source link <\/a><\/p>","protected":false},"excerpt":{"rendered":"<p>FL\u00d3RIDA \u2013 O governador Ron DeSantis nomeou o procurador-geral da Fl\u00f3rida, Ashley Moody, para ocupar a cadeira de Marco Rubio no Senado dos EUA. Rubio deixar\u00e1 a vaga ap\u00f3s ser&hellip;<\/p>","protected":false},"author":1,"featured_media":92450,"comment_status":"closed","ping_status":"open","sticky":false,"template":"","format":"standard","meta":{"content-type":"","footnotes":""},"categories":[1],"tags":[],"class_list":["post-92449","post","type-post","status-publish","format-standard","has-post-thumbnail","hentry","category-uncategorized"],"_links":{"self":[{"href":"https:\/\/tvbrazilusa.com\/pt\/wp-json\/wp\/v2\/posts\/92449","targetHints":{"allow":["GET"]}}],"collection":[{"href":"https:\/\/tvbrazilusa.com\/pt\/wp-json\/wp\/v2\/posts"}],"about":[{"href":"https:\/\/tvbrazilusa.com\/pt\/wp-json\/wp\/v2\/types\/post"}],"author":[{"embeddable":true,"href":"https:\/\/tvbrazilusa.com\/pt\/wp-json\/wp\/v2\/users\/1"}],"replies":[{"embeddable":true,"href":"https:\/\/tvbrazilusa.com\/pt\/wp-json\/wp\/v2\/comments?post=92449"}],"version-history":[{"count":1,"href":"https:\/\/tvbrazilusa.com\/pt\/wp-json\/wp\/v2\/posts\/92449\/revisions"}],"predecessor-version":[{"id":92451,"href":"https:\/\/tvbrazilusa.com\/pt\/wp-json\/wp\/v2\/posts\/92449\/revisions\/92451"}],"wp:featuredmedia":[{"embeddable":true,"href":"https:\/\/tvbrazilusa.com\/pt\/wp-json\/wp\/v2\/media\/92450"}],"wp:attachment":[{"href":"https:\/\/tvbrazilusa.com\/pt\/wp-json\/wp\/v2\/media?parent=92449"}],"wp:term":[{"taxonomy":"category","embeddable":true,"href":"https:\/\/tvbrazilusa.com\/pt\/wp-json\/wp\/v2\/categories?post=92449"},{"taxonomy":"post_tag","embeddable":true,"href":"https:\/\/tvbrazilusa.com\/pt\/wp-json\/wp\/v2\/tags?post=92449"}],"curies":[{"name":"wp","href":"https:\/\/api.w.org\/{rel}","templated":true}]}}