{"id":92488,"date":"2025-01-16T19:33:52","date_gmt":"2025-01-16T19:33:52","guid":{"rendered":"https:\/\/tvbrazilusa.com\/2025\/01\/16\/urgente-bolsonaro-diz-que-vai-recorrer-a-decisao-de-moraes-para-que-o-plenario-do-stf-analise\/"},"modified":"2025-01-16T19:33:53","modified_gmt":"2025-01-16T19:33:53","slug":"urgente-bolsonaro-diz-que-vai-recorrer-a-decisao-de-moraes-para-que-o-plenario-do-stf-analise","status":"publish","type":"post","link":"https:\/\/tvbrazilusa.com\/pt\/2025\/01\/16\/urgente-bolsonaro-diz-que-vai-recorrer-a-decisao-de-moraes-para-que-o-plenario-do-stf-analise\/","title":{"rendered":"URGENTE: Bolsonaro diz que vai recorrer a decis\u00e3o de Moraes para que o plen\u00e1rio do STF analise"},"content":{"rendered":"<p> <script async src=\"https:\/\/pagead2.googlesyndication.com\/pagead\/js\/adsbygoogle.js?client=ca-pub-8864793242727901\"\r\n     crossorigin=\"anonymous\"><\/script><br \/>\n<br \/>Minha defesa vai recorrer da decis\u00e3o. Eles v\u00e3o argumentar que houve, no passado, a libera\u00e7\u00e3o de passaporte para viajar a pessoas condenadas<br \/>\n<br \/><br \/>\n<br \/><a href=\"https:\/\/diariodobrasilnoticias.com.br\/noticia\/urgente-bolsonaro-diz-que-vai-recorrer-a-decisao-de-moraes-para-que-o-plenario-do-stf-analise-678943c6c9ae3\">Source link <\/a><\/p>","protected":false},"excerpt":{"rendered":"<p>Minha defesa vai recorrer da decis\u00e3o. Eles v\u00e3o argumentar que houve, no passado, a libera\u00e7\u00e3o de passaporte para viajar a pessoas condenadas Source link<\/p>","protected":false},"author":1,"featured_media":92489,"comment_status":"closed","ping_status":"open","sticky":false,"template":"","format":"standard","meta":{"content-type":"","footnotes":""},"categories":[16],"tags":[123,2448,5313,1267],"class_list":["post-92488","post","type-post","status-publish","format-standard","has-post-thumbnail","hentry","category-noticias","tag-brasil","tag-diario","tag-noticia","tag-noticias"],"_links":{"self":[{"href":"https:\/\/tvbrazilusa.com\/pt\/wp-json\/wp\/v2\/posts\/92488","targetHints":{"allow":["GET"]}}],"collection":[{"href":"https:\/\/tvbrazilusa.com\/pt\/wp-json\/wp\/v2\/posts"}],"about":[{"href":"https:\/\/tvbrazilusa.com\/pt\/wp-json\/wp\/v2\/types\/post"}],"author":[{"embeddable":true,"href":"https:\/\/tvbrazilusa.com\/pt\/wp-json\/wp\/v2\/users\/1"}],"replies":[{"embeddable":true,"href":"https:\/\/tvbrazilusa.com\/pt\/wp-json\/wp\/v2\/comments?post=92488"}],"version-history":[{"count":1,"href":"https:\/\/tvbrazilusa.com\/pt\/wp-json\/wp\/v2\/posts\/92488\/revisions"}],"predecessor-version":[{"id":92490,"href":"https:\/\/tvbrazilusa.com\/pt\/wp-json\/wp\/v2\/posts\/92488\/revisions\/92490"}],"wp:featuredmedia":[{"embeddable":true,"href":"https:\/\/tvbrazilusa.com\/pt\/wp-json\/wp\/v2\/media\/92489"}],"wp:attachment":[{"href":"https:\/\/tvbrazilusa.com\/pt\/wp-json\/wp\/v2\/media?parent=92488"}],"wp:term":[{"taxonomy":"category","embeddable":true,"href":"https:\/\/tvbrazilusa.com\/pt\/wp-json\/wp\/v2\/categories?post=92488"},{"taxonomy":"post_tag","embeddable":true,"href":"https:\/\/tvbrazilusa.com\/pt\/wp-json\/wp\/v2\/tags?post=92488"}],"curies":[{"name":"wp","href":"https:\/\/api.w.org\/{rel}","templated":true}]}}