{"id":92494,"date":"2025-01-16T19:51:16","date_gmt":"2025-01-16T19:51:16","guid":{"rendered":"https:\/\/tvbrazilusa.com\/2025\/01\/16\/agora-michelle-bolsonaro-representara-bolsonaro-na-posse-de-trump-stf-nega-liberacao-de-passaporte\/"},"modified":"2025-01-16T19:51:18","modified_gmt":"2025-01-16T19:51:18","slug":"agora-michelle-bolsonaro-representara-bolsonaro-na-posse-de-trump-stf-nega-liberacao-de-passaporte","status":"publish","type":"post","link":"https:\/\/tvbrazilusa.com\/pt\/2025\/01\/16\/agora-michelle-bolsonaro-representara-bolsonaro-na-posse-de-trump-stf-nega-liberacao-de-passaporte\/","title":{"rendered":"AGORA: Michelle Bolsonaro Representar\u00e1 Bolsonaro na Posse de Trump; STF Nega Libera\u00e7\u00e3o de Passaporte"},"content":{"rendered":"<p> <script async src=\"https:\/\/pagead2.googlesyndication.com\/pagead\/js\/adsbygoogle.js?client=ca-pub-8864793242727901\"\r\n     crossorigin=\"anonymous\"><\/script><br \/>\n<\/p>\n<div>\n<figure class=\"post-image\">\n<\/figure>\n<p>            <span style=\"font-size: 12px\">@graciellastarling\/Instagram\/Reprodu\u00e7\u00e3o<\/span><\/p>\n<p>            <!-- end metas --><br \/>\n            <!-- ADS --><\/p>\n<div id=\"taboola-read-more\" style=\"display:block; width:100%\">\n<p><strong>Bras\u00edlia, 16 de Janeiro de 2025<\/strong>\u00a0&#8211; Ap\u00f3s o Supremo Tribunal Federal (STF) negar a libera\u00e7\u00e3o do passaporte do ex-presidente Jair Bolsonaro para que ele pudesse comparecer \u00e0 posse de Donald Trump nos Estados Unidos, a ex-primeira-dama Michelle Bolsonaro foi confirmada como representante do ex-presidente no evento. A confirma\u00e7\u00e3o veio atrav\u00e9s da assessoria de Bolsonaro no Partido Liberal (PL), onde Michelle foi oficialmente escalada para a &#8220;miss\u00e3o&#8221;. Bolsonaro, investigado pela Opera\u00e7\u00e3o Tempus Veritatis por suposta tentativa de golpe de Estado, teve seu passaporte retido por ordem judicial, o que o impede de viajar internacionalmente sem autoriza\u00e7\u00e3o.\n<\/p>\n<p>A negativa do ministro Alexandre de Moraes, do STF, refor\u00e7ou o plano B do ex-presidente. Mesmo com a participa\u00e7\u00e3o de Michelle, aliados de Bolsonaro ainda mant\u00eam uma esperan\u00e7a, embora considerada remota por especialistas, de que ele possa comparecer \u00e0 posse. Isso dependeria de um recurso a ser apresentado ao plen\u00e1rio da Suprema Corte, cujas chances de sucesso s\u00e3o vistas com ceticismo devido ao hist\u00f3rico de decis\u00f5es anteriores sobre Bolsonaro. O recurso busca revertir a decis\u00e3o de Moraes, argumentando a import\u00e2ncia da presen\u00e7a de Bolsonaro no fortalecimento das rela\u00e7\u00f5es bilaterais com os EUA sob a nova administra\u00e7\u00e3o Trump.<\/p>\n<p>A presen\u00e7a de Michelle Bolsonaro na cerim\u00f4nia simboliza a continuidade da alian\u00e7a entre os Bolsonaro e Trump, refor\u00e7ando as conex\u00f5es entre a direita brasileira e americana. Enquanto isso, a comunidade jur\u00eddica e pol\u00edtica no Brasil acompanha de perto os desdobramentos legais, com muitos questionando as implica\u00e7\u00f5es internacionais de tais restri\u00e7\u00f5es impostas a um ex-chefe de Estado. A decis\u00e3o do STF e a representa\u00e7\u00e3o de Michelle na posse de Trump destacam os desafios e as estrat\u00e9gias pol\u00edticas em um cen\u00e1rio de tens\u00e3o entre poderes no Brasil.\n<\/p>\n<p>Por J\u00fanior Melo              <\/p>\n<\/div>\n<p>                        <!-- Scripts para conteudo --><\/p>\n<p>            <!-- .\/Scripts para conteudo --><br \/>\n            <!-- .\/Mat\u00e9ria --><\/p>\n<div class=\"row mt-3\">\n<div class=\"col-sm-6\">\n                <!-- Whatsapp channel 3--><br \/>\n                <a href=\"https:\/\/chat.whatsapp.com\/B8Qy6Erx4kb6yTzj3kaDco\" target=\"_blank\"><br \/>\n                  <img decoding=\"async\" src=\"https:\/\/diariodobrasilnoticias.com.br\/assets-site\/images\/bot_whatsapp.png\"\/><\/a>\n              <\/div>\n<div class=\"col-sm-6\">\n                <a href=\"https:\/\/t.me\/+_4gTmi5LKo03OTM5\" target=\"_blank\"><br \/>\n                  <img decoding=\"async\" src=\"https:\/\/diariodobrasilnoticias.com.br\/assets-site\/images\/bot_telegram.png\"\/><\/a>\n              <\/div>\n<\/p><\/div>\n<p>            <!-- end post-navigation --><\/p>\n<p>              <!-- end row --><\/p>\n<p>              <!-- end col-12-->\n                      <\/div>\n<p><br \/>\n<br \/><a href=\"https:\/\/diariodobrasilnoticias.com.br\/noticia\/agora-michelle-bolsonaro-representara-bolsonaro-na-posse-de-trump-stf-nega-liberacao-de-passaporte-6789493918a90\">Source link <\/a><\/p>","protected":false},"excerpt":{"rendered":"<p>@graciellastarling\/Instagram\/Reprodu\u00e7\u00e3o Bras\u00edlia, 16 de Janeiro de 2025\u00a0&#8211; Ap\u00f3s o Supremo Tribunal Federal (STF) negar a libera\u00e7\u00e3o do passaporte do ex-presidente Jair Bolsonaro para que ele pudesse comparecer \u00e0 posse de&hellip;<\/p>","protected":false},"author":1,"featured_media":92495,"comment_status":"closed","ping_status":"open","sticky":false,"template":"","format":"standard","meta":{"content-type":"","footnotes":""},"categories":[16],"tags":[123,2448,5313,1267],"class_list":["post-92494","post","type-post","status-publish","format-standard","has-post-thumbnail","hentry","category-noticias","tag-brasil","tag-diario","tag-noticia","tag-noticias"],"_links":{"self":[{"href":"https:\/\/tvbrazilusa.com\/pt\/wp-json\/wp\/v2\/posts\/92494","targetHints":{"allow":["GET"]}}],"collection":[{"href":"https:\/\/tvbrazilusa.com\/pt\/wp-json\/wp\/v2\/posts"}],"about":[{"href":"https:\/\/tvbrazilusa.com\/pt\/wp-json\/wp\/v2\/types\/post"}],"author":[{"embeddable":true,"href":"https:\/\/tvbrazilusa.com\/pt\/wp-json\/wp\/v2\/users\/1"}],"replies":[{"embeddable":true,"href":"https:\/\/tvbrazilusa.com\/pt\/wp-json\/wp\/v2\/comments?post=92494"}],"version-history":[{"count":1,"href":"https:\/\/tvbrazilusa.com\/pt\/wp-json\/wp\/v2\/posts\/92494\/revisions"}],"predecessor-version":[{"id":92496,"href":"https:\/\/tvbrazilusa.com\/pt\/wp-json\/wp\/v2\/posts\/92494\/revisions\/92496"}],"wp:featuredmedia":[{"embeddable":true,"href":"https:\/\/tvbrazilusa.com\/pt\/wp-json\/wp\/v2\/media\/92495"}],"wp:attachment":[{"href":"https:\/\/tvbrazilusa.com\/pt\/wp-json\/wp\/v2\/media?parent=92494"}],"wp:term":[{"taxonomy":"category","embeddable":true,"href":"https:\/\/tvbrazilusa.com\/pt\/wp-json\/wp\/v2\/categories?post=92494"},{"taxonomy":"post_tag","embeddable":true,"href":"https:\/\/tvbrazilusa.com\/pt\/wp-json\/wp\/v2\/tags?post=92494"}],"curies":[{"name":"wp","href":"https:\/\/api.w.org\/{rel}","templated":true}]}}