{"id":92527,"date":"2025-01-16T21:11:39","date_gmt":"2025-01-16T21:11:39","guid":{"rendered":"https:\/\/tvbrazilusa.com\/2025\/01\/16\/urgente-moraes-admite-inexistencia-de-provas-em-processo-do-8-1\/"},"modified":"2025-01-16T21:11:42","modified_gmt":"2025-01-16T21:11:42","slug":"urgente-moraes-admite-inexistencia-de-provas-em-processo-do-8-1","status":"publish","type":"post","link":"https:\/\/tvbrazilusa.com\/pt\/2025\/01\/16\/urgente-moraes-admite-inexistencia-de-provas-em-processo-do-8-1\/","title":{"rendered":"URGENTE: Moraes admite inexist\u00eancia de provas em processo do 8\/1"},"content":{"rendered":"<p> <script async src=\"https:\/\/pagead2.googlesyndication.com\/pagead\/js\/adsbygoogle.js?client=ca-pub-8864793242727901\"\r\n     crossorigin=\"anonymous\"><\/script><br \/>\n<\/p>\n<div id=\"taboola-read-more\" style=\"display:block; width:100%\">\n<p>O ministro Alexandre de Moraes, do Supremo Tribunal Federal (STF), admitiu a inexist\u00eancia de provas no processo de Jean dos Santos, morador de rua de 28 anos preso por causa do 8 de janeiro. O mendigo acabou absolvido pelo juiz do STF, na quarta-feira 15, depois de reportagem de Oeste revelar a situa\u00e7\u00e3o do rapaz.\n<\/p>\n<p>\u201cDa an\u00e1lise da presente a\u00e7\u00e3o penal, inexiste qualquer elemento probat\u00f3rio que possa, sem d\u00favida razo\u00e1vel, comprovar o elemento subjetivo do tipo (dolo) para a pr\u00e1tica dos crimes imputados pela Procuradoria-Geral da Rep\u00fablica\u201d, admitiu o juiz do STF, na decis\u00e3o. \u201cO estado de d\u00favida obstaculiza o ju\u00edzo condenat\u00f3rio, devendo-se sempre ressaltar o papel do processo penal como instrumento de salvaguarda das liberdades individuais, conforme bem sublinhou o ministro Celso de Mello.\u201d<\/p>\n<p>O posicionamento de Moraes veio depois de a Procuradoria-Geral da Rep\u00fablica (PGR) emitir parecer favor\u00e1vel pela absolvi\u00e7\u00e3o do jovem.\n<\/p>\n<p><strong>Parecer da PGR sobre o morador de rua do 8 de janeiro<\/strong>\n<\/p>\n<p>No parecer, a Procuradoria reconheceu a inexist\u00eancia de provas no processo. \u201cN\u00e3o obstante \u00e0 natureza multitudin\u00e1ria das infra\u00e7\u00f5es penais imputadas, o motivo preponderante do r\u00e9u de comparecer momentaneamente ao acampamento para se alimentar, refor\u00e7ado por seu contexto de vulnerabilidade social e pela inexist\u00eancia de provas em contr\u00e1rio, impede a configura\u00e7\u00e3o do concurso de pessoas\u201d, observou a PGR.\n<\/p>\n<p>De acordo com a Procuradoria, \u201cas circunst\u00e2ncias n\u00e3o comprovaram que o denunciado tenha se aliado subjetivamente \u00e0 multid\u00e3o criminosa e somado seus esfor\u00e7os aos dos demais sujeitos, com a finalidade de consumar as figuras t\u00edpicas imputadas e, efetivamente, concorrer para sua pr\u00e1tica\u201d.\n<\/p>\n<p>Fonte: Revista Oeste              <\/p>\n<\/div>\n<p><br \/>\n<br \/><a href=\"https:\/\/diariodobrasilnoticias.com.br\/noticia\/urgente-moraes-admite-inexistencia-de-provas-em-processo-do-8-1-67895130d0410\">Source link <\/a><\/p>","protected":false},"excerpt":{"rendered":"<p>O ministro Alexandre de Moraes, do Supremo Tribunal Federal (STF), admitiu a inexist\u00eancia de provas no processo de Jean dos Santos, morador de rua de 28 anos preso por causa&hellip;<\/p>","protected":false},"author":1,"featured_media":92528,"comment_status":"closed","ping_status":"open","sticky":false,"template":"","format":"standard","meta":{"content-type":"","footnotes":""},"categories":[16],"tags":[123,2448,5313,1267],"class_list":["post-92527","post","type-post","status-publish","format-standard","has-post-thumbnail","hentry","category-noticias","tag-brasil","tag-diario","tag-noticia","tag-noticias"],"_links":{"self":[{"href":"https:\/\/tvbrazilusa.com\/pt\/wp-json\/wp\/v2\/posts\/92527","targetHints":{"allow":["GET"]}}],"collection":[{"href":"https:\/\/tvbrazilusa.com\/pt\/wp-json\/wp\/v2\/posts"}],"about":[{"href":"https:\/\/tvbrazilusa.com\/pt\/wp-json\/wp\/v2\/types\/post"}],"author":[{"embeddable":true,"href":"https:\/\/tvbrazilusa.com\/pt\/wp-json\/wp\/v2\/users\/1"}],"replies":[{"embeddable":true,"href":"https:\/\/tvbrazilusa.com\/pt\/wp-json\/wp\/v2\/comments?post=92527"}],"version-history":[{"count":1,"href":"https:\/\/tvbrazilusa.com\/pt\/wp-json\/wp\/v2\/posts\/92527\/revisions"}],"predecessor-version":[{"id":92529,"href":"https:\/\/tvbrazilusa.com\/pt\/wp-json\/wp\/v2\/posts\/92527\/revisions\/92529"}],"wp:featuredmedia":[{"embeddable":true,"href":"https:\/\/tvbrazilusa.com\/pt\/wp-json\/wp\/v2\/media\/92528"}],"wp:attachment":[{"href":"https:\/\/tvbrazilusa.com\/pt\/wp-json\/wp\/v2\/media?parent=92527"}],"wp:term":[{"taxonomy":"category","embeddable":true,"href":"https:\/\/tvbrazilusa.com\/pt\/wp-json\/wp\/v2\/categories?post=92527"},{"taxonomy":"post_tag","embeddable":true,"href":"https:\/\/tvbrazilusa.com\/pt\/wp-json\/wp\/v2\/tags?post=92527"}],"curies":[{"name":"wp","href":"https:\/\/api.w.org\/{rel}","templated":true}]}}