{"id":92530,"date":"2025-01-16T21:23:19","date_gmt":"2025-01-16T21:23:19","guid":{"rendered":"https:\/\/tvbrazilusa.com\/2025\/01\/16\/lula-mesmo-condenado-a-25-anos-de-prisao-a-epoca-viajou-para-franca-alemanha-e-suica\/"},"modified":"2025-01-16T21:23:21","modified_gmt":"2025-01-16T21:23:21","slug":"lula-mesmo-condenado-a-25-anos-de-prisao-a-epoca-viajou-para-franca-alemanha-e-suica","status":"publish","type":"post","link":"https:\/\/tvbrazilusa.com\/pt\/2025\/01\/16\/lula-mesmo-condenado-a-25-anos-de-prisao-a-epoca-viajou-para-franca-alemanha-e-suica\/","title":{"rendered":"Lula mesmo condenado a 25 anos de pris\u00e3o a \u00e9poca viajou para Fran\u00e7a, Alemanha e Su\u00ed\u00e7a"},"content":{"rendered":"<p> <script async src=\"https:\/\/pagead2.googlesyndication.com\/pagead\/js\/adsbygoogle.js?client=ca-pub-8864793242727901\"\r\n     crossorigin=\"anonymous\"><\/script><br \/>\n<\/p>\n<div>\n<figure class=\"post-image\">\n<\/figure>\n<p>            <span style=\"font-size: 12px\">Ricardo Stuckert\/PR<\/span><\/p>\n<p>            <!-- end metas --><br \/>\n            <!-- ADS --><\/p>\n<div id=\"taboola-read-more\" style=\"display:block; width:100%\">\n<p><strong>Bras\u00edlia, 16 de Janeiro de 2025<\/strong>\u00a0&#8211; A situa\u00e7\u00e3o judicial do ex-presidente Jair Bolsonaro e do presidente Luiz In\u00e1cio Lula da Silva revela uma disparidade not\u00e1vel na aplica\u00e7\u00e3o de medidas judiciais no Brasil. Bolsonaro, atualmente sem uma condena\u00e7\u00e3o formal e respondendo apenas a um inqu\u00e9rito policial, teve seu passaporte apreendido, impedindo-o de comparecer \u00e0 posse de Donald Trump nos Estados Unidos. A apreens\u00e3o do passaporte de Bolsonaro foi uma decis\u00e3o do ministro Alexandre de Moraes do Supremo Tribunal Federal (STF) no contexto da Opera\u00e7\u00e3o Tempus Veritatis, que investiga suposta tentativa de golpe de Estado.\n<\/p>\n<p>Por outro lado, Lula, quando foi sentenciado a 25 anos de pris\u00e3o por corrup\u00e7\u00e3o e lavagem de dinheiro pela 13\u00aa Vara Federal de Curitiba, sob a jurisdi\u00e7\u00e3o do ent\u00e3o juiz S\u00e9rgio Moro, conseguiu realizar diversas viagens internacionais enquanto recorria em liberdade. Entre as viagens, est\u00e3o visitas \u00e0 Fran\u00e7a, Su\u00ed\u00e7a e Alemanha. Lula manteve sua liberdade at\u00e9 que sua condena\u00e7\u00e3o fosse confirmada em segunda inst\u00e2ncia, uma pr\u00e1tica que era exigida pela lei brasileira antes da mudan\u00e7a jurisprudencial de 2016, que permitiu a pris\u00e3o ap\u00f3s condena\u00e7\u00e3o em segunda inst\u00e2ncia at\u00e9 ser revertida pelo STF em 2020.<\/p>\n<p>Este contraste entre os dois l\u00edderes pol\u00edticos ilustra uma mudan\u00e7a na interpreta\u00e7\u00e3o e aplica\u00e7\u00e3o das leis de processo penal no Brasil. Enquanto Lula p\u00f4de exercer sua liberdade de locomo\u00e7\u00e3o internacional mesmo ap\u00f3s condena\u00e7\u00e3o em primeira inst\u00e2ncia, Bolsonaro, sem uma den\u00fancia formal ou condena\u00e7\u00e3o, enfrenta restri\u00e7\u00f5es significativas. A situa\u00e7\u00e3o levanta quest\u00f5es sobre equidade, a discricionariedade judicial e a influ\u00eancia pol\u00edtica nas decis\u00f5es judiciais, especialmente considerando que S\u00e9rgio Moro, o ex-juiz de Lula, agora \u00e9 senador da Rep\u00fablica. A compara\u00e7\u00e3o ressalta as nuances da justi\u00e7a brasileira em casos de alta repercuss\u00e3o pol\u00edtica e a percep\u00e7\u00e3o de tratamento diferenciado em situa\u00e7\u00f5es an\u00e1logas.\n<\/p>\n<p>Por J\u00fanior Melo              <\/p>\n<\/div>\n<p>                        <!-- Scripts para conteudo --><\/p>\n<p>            <!-- .\/Scripts para conteudo --><br \/>\n            <!-- .\/Mat\u00e9ria --><\/p>\n<div class=\"row mt-3\">\n<div class=\"col-sm-6\">\n                <!-- Whatsapp channel 3--><br \/>\n                <a href=\"https:\/\/chat.whatsapp.com\/B8Qy6Erx4kb6yTzj3kaDco\" target=\"_blank\"><br \/>\n                  <img decoding=\"async\" src=\"https:\/\/diariodobrasilnoticias.com.br\/assets-site\/images\/bot_whatsapp.png\"\/><\/a>\n              <\/div>\n<div class=\"col-sm-6\">\n                <a href=\"https:\/\/t.me\/+_4gTmi5LKo03OTM5\" target=\"_blank\"><br \/>\n                  <img decoding=\"async\" src=\"https:\/\/diariodobrasilnoticias.com.br\/assets-site\/images\/bot_telegram.png\"\/><\/a>\n              <\/div>\n<\/p><\/div>\n<p>            <!-- end post-navigation --><\/p>\n<p>              <!-- end row --><\/p>\n<p>              <!-- end col-12-->\n                      <\/div>\n<p><br \/>\n<br \/><a href=\"https:\/\/diariodobrasilnoticias.com.br\/noticia\/lula-mesmo-condenado-a-25-anos-de-prisao-a-epoca-viajou-para-franca-alemanha-e-suica-67895cb0e4234\">Source link <\/a><\/p>","protected":false},"excerpt":{"rendered":"<p>Ricardo Stuckert\/PR Bras\u00edlia, 16 de Janeiro de 2025\u00a0&#8211; A situa\u00e7\u00e3o judicial do ex-presidente Jair Bolsonaro e do presidente Luiz In\u00e1cio Lula da Silva revela uma disparidade not\u00e1vel na aplica\u00e7\u00e3o de&hellip;<\/p>","protected":false},"author":1,"featured_media":92531,"comment_status":"closed","ping_status":"open","sticky":false,"template":"","format":"standard","meta":{"content-type":"","footnotes":""},"categories":[16],"tags":[123,2448,5313,1267],"class_list":["post-92530","post","type-post","status-publish","format-standard","has-post-thumbnail","hentry","category-noticias","tag-brasil","tag-diario","tag-noticia","tag-noticias"],"_links":{"self":[{"href":"https:\/\/tvbrazilusa.com\/pt\/wp-json\/wp\/v2\/posts\/92530","targetHints":{"allow":["GET"]}}],"collection":[{"href":"https:\/\/tvbrazilusa.com\/pt\/wp-json\/wp\/v2\/posts"}],"about":[{"href":"https:\/\/tvbrazilusa.com\/pt\/wp-json\/wp\/v2\/types\/post"}],"author":[{"embeddable":true,"href":"https:\/\/tvbrazilusa.com\/pt\/wp-json\/wp\/v2\/users\/1"}],"replies":[{"embeddable":true,"href":"https:\/\/tvbrazilusa.com\/pt\/wp-json\/wp\/v2\/comments?post=92530"}],"version-history":[{"count":1,"href":"https:\/\/tvbrazilusa.com\/pt\/wp-json\/wp\/v2\/posts\/92530\/revisions"}],"predecessor-version":[{"id":92532,"href":"https:\/\/tvbrazilusa.com\/pt\/wp-json\/wp\/v2\/posts\/92530\/revisions\/92532"}],"wp:featuredmedia":[{"embeddable":true,"href":"https:\/\/tvbrazilusa.com\/pt\/wp-json\/wp\/v2\/media\/92531"}],"wp:attachment":[{"href":"https:\/\/tvbrazilusa.com\/pt\/wp-json\/wp\/v2\/media?parent=92530"}],"wp:term":[{"taxonomy":"category","embeddable":true,"href":"https:\/\/tvbrazilusa.com\/pt\/wp-json\/wp\/v2\/categories?post=92530"},{"taxonomy":"post_tag","embeddable":true,"href":"https:\/\/tvbrazilusa.com\/pt\/wp-json\/wp\/v2\/tags?post=92530"}],"curies":[{"name":"wp","href":"https:\/\/api.w.org\/{rel}","templated":true}]}}