{"id":92579,"date":"2025-01-16T23:12:15","date_gmt":"2025-01-16T23:12:15","guid":{"rendered":"https:\/\/tvbrazilusa.com\/2025\/01\/16\/marcos-pontes-fala-em-desengavetar-impeachment-de-ministros-do-stf\/"},"modified":"2025-01-16T23:12:16","modified_gmt":"2025-01-16T23:12:16","slug":"marcos-pontes-fala-em-desengavetar-impeachment-de-ministros-do-stf","status":"publish","type":"post","link":"https:\/\/tvbrazilusa.com\/pt\/2025\/01\/16\/marcos-pontes-fala-em-desengavetar-impeachment-de-ministros-do-stf\/","title":{"rendered":"Marcos Pontes fala em desengavetar impeachment de ministros do STF"},"content":{"rendered":"<p> <script async src=\"https:\/\/pagead2.googlesyndication.com\/pagead\/js\/adsbygoogle.js?client=ca-pub-8864793242727901\"\r\n     crossorigin=\"anonymous\"><\/script><br \/>\n<\/p>\n<div id=\"taboola-read-more\" style=\"display:block; width:100%\">\n<p>O senador Astronauta Marcos Pontes (PL-SP), candidato independente ao comando da Casa Alta, afirmou na 4\u00aa feira (15.jan.2025) que, se eleito, vai dar prosseguimento aos pedidos de impeachment de ministros do STF (Supremo Tribunal Federal) no Congresso.\n<\/p>\n<p>\u201cExistem mais de 20 pedidos de impeachment estacionados, um deles, assinado por mais de 150 deputados e mais de 1.5 milh\u00e3o de brasileiros. Como presidente do Senado, obviamente vou desengavetar e dar prosseguimento nesses pedidos\u201d, disse, em nota \u00e0 imprensa.<\/p>\n<p>Em setembro de 2024, a oposi\u00e7\u00e3o ao governo de Luiz In\u00e1cio Lula da Silva (PT) no Senado protocolou um pedido de impeachment contra o ministro Alexandre de Moraes. O requerimento foi entregue ao presidente da Casa, Rodrigo Pacheco (PSD-MG).\n<\/p>\n<p>O documento tem 53 p\u00e1ginas e detalha o que os integrantes da oposi\u00e7\u00e3o consideram como \u201ccrimes de responsabilidade\u201d do ministro. Foi assinado por 152 deputados e \u00e9 apoiado por 31 senadores\u00a0\n<\/p>\n<p>Uma outra proposta de Pontes \u00e9 priorizar projetos que tiverem o apoio de, no m\u00ednimo, 27 dos 81 senadores. O congressista tamb\u00e9m disse que o Congresso precisa recuperar o prest\u00edgio e o respeito.\n<\/p>\n<p>\u201cTemos que ter mudan\u00e7as imediatas de atitude no Senado. A popula\u00e7\u00e3o reclama da falta de a\u00e7\u00e3o do Congresso perante outros poderes, tanto na defesa das suas fun\u00e7\u00f5es e prerrogativas como Poder Legislador, quanto na defesa dos pr\u00f3prios senadores e deputados, no exerc\u00edcio de suas atividades parlamentares, conforme prev\u00ea claramente a Constitui\u00e7\u00e3o Federal\u201d, afirmou.\n<\/p>\n<p>O congressista ainda disse que o Senado precisa de um l\u00edder com integridade e compromisso com o Brasil para que a Casa Alta cumpra o papel fundamental em defesa da democracia e na representa\u00e7\u00e3o do povo brasileiro.\n<\/p>\n<p>A elei\u00e7\u00e3o para a presid\u00eancia do Senado est\u00e1 marcada para o dia 1\u00bade fevereiro. O senador Davi Alcolumbre (Uni\u00e3o Brasil-AP) desponta como favorito para liderar a Casa.\n<\/p>\n<p>Fonte: Poder 360              <\/p>\n<\/div>\n<p><br \/>\n<br \/><a href=\"https:\/\/diariodobrasilnoticias.com.br\/noticia\/marcos-pontes-fala-em-desengavetar-impeachment-de-ministros-do-stf-678961def382c\">Source link <\/a><\/p>","protected":false},"excerpt":{"rendered":"<p>O senador Astronauta Marcos Pontes (PL-SP), candidato independente ao comando da Casa Alta, afirmou na 4\u00aa feira (15.jan.2025) que, se eleito, vai dar prosseguimento aos pedidos de impeachment de ministros&hellip;<\/p>","protected":false},"author":1,"featured_media":92580,"comment_status":"closed","ping_status":"open","sticky":false,"template":"","format":"standard","meta":{"content-type":"","footnotes":""},"categories":[16],"tags":[123,2448,5313,1267],"class_list":["post-92579","post","type-post","status-publish","format-standard","has-post-thumbnail","hentry","category-noticias","tag-brasil","tag-diario","tag-noticia","tag-noticias"],"_links":{"self":[{"href":"https:\/\/tvbrazilusa.com\/pt\/wp-json\/wp\/v2\/posts\/92579","targetHints":{"allow":["GET"]}}],"collection":[{"href":"https:\/\/tvbrazilusa.com\/pt\/wp-json\/wp\/v2\/posts"}],"about":[{"href":"https:\/\/tvbrazilusa.com\/pt\/wp-json\/wp\/v2\/types\/post"}],"author":[{"embeddable":true,"href":"https:\/\/tvbrazilusa.com\/pt\/wp-json\/wp\/v2\/users\/1"}],"replies":[{"embeddable":true,"href":"https:\/\/tvbrazilusa.com\/pt\/wp-json\/wp\/v2\/comments?post=92579"}],"version-history":[{"count":1,"href":"https:\/\/tvbrazilusa.com\/pt\/wp-json\/wp\/v2\/posts\/92579\/revisions"}],"predecessor-version":[{"id":92581,"href":"https:\/\/tvbrazilusa.com\/pt\/wp-json\/wp\/v2\/posts\/92579\/revisions\/92581"}],"wp:featuredmedia":[{"embeddable":true,"href":"https:\/\/tvbrazilusa.com\/pt\/wp-json\/wp\/v2\/media\/92580"}],"wp:attachment":[{"href":"https:\/\/tvbrazilusa.com\/pt\/wp-json\/wp\/v2\/media?parent=92579"}],"wp:term":[{"taxonomy":"category","embeddable":true,"href":"https:\/\/tvbrazilusa.com\/pt\/wp-json\/wp\/v2\/categories?post=92579"},{"taxonomy":"post_tag","embeddable":true,"href":"https:\/\/tvbrazilusa.com\/pt\/wp-json\/wp\/v2\/tags?post=92579"}],"curies":[{"name":"wp","href":"https:\/\/api.w.org\/{rel}","templated":true}]}}