{"id":92587,"date":"2025-01-16T23:25:08","date_gmt":"2025-01-16T23:25:08","guid":{"rendered":"https:\/\/tvbrazilusa.com\/2025\/01\/16\/pimenta-longe-da-secom-acompanhou-a-crise-do-pix-a-beira-da-piscina\/"},"modified":"2025-01-16T23:25:10","modified_gmt":"2025-01-16T23:25:10","slug":"pimenta-longe-da-secom-acompanhou-a-crise-do-pix-a-beira-da-piscina","status":"publish","type":"post","link":"https:\/\/tvbrazilusa.com\/pt\/2025\/01\/16\/pimenta-longe-da-secom-acompanhou-a-crise-do-pix-a-beira-da-piscina\/","title":{"rendered":"Pimenta, longe da Secom, acompanhou a crise do Pix \u00e0 beira da piscina"},"content":{"rendered":"<p> <script async src=\"https:\/\/pagead2.googlesyndication.com\/pagead\/js\/adsbygoogle.js?client=ca-pub-8864793242727901\"\r\n     crossorigin=\"anonymous\"><\/script><br \/>\n<\/p>\n<div id=\"taboola-read-more\" style=\"display:block; width:100%\">\n<p>Exonerado do comando da Secom na \u00faltima ter\u00e7a-feira para dar lugar ao publicit\u00e1rio Sid\u00f4nio Palmeira, o ex-ministro Paulo Pimenta foi curtir o que chamou de f\u00e9rias at\u00e9 o come\u00e7o da semana que vem, quando dever\u00e1 conversar com Lula para definir seu futuro \u2014 em outro posto no governo ou de volta \u00e0 C\u00e2mara dos Deputados.\n<\/p>\n<p>Aproveitando seu momento de descanso na tarde desta quarta, o petista compartilhou com seus contatos no WhatsApp a foto de um drink na beira da piscina, no \u201cStatus\u201d do aplicativo de mensagens, semelhante aos stories do Instagram.<\/p>\n<\/p>\n<p><em>Foto compartilhada na tarde desta quarta-feira pelo ex-ministro da Secom Paulo Pimenta (WhatsApp\/Reprodu\u00e7\u00e3o)<\/em>\n<\/p>\n<p>Enquanto isso, no Pal\u00e1cio do Planalto, o governo do qual fazia parte at\u00e9 o dia anterior estava mobilizado para enfrentar a crise de comunica\u00e7\u00e3o referente \u00e0 instru\u00e7\u00e3o normativa da Receita Federal sobre o monitoramento de transa\u00e7\u00f5es financeiras via Pix superiores a 5.000 reais por m\u00eas, que acabou sendo revogada.\n<\/p>\n<p>Em uma entrevista coletiva na ter\u00e7a ap\u00f3s a posse de Sid\u00f4nio, Pimenta deixou um recado duro para a comunica\u00e7\u00e3o do Minist\u00e9rio da Fazenda de Fernando Haddad na hist\u00f3ria do Pix, comentando que a comunica\u00e7\u00e3o do governo estava correndo atr\u00e1s para poder explicar as consequ\u00eancias da medida.\n<\/p>\n<p>\u201cQuando a gente n\u00e3o faz o trabalho no momento certo, a fake news acaba ganhando a narrativa\u201d, declarou o ex-ministro.\n<\/p>\n<p>\u201cEnt\u00e3o, Sid\u00f4nio, com o respaldo do presidente, o respaldo da Casa Civil, o Sid\u00f4nio tem uma rela\u00e7\u00e3o boa com Rui [Costa], com o pr\u00f3prio presidente, pode conseguir melhorar essa sincronia para que a comunica\u00e7\u00e3o do governo saiba antes das medidas. Para que n\u00e3o fique sabendo depois que uma medida j\u00e1 foi anunciada. E isso n\u00e3o \u00e9 Secom, isso \u00e9 comunica\u00e7\u00e3o. Comunica\u00e7\u00e3o do governo \u00e9 uma coisa muito mais ampla, muito mais complexa, muito mais delicada\u201d, complementou.\n<\/p>\n<p>Questionado na ocasi\u00e3o se preferia ficar no Executivo ou retornar ao Legislativo, Pimenta respondeu que n\u00e3o tem vontade pr\u00f3pria\n<\/p>\n<p>Fonte: Veja              <\/p>\n<\/div>\n<p><br \/>\n<br \/><a href=\"https:\/\/diariodobrasilnoticias.com.br\/noticia\/pimenta-longe-da-secom-acompanhou-a-crise-do-pix-a-beira-da-piscina-67896576f035f\">Source link <\/a><\/p>","protected":false},"excerpt":{"rendered":"<p>Exonerado do comando da Secom na \u00faltima ter\u00e7a-feira para dar lugar ao publicit\u00e1rio Sid\u00f4nio Palmeira, o ex-ministro Paulo Pimenta foi curtir o que chamou de f\u00e9rias at\u00e9 o come\u00e7o da&hellip;<\/p>","protected":false},"author":1,"featured_media":92588,"comment_status":"closed","ping_status":"open","sticky":false,"template":"","format":"standard","meta":{"content-type":"","footnotes":""},"categories":[16],"tags":[123,2448,5313,1267],"class_list":["post-92587","post","type-post","status-publish","format-standard","has-post-thumbnail","hentry","category-noticias","tag-brasil","tag-diario","tag-noticia","tag-noticias"],"_links":{"self":[{"href":"https:\/\/tvbrazilusa.com\/pt\/wp-json\/wp\/v2\/posts\/92587","targetHints":{"allow":["GET"]}}],"collection":[{"href":"https:\/\/tvbrazilusa.com\/pt\/wp-json\/wp\/v2\/posts"}],"about":[{"href":"https:\/\/tvbrazilusa.com\/pt\/wp-json\/wp\/v2\/types\/post"}],"author":[{"embeddable":true,"href":"https:\/\/tvbrazilusa.com\/pt\/wp-json\/wp\/v2\/users\/1"}],"replies":[{"embeddable":true,"href":"https:\/\/tvbrazilusa.com\/pt\/wp-json\/wp\/v2\/comments?post=92587"}],"version-history":[{"count":1,"href":"https:\/\/tvbrazilusa.com\/pt\/wp-json\/wp\/v2\/posts\/92587\/revisions"}],"predecessor-version":[{"id":92589,"href":"https:\/\/tvbrazilusa.com\/pt\/wp-json\/wp\/v2\/posts\/92587\/revisions\/92589"}],"wp:featuredmedia":[{"embeddable":true,"href":"https:\/\/tvbrazilusa.com\/pt\/wp-json\/wp\/v2\/media\/92588"}],"wp:attachment":[{"href":"https:\/\/tvbrazilusa.com\/pt\/wp-json\/wp\/v2\/media?parent=92587"}],"wp:term":[{"taxonomy":"category","embeddable":true,"href":"https:\/\/tvbrazilusa.com\/pt\/wp-json\/wp\/v2\/categories?post=92587"},{"taxonomy":"post_tag","embeddable":true,"href":"https:\/\/tvbrazilusa.com\/pt\/wp-json\/wp\/v2\/tags?post=92587"}],"curies":[{"name":"wp","href":"https:\/\/api.w.org\/{rel}","templated":true}]}}