{"id":92595,"date":"2025-01-16T23:36:47","date_gmt":"2025-01-16T23:36:47","guid":{"rendered":"https:\/\/tvbrazilusa.com\/2025\/01\/16\/bolsonaro-se-manifesta-depois-de-moraes-vetar-ida-a-posse-de-trump-grave-decepcao\/"},"modified":"2025-01-16T23:36:49","modified_gmt":"2025-01-16T23:36:49","slug":"bolsonaro-se-manifesta-depois-de-moraes-vetar-ida-a-posse-de-trump-grave-decepcao","status":"publish","type":"post","link":"https:\/\/tvbrazilusa.com\/pt\/2025\/01\/16\/bolsonaro-se-manifesta-depois-de-moraes-vetar-ida-a-posse-de-trump-grave-decepcao\/","title":{"rendered":"Bolsonaro se manifesta, depois de Moraes vetar ida \u00e0 posse de Trump: &#8216;Grave decep\u00e7\u00e3o&#8217;"},"content":{"rendered":"<p> <script async src=\"https:\/\/pagead2.googlesyndication.com\/pagead\/js\/adsbygoogle.js?client=ca-pub-8864793242727901\"\r\n     crossorigin=\"anonymous\"><\/script><br \/>\n<\/p>\n<div id=\"taboola-read-more\" style=\"display:block; width:100%\">\n<p>O ex-presidente Jair Bolsonaro expressou insatisfa\u00e7\u00e3o com a decis\u00e3o do ministro do Supremo Tribunal Federal (STF) Alexandre de Moraes, que negou seu pedido para viajar aos Estados Unidos. Bolsonaro desejava participar da posse do presidente eleito dos EUA, Donald Trump, marcada para a pr\u00f3xima segunda-feira, 20.\n<\/p>\n<p>Em suas redes sociais, o ex-presidente classificou, nesta quinta-feira, 16, a decis\u00e3o como uma \u201cgrave decep\u00e7\u00e3o\u201d.<\/p>\n<p>\u201cAs justificativas apresentadas para esta decis\u00e3o carecem de qualquer fundamento legal ou l\u00f3gico\u201d, escreveu o gabinete do ex-presidente na sua conta oficial. \u201cEle compareceu \u00e0 posse do Presidente Javier Milei na Argentina em dezembro de 2023 com permiss\u00e3o de Alexandre de Moraes e retornou ao Brasil como prometido, provando mais uma vez que n\u00e3o representa risco de fuga.\u201d\n<\/p>\n<p>Mais cedo, em entrevista ao programa Faroeste \u00e0 Brasileira, da Revista Oeste (confira abaixo), Bolsonaro confirmou que sua mulher, Michelle Bolsonaro, comparecer\u00e1 ao evento em seu lugar.\n<\/p>\n<p>Desde que a Pol\u00edcia Federal (PF) apreendeu seu passaporte, h\u00e1 quase um ano, o pol\u00edtico afirmou cumprir rigorosamente todas as ordens judiciais.\n<\/p>\n<p>O contexto da apreens\u00e3o do passaporte de Bolsonaro\n<\/p>\n<p>O passaporte de Bolsonaro foi confiscado pela PF em fevereiro, em meio a investiga\u00e7\u00f5es sobre uma suposta tentativa de golpe de Estado, num caso em que estriam envolvidos o ex-presidente, aliados e militares pr\u00f3ximos.\n<\/p>\n<p>Em novembro, o \u00f3rg\u00e3o policial indiciou formalmente Bolsonaro e outras 39 pessoas. No momento, o caso est\u00e1 sob an\u00e1lise da Procuradoria-geral da Rep\u00fablica, que deve decidir at\u00e9 fevereiro se os investigados ser\u00e3o denunciados, ou n\u00e3o, ao STF.\n<\/p>\n<p>Bolsonaro argumentou que, embora tenha recebido permiss\u00e3o para comparecer \u00e0 posse do presidente argentino Javier Milei em dezembro, o sistema jur\u00eddico continua a \u201cesticar os limites da l\u00f3gica jur\u00eddica\u201d para restringir seus direitos. Ele destacou que a decis\u00e3o de impedir sua participa\u00e7\u00e3o na posse de Trump afeta sua imagem e prejudica a posi\u00e7\u00e3o do Brasil no cen\u00e1rio internacional.\n<\/p>\n<p>O ex-presidente reafirmou seu compromisso em recorrer da decis\u00e3o e continuar a \u201dluta pela defesa da democracia e dos direitos dos brasileiros\u201d.\n<\/p>\n<p>\u201cDeclara\u00e7\u00e3o do Gabinete do Presidente Jair Bolsonaro\n<\/p>\n<p>A decis\u00e3o de hoje de Alexandre de Moraes de negar o pedido do Presidente Jair Bolsonaro para comparecer \u00e0 hist\u00f3rica posse do Presidente Donald Trump \u00e9 uma grave decep\u00e7\u00e3o \u2014 n\u00e3o apenas para o Presidente Bolsonaro, mas para os milh\u00f5es de brasileiros que ele representa e para a duradoura amizade entre o Brasil e os Estados Unidos.\n<\/p>\n<p>O convite do Presidente Trump a Bolsonaro simboliza os profundos la\u00e7os entre duas das maiores democracias das Am\u00e9ricas. A decis\u00e3o de impedir Bolsonaro de participar deste evento t\u00e3o importante diminui a posi\u00e7\u00e3o do Brasil no cen\u00e1rio global e envia uma mensagem preocupante sobre o estado da democracia e da justi\u00e7a em nosso pa\u00eds.\n<\/p>\n<p>Essa decis\u00e3o \u00e9 mais um exemplo do cont\u00ednuo uso de \u201clawfare\u201d (ativismo judicial) contra Bolsonaro \u2014 o uso sistem\u00e1tico da justi\u00e7a para neutraliz\u00e1-lo como advers\u00e1rio pol\u00edtico nos tribunais, para n\u00e3o enfrent\u00e1-lo nas urnas. Essas a\u00e7\u00f5es n\u00e3o t\u00eam a ver com justi\u00e7a ou com a preven\u00e7\u00e3o de risco de fuga. Elas t\u00eam a ver com medo: medo da popularidade de Bolsonaro, que lidera as pesquisas para as elei\u00e7\u00f5es de 2026; medo de seu amplo apoio entre brasileiros de todas as classes sociais e regi\u00f5es do pa\u00eds; e medo do que ele representa.\n<\/p>\n<p>As justificativas apresentadas para esta decis\u00e3o carecem de qualquer fundamento legal ou l\u00f3gico. Bolsonaro cumpriu todas as ordens judiciais desde que seu passaporte foi confiscado h\u00e1 quase um ano. Ele compareceu \u00e0 posse do Presidente Javier Milei na Argentina em dezembro de 2023 com permiss\u00e3o de Alexandre de Moraes e retornou ao Brasil como prometido, provando mais uma vez que n\u00e3o representa risco de fuga. Apesar disso, continua-se a esticar os limites da l\u00f3gica jur\u00eddica para restringir seus direitos, negando a milh\u00f5es de brasileiros a chance de ver seu principal candidato \u00e0 presid\u00eancia representado internacionalmente.\n<\/p>\n<p>O governo Lula claramente aprendeu com os erros nos Estados Unidos, onde o sistema de justi\u00e7a foi instrumentalizado para ganhos pol\u00edticos: mas l\u00e1 eles n\u00e3o agiram r\u00e1pido o suficiente para destruir seu oponente pol\u00edtico, Donald Trump, e ele superou esse ativismo judicial. Eu tamb\u00e9m superarei.\n<\/p>\n<p>Esta decis\u00e3o tamb\u00e9m representa uma oportunidade perdida de fortalecer a rela\u00e7\u00e3o entre os Estados Unidos e o Brasil em um momento cr\u00edtico. O Presidente Trump enfatizou a unidade global contra o \u201clawfare\u201d e governos instrumentalizados para atacar opositores pol\u00edticos, convidando l\u00edderes de todo o mundo para sua posse. Impedir Bolsonaro de comparecer enfraquece os la\u00e7os diplom\u00e1ticos e econ\u00f4micos entre nossos pa\u00edses e afasta ainda mais o Brasil de um alinhamento com o mundo livre.\n<\/p>\n<p>Isso n\u00e3o \u00e9 sobre um homem ou uma decis\u00e3o; n\u00e3o \u00e9 sobre direita ou esquerda, \u00e9 sobre o futuro da democracia no Brasil. Se o sistema de justi\u00e7a pode tirar os direitos de um ex-presidente que representa milh\u00f5es de brasileiros, ele pode fazer o mesmo com qualquer um. O povo brasileiro merece algo melhor do que decis\u00f5es que minam os pr\u00f3prios princ\u00edpios de justi\u00e7a e democracia que se pretende defender.\n<\/p>\n<p>A luta pela democracia, liberdade e pelo direito do povo brasileiro de escolher seus l\u00edderes continuar\u00e1. \u201cLawfare\u201d n\u00e3o prevalecer\u00e1.\u201d\n<\/p>\n<p>Fonte: Revista Oeste              <\/p>\n<\/div>\n<p><br \/>\n<br \/><a href=\"https:\/\/diariodobrasilnoticias.com.br\/noticia\/bolsonaro-se-manifesta-depois-de-moraes-vetar-ida-a-posse-de-trump-grave-decepcao-6789804d39fde\">Source link <\/a><\/p>","protected":false},"excerpt":{"rendered":"<p>O ex-presidente Jair Bolsonaro expressou insatisfa\u00e7\u00e3o com a decis\u00e3o do ministro do Supremo Tribunal Federal (STF) Alexandre de Moraes, que negou seu pedido para viajar aos Estados Unidos. Bolsonaro desejava&hellip;<\/p>","protected":false},"author":1,"featured_media":92596,"comment_status":"closed","ping_status":"open","sticky":false,"template":"","format":"standard","meta":{"content-type":"","footnotes":""},"categories":[16],"tags":[123,2448,5313,1267],"class_list":["post-92595","post","type-post","status-publish","format-standard","has-post-thumbnail","hentry","category-noticias","tag-brasil","tag-diario","tag-noticia","tag-noticias"],"_links":{"self":[{"href":"https:\/\/tvbrazilusa.com\/pt\/wp-json\/wp\/v2\/posts\/92595","targetHints":{"allow":["GET"]}}],"collection":[{"href":"https:\/\/tvbrazilusa.com\/pt\/wp-json\/wp\/v2\/posts"}],"about":[{"href":"https:\/\/tvbrazilusa.com\/pt\/wp-json\/wp\/v2\/types\/post"}],"author":[{"embeddable":true,"href":"https:\/\/tvbrazilusa.com\/pt\/wp-json\/wp\/v2\/users\/1"}],"replies":[{"embeddable":true,"href":"https:\/\/tvbrazilusa.com\/pt\/wp-json\/wp\/v2\/comments?post=92595"}],"version-history":[{"count":1,"href":"https:\/\/tvbrazilusa.com\/pt\/wp-json\/wp\/v2\/posts\/92595\/revisions"}],"predecessor-version":[{"id":92597,"href":"https:\/\/tvbrazilusa.com\/pt\/wp-json\/wp\/v2\/posts\/92595\/revisions\/92597"}],"wp:featuredmedia":[{"embeddable":true,"href":"https:\/\/tvbrazilusa.com\/pt\/wp-json\/wp\/v2\/media\/92596"}],"wp:attachment":[{"href":"https:\/\/tvbrazilusa.com\/pt\/wp-json\/wp\/v2\/media?parent=92595"}],"wp:term":[{"taxonomy":"category","embeddable":true,"href":"https:\/\/tvbrazilusa.com\/pt\/wp-json\/wp\/v2\/categories?post=92595"},{"taxonomy":"post_tag","embeddable":true,"href":"https:\/\/tvbrazilusa.com\/pt\/wp-json\/wp\/v2\/tags?post=92595"}],"curies":[{"name":"wp","href":"https:\/\/api.w.org\/{rel}","templated":true}]}}