{"id":92658,"date":"2025-01-17T02:57:03","date_gmt":"2025-01-17T02:57:03","guid":{"rendered":"https:\/\/tvbrazilusa.com\/2025\/01\/17\/flavio-bolsonaro-processa-haddad-devido-a-acusacao-de-rachadinha\/"},"modified":"2025-01-17T02:57:04","modified_gmt":"2025-01-17T02:57:04","slug":"flavio-bolsonaro-processa-haddad-devido-a-acusacao-de-rachadinha","status":"publish","type":"post","link":"https:\/\/tvbrazilusa.com\/pt\/2025\/01\/17\/flavio-bolsonaro-processa-haddad-devido-a-acusacao-de-rachadinha\/","title":{"rendered":"Fl\u00e1vio Bolsonaro processa Haddad devido \u00e0 acusa\u00e7\u00e3o de rachadinha"},"content":{"rendered":"<p> <script async src=\"https:\/\/pagead2.googlesyndication.com\/pagead\/js\/adsbygoogle.js?client=ca-pub-8864793242727901\"\r\n     crossorigin=\"anonymous\"><\/script><br \/>\n<\/p>\n<div id=\"taboola-read-more\" style=\"display:block; width:100%\">\n<p>O senador Fl\u00e1vio Bolsonaro (PL-RJ) ajuizou uma a\u00e7\u00e3o de indeniza\u00e7\u00e3o por danos morais contra o ministro da Fazenda, Fernando Haddad. O primog\u00eanito de Jair Bolsonaro alega que Haddad feriu sua honra, imagem e a reputa\u00e7\u00e3o com acusa\u00e7\u00f5es \u201cfalsas e infundadas\u201d.\n<\/p>\n<p>\u201cAs afirma\u00e7\u00f5es p\u00fablicas e a vincula\u00e7\u00e3o do nome do senador \u00e0 pr\u00e1tica de crimes geram dano moral evidente, afetando negativamente sua imagem p\u00fablica, pessoal e pol\u00edtica. H\u00e1 nexo entre as declara\u00e7\u00f5es de Haddad e o dano causado \u00e0 honra e reputa\u00e7\u00e3o de Fl\u00e1vio Bolsonaro, raz\u00e3o pela qual Fernando Haddad deve ser condenado\u201d, alega a defesa de Fl\u00e1vio Bolsonaro.<\/p>\n<p>O pedido \u00e9 para que Fernando Haddad seja condenado a pagar indeniza\u00e7\u00e3o por danos morais no valor de 40 sal\u00e1rios m\u00ednimos, al\u00e9m do pagamento das custas processuais, o que d\u00e1 um valor \u00e0 causa de R$ 60.720,00. O processo tramita no 1\u00ba Juizado Especial C\u00edvel de Bras\u00edlia.\n<\/p>\n<p>O que aconteceu:\n<\/p>\n<p>Ao anunciar a revoga\u00e7\u00e3o do ato normativo da Receita Federal sobre o monitoramento das movimenta\u00e7\u00f5es por Pix, na tarde desta quarta-feira (15\/1), o ministro da Fazenda, Fernando Haddad, alfinetou o senador Fl\u00e1vio Bolsonaro (PL-RJ). Fl\u00e1vio foi investigado pela pr\u00e1tica de rachadinha em seu gabinete na \u00e9poca em que exerceu mandato na Assembleia Legislativa do Rio de Janeiro (Alerj). Ao final, ap\u00f3s idas e vindas judiciais, ele n\u00e3o foi processado.<br \/>Haddad deu a seguinte declara\u00e7\u00e3o: \u201cN\u00e3o podemos colocar a perder os instrumentos que o Estado tem de combater o crime. As rachadinhas do senador Fl\u00e1vio foram combatidas porque a autoridade identificou uma movimenta\u00e7\u00e3o absurda nas contas do Fl\u00e1vio Bolsonaro. Agora o Fl\u00e1vio Bolsonaro est\u00e1 reclamando da Receita? Ele n\u00e3o pode reclamar da Receita, ele foi pego pela Receita\u201d, disse o ministro da Fazenda.<br \/>Em tom cr\u00edtico, em meio \u00e0 crise causada no governo pela pol\u00eamica do Pix, Haddad seguiu: \u201cEsse pessoal que comprou mais de cem im\u00f3veis com dinheiro de rachadinha n\u00e3o pode ficar indignado com o trabalho s\u00e9rio que a Receita est\u00e1 fazendo. O Fl\u00e1vio Bolsonaro, ao inv\u00e9s de criticar o governo, deveria se explicar: como \u00e9 que ele, sem nunca ter trabalhado, angariou um patrim\u00f4nio espetacular?\u201d, completou o ministro.<br \/>Em seguida, o ministro defendeu o trabalho do Fisco e disse que o governo precisa de \u201cinstrumentos\u201d para combater o crime organizado.\n<\/p>\n<p>Na ocasi\u00e3o, a norma da Receita, que previa monitoramento de transa\u00e7\u00f5es Pix que somassem pelo menos R$ 5 mil por m\u00eas para pessoas f\u00edsicas e R$ 15 mil para pessoas jur\u00eddicas (as empresas) foi revogada.\n<\/p>\n<p>Fonte: CNN Brasil              <\/p>\n<\/div>\n<p><br \/>\n<br \/><a href=\"https:\/\/diariodobrasilnoticias.com.br\/noticia\/flavio-bolsonaro-processa-haddad-devido-a-acusacao-de-rachadinha-67896db5d7a80\">Source link <\/a><\/p>","protected":false},"excerpt":{"rendered":"<p>O senador Fl\u00e1vio Bolsonaro (PL-RJ) ajuizou uma a\u00e7\u00e3o de indeniza\u00e7\u00e3o por danos morais contra o ministro da Fazenda, Fernando Haddad. O primog\u00eanito de Jair Bolsonaro alega que Haddad feriu sua&hellip;<\/p>","protected":false},"author":1,"featured_media":92659,"comment_status":"closed","ping_status":"open","sticky":false,"template":"","format":"standard","meta":{"content-type":"","footnotes":""},"categories":[16],"tags":[123,2448,5313,1267],"class_list":["post-92658","post","type-post","status-publish","format-standard","has-post-thumbnail","hentry","category-noticias","tag-brasil","tag-diario","tag-noticia","tag-noticias"],"_links":{"self":[{"href":"https:\/\/tvbrazilusa.com\/pt\/wp-json\/wp\/v2\/posts\/92658","targetHints":{"allow":["GET"]}}],"collection":[{"href":"https:\/\/tvbrazilusa.com\/pt\/wp-json\/wp\/v2\/posts"}],"about":[{"href":"https:\/\/tvbrazilusa.com\/pt\/wp-json\/wp\/v2\/types\/post"}],"author":[{"embeddable":true,"href":"https:\/\/tvbrazilusa.com\/pt\/wp-json\/wp\/v2\/users\/1"}],"replies":[{"embeddable":true,"href":"https:\/\/tvbrazilusa.com\/pt\/wp-json\/wp\/v2\/comments?post=92658"}],"version-history":[{"count":1,"href":"https:\/\/tvbrazilusa.com\/pt\/wp-json\/wp\/v2\/posts\/92658\/revisions"}],"predecessor-version":[{"id":92660,"href":"https:\/\/tvbrazilusa.com\/pt\/wp-json\/wp\/v2\/posts\/92658\/revisions\/92660"}],"wp:featuredmedia":[{"embeddable":true,"href":"https:\/\/tvbrazilusa.com\/pt\/wp-json\/wp\/v2\/media\/92659"}],"wp:attachment":[{"href":"https:\/\/tvbrazilusa.com\/pt\/wp-json\/wp\/v2\/media?parent=92658"}],"wp:term":[{"taxonomy":"category","embeddable":true,"href":"https:\/\/tvbrazilusa.com\/pt\/wp-json\/wp\/v2\/categories?post=92658"},{"taxonomy":"post_tag","embeddable":true,"href":"https:\/\/tvbrazilusa.com\/pt\/wp-json\/wp\/v2\/tags?post=92658"}],"curies":[{"name":"wp","href":"https:\/\/api.w.org\/{rel}","templated":true}]}}