{"id":92661,"date":"2025-01-17T03:09:25","date_gmt":"2025-01-17T03:09:25","guid":{"rendered":"https:\/\/tvbrazilusa.com\/2025\/01\/17\/proposta-da-vereadora-visa-proibir-musicas-violentas-e-obscenas-nas-escolas\/"},"modified":"2025-01-17T03:09:26","modified_gmt":"2025-01-17T03:09:26","slug":"proposta-da-vereadora-visa-proibir-musicas-violentas-e-obscenas-nas-escolas","status":"publish","type":"post","link":"https:\/\/tvbrazilusa.com\/pt\/2025\/01\/17\/proposta-da-vereadora-visa-proibir-musicas-violentas-e-obscenas-nas-escolas\/","title":{"rendered":"Proposta da vereadora visa proibir m\u00fasicas violentas e obscenas nas escolas"},"content":{"rendered":"<p> <script async src=\"https:\/\/pagead2.googlesyndication.com\/pagead\/js\/adsbygoogle.js?client=ca-pub-8864793242727901\"\r\n     crossorigin=\"anonymous\"><\/script><br \/>\n<\/p>\n<div id=\"taboola-read-more\" style=\"display:block; width:100%\">\n<p>Preocupada com a qualidade das m\u00fasicas ouvidas pelos estudantes de Londrina (PR), a vereadora Jessic\u00e3o (PP) apresentou um projeto de lei para proibir can\u00e7\u00f5es que sejam consideradas inapropriadas. O texto visa garantir que o ambiente escolar e eventos destinados aos jovens \u201csejam isentos de conte\u00fados que possam comprometer o desenvolvimento pleno\u201d de crian\u00e7as e adolescentes.\n<\/p>\n<p>A ideia \u00e9 proibir m\u00fasicas que incitem viol\u00eancia, discrimina\u00e7\u00e3o ou preconceito; fa\u00e7am apologia a drogas; contenham linguagem obscena; e promovam qualquer tipo de descrimina\u00e7\u00e3o. O projeto define que a fiscaliza\u00e7\u00e3o ser\u00e1 feito pelo Conselho Tutelar, Secretaria Municipal de Educa\u00e7\u00e3o ou algum \u00f3rg\u00e3o definido pelo Executivo.<\/p>\n<p>M\u00fasicas que promovem apologia a crimes, sexo ou drogas n\u00e3o apresentam valor cultural ou educativo; pelo contr\u00e1rio, podem estimular comportamentos inadequados ou exercer influ\u00eancia<br \/>negativa \u2013 explica a veredora no projeto.\n<\/p>\n<p>No texto, Jessic\u00e3o afirma que a Legisla\u00e7\u00e3o brasileira \u201cassegura \u00e0s crian\u00e7as e aos adolescentes o direito de ter acesso a oportunidades e condi\u00e7\u00f5es que favore\u00e7am seu desenvolvimento f\u00edsico, mental, moral, espiritual e social\u201d.\n<\/p>\n<p>\u2013 Existe a necessidade de implementa\u00e7\u00e3o de normas e procedimentos que visem impedir a execu\u00e7\u00e3o de m\u00fasicas inadequadas, especialmente no ambiente escolar. O presente projeto de lei visa proteger e preservar o desenvolvimento moral dos alunos da rede p\u00fablica municipal de ensino e das crian\u00e7as e adolescentes em geral e evitar os malef\u00edcios advindos da execu\u00e7\u00e3o de m\u00fasicas com letras que fa\u00e7am apologia ao crime, ao uso de drogas, pornogr\u00e1ficas e que utilizem linguajar obsceno, ou de estilo ou g\u00eanero musica que, em sua maioria, contenham m\u00fasicas com essa predomin\u00e2ncia \u2013 ressaltou a vereadora.\n<\/p>\n<p>Fonte: Pleno News              <\/p>\n<\/div>\n<p><br \/>\n<br \/><a href=\"https:\/\/diariodobrasilnoticias.com.br\/noticia\/proposta-da-vereadora-visa-proibir-musicas-violentas-e-obscenas-nas-escolas-678989f68272b\">Source link <\/a><\/p>","protected":false},"excerpt":{"rendered":"<p>Preocupada com a qualidade das m\u00fasicas ouvidas pelos estudantes de Londrina (PR), a vereadora Jessic\u00e3o (PP) apresentou um projeto de lei para proibir can\u00e7\u00f5es que sejam consideradas inapropriadas. O texto&hellip;<\/p>","protected":false},"author":1,"featured_media":92662,"comment_status":"closed","ping_status":"open","sticky":false,"template":"","format":"standard","meta":{"content-type":"","footnotes":""},"categories":[16],"tags":[123,2448,5313,1267],"class_list":["post-92661","post","type-post","status-publish","format-standard","has-post-thumbnail","hentry","category-noticias","tag-brasil","tag-diario","tag-noticia","tag-noticias"],"_links":{"self":[{"href":"https:\/\/tvbrazilusa.com\/pt\/wp-json\/wp\/v2\/posts\/92661","targetHints":{"allow":["GET"]}}],"collection":[{"href":"https:\/\/tvbrazilusa.com\/pt\/wp-json\/wp\/v2\/posts"}],"about":[{"href":"https:\/\/tvbrazilusa.com\/pt\/wp-json\/wp\/v2\/types\/post"}],"author":[{"embeddable":true,"href":"https:\/\/tvbrazilusa.com\/pt\/wp-json\/wp\/v2\/users\/1"}],"replies":[{"embeddable":true,"href":"https:\/\/tvbrazilusa.com\/pt\/wp-json\/wp\/v2\/comments?post=92661"}],"version-history":[{"count":1,"href":"https:\/\/tvbrazilusa.com\/pt\/wp-json\/wp\/v2\/posts\/92661\/revisions"}],"predecessor-version":[{"id":92663,"href":"https:\/\/tvbrazilusa.com\/pt\/wp-json\/wp\/v2\/posts\/92661\/revisions\/92663"}],"wp:featuredmedia":[{"embeddable":true,"href":"https:\/\/tvbrazilusa.com\/pt\/wp-json\/wp\/v2\/media\/92662"}],"wp:attachment":[{"href":"https:\/\/tvbrazilusa.com\/pt\/wp-json\/wp\/v2\/media?parent=92661"}],"wp:term":[{"taxonomy":"category","embeddable":true,"href":"https:\/\/tvbrazilusa.com\/pt\/wp-json\/wp\/v2\/categories?post=92661"},{"taxonomy":"post_tag","embeddable":true,"href":"https:\/\/tvbrazilusa.com\/pt\/wp-json\/wp\/v2\/tags?post=92661"}],"curies":[{"name":"wp","href":"https:\/\/api.w.org\/{rel}","templated":true}]}}