{"id":92682,"date":"2025-01-17T08:29:13","date_gmt":"2025-01-17T08:29:13","guid":{"rendered":"https:\/\/tvbrazilusa.com\/2025\/01\/17\/%f0%9f%8c%b1-comemore-o-dia-mlk-com-eventos-de-fort-myers\/"},"modified":"2025-01-17T08:36:32","modified_gmt":"2025-01-17T08:36:32","slug":"%f0%9f%8c%b1-comemore-o-dia-mlk-com-eventos-de-fort-myers","status":"publish","type":"post","link":"https:\/\/tvbrazilusa.com\/pt\/2025\/01\/17\/%f0%9f%8c%b1-comemore-o-dia-mlk-com-eventos-de-fort-myers\/","title":{"rendered":"\ud83c\udf31 Comemore o Dia MLK com eventos de Fort Myers"},"content":{"rendered":"<p> <script async src=\"https:\/\/pagead2.googlesyndication.com\/pagead\/js\/adsbygoogle.js?client=ca-pub-8864793242727901\"\r\n     crossorigin=\"anonymous\"><\/script><br \/>\n<\/p>\n<div>\n<p>Ei, ei, Fort Myers! Sua fonte completa de not\u00edcias locais est\u00e1 aqui. Continue lendo para todas as atualiza\u00e7\u00f5es. \u2600\ufe0f <strong>No boletim informativo de hoje:<\/strong><\/p>\n<\/div>\n<div>\n<ul>\n<li>Comemore o Dia MLK com eventos em Fort Myers<\/li>\n<li>Junte-se ao Comit\u00ea de Arte P\u00fablica de Fort Myers<\/li>\n<li>Custos de expans\u00e3o de aeroporto disparam em Fort Myers<\/li>\n<\/ul>\n<p>Tamb\u00e9m no calend\u00e1rio de hoje: <strong>Aula de pintura de len\u00e7o de seda com a artista Marie Dyer <\/strong> e 12 outros eventos.<\/p>\n<p><em>Enigma de hoje:<\/em> Como o oceano disse oi para a praia? \ud83e\udd14 Continue lendo para descobrir.<\/p>\n<\/div>\n<div>\n<hr\/>\n<p> <a href=\"https:\/\/patch.com\/florida\/fort-myers\/weather\"><strong>Previs\u00e3o do tempo:<\/strong><\/a> <\/p>\n<ul>\n<li class=\"sans\"><strong>Sexta-feira:<\/strong> Nuvens dando lugar ao sol, com m\u00e1xima de 66 e m\u00ednima de 61 graus. <\/li>\n<li class=\"sans\"><strong>S\u00e1bado:<\/strong> Nublado, ventoso e mais quente, temperatura: alta: 76, baixa: 65. <\/li>\n<li class=\"sans\"><strong>Domingo:<\/strong> Tempestade t \u00e0 tarde em alguns pontos, com m\u00e1xima de 80 e m\u00ednima de 56 graus. <\/li>\n<\/ul>\n<hr\/>\n<h4>\ud83d\udcf0 <strong>Not\u00edcias que estamos lendo<\/strong><\/h4>\n<p><b>1. SWFL celebra o Dia MLK com reuni\u00f5es e servi\u00e7os comunit\u00e1rios<\/b> (<a href=\"https:\/\/winknews.com\/2025\/01\/15\/swfl-celebrates-mlk-day-with-community-gatherings-and-service\" target=\"_blank\" rel=\"nofollow\">winknews. com<\/a>) \u2013 O sudoeste da Fl\u00f3rida est\u00e1 se preparando para o Dia de Martin Luther King Jr. com v\u00e1rios eventos, incluindo o MLK Legacy Weekend em Fort Myers. As celebra\u00e7\u00f5es incluem uma marcha comemorativa e um pequeno-almo\u00e7o de unidade, destacando o legado do l\u00edder dos direitos civis. <br \/><a href=\"https:\/\/fort-myers-fl.patch.am\/rate-item?d=u&#038;h=eyJsb2MiOiI3NjkyIiwic291cmNlIjoid2lua25ld3MuY29tIiwidGl0bGUiOiJTV0ZMIGNlbGVicmF0ZXMgTUxLIERheSB3aXRoIGNvbW11bml0eSBnYXRoZXJpbmdzIGFuZCBzZXJ2aWNlIiwidXJsIjoiaHR0cHM6XC9cL3dpbmtuZXdzLmNvbVwvMjAyNVwvMDFcLzE1XC9zd2ZsLWNlbGVicmF0ZXMtbWxrLWRheS13aXRoLWNvbW11bml0eS1nYXRoZXJpbmdzLWFuZC1zZXJ2aWNlIiwiYXJ0aWQiOiJmYmNkYjRjYTY4NzRlYjA0YTk1ZGE2ZDhkNDE4Mzc4OCJ9\" target=\"_blank\" rel=\"nofollow\"><\/a>   <a href=\"https:\/\/fort-myers-fl.patch.am\/rate-item?d=d&#038;h=eyJsb2MiOiI3NjkyIiwic291cmNlIjoid2lua25ld3MuY29tIiwidGl0bGUiOiJTV0ZMIGNlbGVicmF0ZXMgTUxLIERheSB3aXRoIGNvbW11bml0eSBnYXRoZXJpbmdzIGFuZCBzZXJ2aWNlIiwidXJsIjoiaHR0cHM6XC9cL3dpbmtuZXdzLmNvbVwvMjAyNVwvMDFcLzE1XC9zd2ZsLWNlbGVicmF0ZXMtbWxrLWRheS13aXRoLWNvbW11bml0eS1nYXRoZXJpbmdzLWFuZC1zZXJ2aWNlIiwiYXJ0aWQiOiJmYmNkYjRjYTY4NzRlYjA0YTk1ZGE2ZDhkNDE4Mzc4OCJ9\" target=\"_blank\" rel=\"nofollow\"><img decoding=\"async\" class=\"thumbs\" width=\"16\" height=\"16\" src=\"https:\/\/patch.com\/img\/cdn\/assets\/layout\/thumb_down_16x16.png\" data-sizes=\"(min-width: 780px) 726px, 100vw\" srcset=\"https:\/\/patch.com\/img\/cdn\/assets\/layout\/thumb_down_16x16.png?width=640 640w, https:\/\/patch.com\/img\/cdn\/assets\/layout\/thumb_down_16x16.png?width=726 726w\"\/><\/a><\/p>\n<\/div>\n<div>\n<p><b>2. Comit\u00ea de Arte P\u00fablica da cidade de Fort Myers pretende preencher tr\u00eas vagas<\/b> (<a href=\"https:\/\/news.wgcu.org\/arts-and-culture\/2025-01-16\/city-of-fort-myers-public-art-committee-looking-to-fill-three-vacancies\" target=\"_blank\" rel=\"nofollow\">wgcu.org<\/a>) \u2014 O Comit\u00ea de Arte P\u00fablica da cidade de Fort Myers est\u00e1 procurando novos membros para preencher tr\u00eas vagas. O comit\u00ea tem sido fundamental para melhorar a paisagem cultural da cidade com murais e instala\u00e7\u00f5es de arte p\u00fablica. Os residentes s\u00e3o incentivados a se inscrever para ajudar a moldar <b>Fort Myers<\/b> como um destino art\u00edstico. <br \/><a href=\"https:\/\/fort-myers-fl.patch.am\/rate-item?d=u&#038;h=eyJsb2MiOiI3NjkyIiwic291cmNlIjoid2djdS5vcmciLCJ0aXRsZSI6IkNpdHkgb2YgRm9ydCBNeWVycycgUHVibGljIEFydCBDb21taXR0ZWUgbG9va2luZyB0byBmaWxsIHRocmVlIHZhY2FuY2llcyIsInVybCI6Imh0dHBzOlwvXC9uZXdzLndnY3Uub3JnXC9hcnRzLWFuZC1jdWx0dXJlXC8yMDI1LTAxLTE2XC9jaXR5LW9mLWZvcnQtbXllcnMtcHVibGljLWFydC1jb21taXR0ZWUtbG9va2luZy10by1maWxsLXRocmVlLXZhY2FuY2llcyIsImFydGlkIjoiNmUxYzhjMjU4ZTAxZDliZjc3ZWI5YzFjZDgzNDcxOTQifQ==\" target=\"_blank\" rel=\"nofollow\"><img decoding=\"async\" class=\"thumbs\" width=\"16\" height=\"16\" src=\"https:\/\/patch.com\/img\/cdn\/assets\/layout\/thumb_up_16x16.png\" data-rel=\"penci-gallery-image-content\"  data-sizes=\"(min-width: 780px) 726px, 100vw\" srcset=\"https:\/\/patch.com\/img\/cdn\/assets\/layout\/thumb_up_16x16.png?width=640 640w, https:\/\/patch.com\/img\/cdn\/assets\/layout\/thumb_up_16x16.png?width=726 726w\"\/><\/a>   <a href=\"https:\/\/fort-myers-fl.patch.am\/rate-item?d=d&#038;h=eyJsb2MiOiI3NjkyIiwic291cmNlIjoid2djdS5vcmciLCJ0aXRsZSI6IkNpdHkgb2YgRm9ydCBNeWVycycgUHVibGljIEFydCBDb21taXR0ZWUgbG9va2luZyB0byBmaWxsIHRocmVlIHZhY2FuY2llcyIsInVybCI6Imh0dHBzOlwvXC9uZXdzLndnY3Uub3JnXC9hcnRzLWFuZC1jdWx0dXJlXC8yMDI1LTAxLTE2XC9jaXR5LW9mLWZvcnQtbXllcnMtcHVibGljLWFydC1jb21taXR0ZWUtbG9va2luZy10by1maWxsLXRocmVlLXZhY2FuY2llcyIsImFydGlkIjoiNmUxYzhjMjU4ZTAxZDliZjc3ZWI5YzFjZDgzNDcxOTQifQ==\" target=\"_blank\" rel=\"nofollow\"><img decoding=\"async\" class=\"thumbs\" width=\"16\" height=\"16\" src=\"https:\/\/patch.com\/img\/cdn\/assets\/layout\/thumb_down_16x16.png\" data-sizes=\"(min-width: 780px) 726px, 100vw\" srcset=\"https:\/\/patch.com\/img\/cdn\/assets\/layout\/thumb_down_16x16.png?width=640 640w, https:\/\/patch.com\/img\/cdn\/assets\/layout\/thumb_down_16x16.png?width=726 726w\"\/><\/a><\/p>\n<p><b>3. Os custos disparam, o cronograma cresce para a primeira fase de expans\u00e3o do terminal na SWFL International<\/b> (<a href=\"https:\/\/www.news-press.com\/story\/money\/companies\/2025\/01\/16\/costs-concerns-mount-for-expansion-project-at-swfl-international-rsw-terminals\/77743376007\" target=\"_blank\" rel=\"nofollow\">news-press.com<\/a>) \u2014 O Aeroporto Internacional do Sudoeste da Fl\u00f3rida, em Fort Myers, est\u00e1 enfrentando aumentos de custos significativos e atrasos em seu projeto de expans\u00e3o do terminal. A Autoridade Portu\u00e1ria do Condado de Lee planeja uma reuni\u00e3o especial para tratar dessas quest\u00f5es, com poss\u00edveis revis\u00f5es de contrato que poderiam dobrar o or\u00e7amento do projeto e estender seu cronograma em mais de tr\u00eas anos. <br \/><a href=\"https:\/\/fort-myers-fl.patch.am\/rate-item?d=u&#038;h=eyJsb2MiOiI3NjkyIiwic291cmNlIjoibmV3cy1wcmVzcy5jb20iLCJ0aXRsZSI6IkNvc3RzIHNreXJvY2tldCwgdGltZWxpbmUgZ3Jvd3MgZm9yIGZpcnN0IHBoYXNlIG9mIHRlcm1pbmFsIGV4cGFuc2lvbiBhdCBTV0ZMIEludGVybmF0aW9uYWwiLCJ1cmwiOiJodHRwczpcL1wvd3d3Lm5ld3MtcHJlc3MuY29tXC9zdG9yeVwvbW9uZXlcL2NvbXBhbmllc1wvMjAyNVwvMDFcLzE2XC9jb3N0cy1jb25jZXJucy1tb3VudC1mb3ItZXhwYW5zaW9uLXByb2plY3QtYXQtc3dmbC1pbnRlcm5hdGlvbmFsLXJzdy10ZXJtaW5hbHNcLzc3NzQzMzc2MDA3IiwiYXJ0aWQiOiIzNzZmMTg3NGRhMjY1ZGE2YmU1MjdkMjk2YjI2MWY2MyJ9\" target=\"_blank\" rel=\"nofollow\"><img decoding=\"async\" class=\"thumbs\" width=\"16\" height=\"16\" src=\"https:\/\/patch.com\/img\/cdn\/assets\/layout\/thumb_up_16x16.png\" data-rel=\"penci-gallery-image-content\"  data-sizes=\"(min-width: 780px) 726px, 100vw\" srcset=\"https:\/\/patch.com\/img\/cdn\/assets\/layout\/thumb_up_16x16.png?width=640 640w, https:\/\/patch.com\/img\/cdn\/assets\/layout\/thumb_up_16x16.png?width=726 726w\"\/><\/a>   <a href=\"https:\/\/fort-myers-fl.patch.am\/rate-item?d=d&#038;h=eyJsb2MiOiI3NjkyIiwic291cmNlIjoibmV3cy1wcmVzcy5jb20iLCJ0aXRsZSI6IkNvc3RzIHNreXJvY2tldCwgdGltZWxpbmUgZ3Jvd3MgZm9yIGZpcnN0IHBoYXNlIG9mIHRlcm1pbmFsIGV4cGFuc2lvbiBhdCBTV0ZMIEludGVybmF0aW9uYWwiLCJ1cmwiOiJodHRwczpcL1wvd3d3Lm5ld3MtcHJlc3MuY29tXC9zdG9yeVwvbW9uZXlcL2NvbXBhbmllc1wvMjAyNVwvMDFcLzE2XC9jb3N0cy1jb25jZXJucy1tb3VudC1mb3ItZXhwYW5zaW9uLXByb2plY3QtYXQtc3dmbC1pbnRlcm5hdGlvbmFsLXJzdy10ZXJtaW5hbHNcLzc3NzQzMzc2MDA3IiwiYXJ0aWQiOiIzNzZmMTg3NGRhMjY1ZGE2YmU1MjdkMjk2YjI2MWY2MyJ9\" target=\"_blank\" rel=\"nofollow\"><img decoding=\"async\" class=\"thumbs\" width=\"16\" height=\"16\" src=\"https:\/\/patch.com\/img\/cdn\/assets\/layout\/thumb_down_16x16.png\" data-sizes=\"(min-width: 780px) 726px, 100vw\" srcset=\"https:\/\/patch.com\/img\/cdn\/assets\/layout\/thumb_down_16x16.png?width=640 640w, https:\/\/patch.com\/img\/cdn\/assets\/layout\/thumb_down_16x16.png?width=726 726w\"\/><\/a><\/p>\n<\/div>\n<div>\n<p><b>4. Adolescente de Fort Myers ferido em ataque terrorista em Nova Orleans retornando para a Fl\u00f3rida<\/b> (<a href=\"https:\/\/www.nbc-2.com\/article\/fort-myers-teen-injured-new-orleans-terror-attack-return\/63449821\" target=\"_blank\" rel=\"nofollow\">nbc-2.com<\/a>) \u2013 Um adolescente de Fort Myers ferido em um ataque terrorista em Nova Orleans est\u00e1 retornando \u00e0 Fl\u00f3rida para reabilita\u00e7\u00e3o. A comunidade demonstrou forte apoio a Elle Eisele, que ficou hospitalizada durante 16 dias ap\u00f3s o incidente. <br \/><a href=\"https:\/\/fort-myers-fl.patch.am\/rate-item?d=u&#038;h=eyJsb2MiOiI3NjkyIiwic291cmNlIjoibmJjLTIuY29tIiwidGl0bGUiOiJGb3J0IE15ZXJzIHRlZW4gaW5qdXJlZCBpbiBOZXcgT3JsZWFucyB0ZXJyb3IgYXR0YWNrIHJldHVybmluZyB0byBGbG9yaWRhIiwidXJsIjoiaHR0cHM6XC9cL3d3dy5uYmMtMi5jb21cL2FydGljbGVcL2ZvcnQtbXllcnMtdGVlbi1pbmp1cmVkLW5ldy1vcmxlYW5zLXRlcnJvci1hdHRhY2stcmV0dXJuXC82MzQ0OTgyMSIsImFydGlkIjoiOWE3ZTJjYzM3YTBiMjhiODY1NjVhY2RlMWFhMWI1YTQifQ==\" target=\"_blank\" rel=\"nofollow\"><img decoding=\"async\" class=\"thumbs\" width=\"16\" height=\"16\" src=\"https:\/\/patch.com\/img\/cdn\/assets\/layout\/thumb_up_16x16.png\" data-rel=\"penci-gallery-image-content\"  data-sizes=\"(min-width: 780px) 726px, 100vw\" srcset=\"https:\/\/patch.com\/img\/cdn\/assets\/layout\/thumb_up_16x16.png?width=640 640w, https:\/\/patch.com\/img\/cdn\/assets\/layout\/thumb_up_16x16.png?width=726 726w\"\/><\/a>   <a href=\"https:\/\/fort-myers-fl.patch.am\/rate-item?d=d&#038;h=eyJsb2MiOiI3NjkyIiwic291cmNlIjoibmJjLTIuY29tIiwidGl0bGUiOiJGb3J0IE15ZXJzIHRlZW4gaW5qdXJlZCBpbiBOZXcgT3JsZWFucyB0ZXJyb3IgYXR0YWNrIHJldHVybmluZyB0byBGbG9yaWRhIiwidXJsIjoiaHR0cHM6XC9cL3d3dy5uYmMtMi5jb21cL2FydGljbGVcL2ZvcnQtbXllcnMtdGVlbi1pbmp1cmVkLW5ldy1vcmxlYW5zLXRlcnJvci1hdHRhY2stcmV0dXJuXC82MzQ0OTgyMSIsImFydGlkIjoiOWE3ZTJjYzM3YTBiMjhiODY1NjVhY2RlMWFhMWI1YTQifQ==\" target=\"_blank\" rel=\"nofollow\"><img decoding=\"async\" class=\"thumbs\" width=\"16\" height=\"16\" src=\"https:\/\/patch.com\/img\/cdn\/assets\/layout\/thumb_down_16x16.png\" data-sizes=\"(min-width: 780px) 726px, 100vw\" srcset=\"https:\/\/patch.com\/img\/cdn\/assets\/layout\/thumb_down_16x16.png?width=640 640w, https:\/\/patch.com\/img\/cdn\/assets\/layout\/thumb_down_16x16.png?width=726 726w\"\/><\/a><\/p>\n<p><b>5. Rea\u00e7\u00e3o contra a nova lei estadual que pro\u00edbe crian\u00e7as de usar as redes sociais<\/b> (<a href=\"https:\/\/winknews.com\/2025\/01\/16\/backlash-over-new-state-law-banning-kids-from-social-media\" target=\"_blank\" rel=\"nofollow\">winknews. com<\/a>) \u2014 Uma nova lei estadual que pro\u00edbe crian\u00e7as menores de 14 anos de usar as redes sociais est\u00e1 enfrentando rea\u00e7\u00f5es adversas e desafios legais. A lei, que afeta estudantes em <b>Fort Myers<\/b> Middle Academy, visa proteger as crian\u00e7as dos perigos online. O procurador-geral da Fl\u00f3rida est\u00e1 pressionando para rejeitar um processo contra a lei. <br \/><a href=\"https:\/\/fort-myers-fl.patch.am\/rate-item?d=u&#038;h=eyJsb2MiOiI3NjkyIiwic291cmNlIjoid2lua25ld3MuY29tIiwidGl0bGUiOiJCYWNrbGFzaCBvdmVyIG5ldyBzdGF0ZSBsYXcgYmFubmluZyBraWRzIGZyb20gc29jaWFsIG1lZGlhIiwidXJsIjoiaHR0cHM6XC9cL3dpbmtuZXdzLmNvbVwvMjAyNVwvMDFcLzE2XC9iYWNrbGFzaC1vdmVyLW5ldy1zdGF0ZS1sYXctYmFubmluZy1raWRzLWZyb20tc29jaWFsLW1lZGlhIiwiYXJ0aWQiOiI3MmFhYjczOTMzNTM0Y2Y1ODk2NGM3ZDUzNWJhNDhhYSJ9\" target=\"_blank\" rel=\"nofollow\"><img decoding=\"async\" class=\"thumbs\" width=\"16\" height=\"16\" src=\"https:\/\/patch.com\/img\/cdn\/assets\/layout\/thumb_up_16x16.png\" data-rel=\"penci-gallery-image-content\"  data-sizes=\"(min-width: 780px) 726px, 100vw\" srcset=\"https:\/\/patch.com\/img\/cdn\/assets\/layout\/thumb_up_16x16.png?width=640 640w, https:\/\/patch.com\/img\/cdn\/assets\/layout\/thumb_up_16x16.png?width=726 726w\"\/><\/a>   <a href=\"https:\/\/fort-myers-fl.patch.am\/rate-item?d=d&#038;h=eyJsb2MiOiI3NjkyIiwic291cmNlIjoid2lua25ld3MuY29tIiwidGl0bGUiOiJCYWNrbGFzaCBvdmVyIG5ldyBzdGF0ZSBsYXcgYmFubmluZyBraWRzIGZyb20gc29jaWFsIG1lZGlhIiwidXJsIjoiaHR0cHM6XC9cL3dpbmtuZXdzLmNvbVwvMjAyNVwvMDFcLzE2XC9iYWNrbGFzaC1vdmVyLW5ldy1zdGF0ZS1sYXctYmFubmluZy1raWRzLWZyb20tc29jaWFsLW1lZGlhIiwiYXJ0aWQiOiI3MmFhYjczOTMzNTM0Y2Y1ODk2NGM3ZDUzNWJhNDhhYSJ9\" target=\"_blank\" rel=\"nofollow\"><img decoding=\"async\" class=\"thumbs\" width=\"16\" height=\"16\" src=\"https:\/\/patch.com\/img\/cdn\/assets\/layout\/thumb_down_16x16.png\" data-sizes=\"(min-width: 780px) 726px, 100vw\" srcset=\"https:\/\/patch.com\/img\/cdn\/assets\/layout\/thumb_down_16x16.png?width=640 640w, https:\/\/patch.com\/img\/cdn\/assets\/layout\/thumb_down_16x16.png?width=726 726w\"\/><\/a><\/p>\n<\/div>\n<div>\n<hr\/>\n<figure class=\"pixel-wrapper\"> <img decoding=\"async\" width=\"1\" height=\"1\" border=\"0\" class=\"t-pixel\" src=\"https:\/\/pixel.patch.com\/blank.gif?json=eJwljNsKgzAQRH9F9tmAqRqjv1KKbJJtG8hFYqRI6b83ad%2BGMzPn%2Bgabya%2F53AgW0OgoGExrhdDCHo%2Bka0EerSvARY3ZxlDQbv3mqDGlOJtAr91RzpTKaMOsn6s1sHDOL2MLiR7l8yOXqZtbCDWCmfsepZKMjxOyYVaKqV4iE3LQpMUdSYiiO3ZK%2F%2B%2FYCd7JItxS9DFTlXD43L6R1T5T\" data-sizes=\"\" srcset=\"\"\/> <\/figure>\n<h4>\ud83d\uddd3 <strong>Pr\u00f3ximos eventos em Fort Myers<\/strong><br \/><\/h4>\n<p><a href=\"https:\/\/patch.com\/florida\/fort-myers\/compose\/event\">  Adicione seu evento ao nosso calend\u00e1rio e newsletter! <\/a><\/p>\n<h4><span><span>\u2605<\/span> Eventos em destaque <span><span>\u2605<\/span><\/span><\/span><\/h4>\n<hr\/>\n<h5>Outros eventos locais<\/h5>\n<ul>\n<h5><span class=\"text-green-8\"><b>S\u00e1bado, 18 de janeiro<\/b><\/span><\/h5>\n<li> <span> <a href=\"https:\/\/patch.com\/florida\/fort-myers\/calendar\/event\/20250118\/93b248ba-807c-476a-a10a-6882ae55ab8d\/silk-scarf-painting-class-with-artist-marie-dyer\" rel=\"ugc\"><b>Aula de pintura de len\u00e7o de seda com a artista Marie Dyer <\/b><\/a> <\/span> <br \/>Edison &#038; Ford Winter Estates, 2350 McGregor Blvd, Fort Myers <br \/>9h00 <\/li>\n<li> <span> <a href=\"https:\/\/www.bandsintown.com\/e\/106127014\" target=\"_blank\" rel=\"nofollow\"><b>Joe Fern\u00e1ndez<\/b><\/a> <\/span> <br \/>Hooked Island Grill-Fort Myers, 9924 Gulf Coast Main St Ste 130, Fort Myers <br \/>11h00 <\/li>\n<li> <span> <a href=\"https:\/\/www.fmbrew.com\/event\/saturday-music-food-trucks-60\/2025-01-18\/\" target=\"_blank\" rel=\"nofollow\"><b>M\u00fasica e Food Trucks aos s\u00e1bados<\/b><\/a> <\/span> <br \/>Fort Myers Brewing Company, 12811 Commerce Lakes Dr #28, Fort Myers <br \/>12h00 <\/li>\n<h5><span class=\"text-green-8\"><b>Domingo, 19 de janeiro<\/b><\/span><\/h5>\n<li> <span> <a href=\"https:\/\/patch.com\/florida\/fort-myers\/calendar\/event\/20250119\/b8714373-c659-400e-af4a-2c0cc05d3289\/paws-and-petals-puppy-floral-arrangement-workshop\" rel=\"ugc\"><b>Patas e P\u00e9talas: Oficina de Arranjos Florais para Cachorrinhos <\/b><\/a> <\/span> <br \/>Edison &#038; Ford Winter Estates, 2350 McGregor Blvd, Fort Myers <br \/>10h00 <\/li>\n<li> <span> <a href=\"https:\/\/bocabeacon.com\/local-events\/#!\/details\/garden-bros-nuclear-circus\/13971574\/2025-01-19T13\" target=\"_blank\" rel=\"nofollow\"><b>Circo Nuclear dos Irm\u00e3os Jardim<\/b><\/a> <\/span> <br \/>Edison Mall, 4125 Cleveland Ave, Fort Myers <br \/>13h00 <\/li>\n<h5><span class=\"text-green-8\"><b>Segunda-feira, 20 de janeiro<\/b><\/span><\/h5>\n<li> <span> <a href=\"https:\/\/patch.com\/florida\/fort-myers\/calendar\/event\/20250120\/386fcb20-edfc-493f-b29b-4192079e007f\/goodwill-mlk-jr-day-sale\" rel=\"ugc\"><b>Promo\u00e7\u00e3o do dia Goodwill MLK Jr.<\/b><\/a> <\/span> <br \/>Fort Myers <br \/>9h00 <\/li>\n<h5><span class=\"text-green-8\"><b>Ter\u00e7a-feira, 21 de janeiro<\/b><\/span><\/h5>\n<li> <span> <a href=\"https:\/\/patch.com\/florida\/fort-myers\/calendar\/event\/20250121\/7d435fd9-1a5b-482e-8f94-7465cccf228d\/digital-discussion-the-minnesota-twins-spring-training-history\" rel=\"ugc\"><b>Discuss\u00e3o digital: a hist\u00f3ria do treinamento de primavera do Minnesota Twins <\/b><\/a> <\/span> <br \/>Edison &#038; Ford Winter Estates, 2350 McGregor Blvd, Fort Myers <br \/>10h30 <\/li>\n<li> <span> <a href=\"https:\/\/patch.com\/florida\/fort-myers\/calendar\/event\/20250121\/4c225292-7086-4a89-a364-772b3e806aa1\/gardening-class-introduction-to-florida-gardening-part-i\" rel=\"ugc\"><b>Aula de jardinagem: introdu\u00e7\u00e3o \u00e0 jardinagem na Fl\u00f3rida &#8211; Parte I<\/b><\/a> <\/span> <br \/>Edison &#038; Ford Winter Estates, 2350 McGregor Blvd, Fort Myers <br \/>13h30 <\/li>\n<h5><span class=\"text-green-8\"><b>Quarta-feira, 22 de janeiro<\/b><\/span><\/h5>\n<li> <span> <a href=\"https:\/\/fareharbor.com\/embeds\/book\/captivacruises\/items\/439322\/booking\/1516132b-b334-4a9f-bd8d-b77042a73a8e\/\" target=\"_blank\" rel=\"nofollow\"><b>Tour Hist\u00f3rico do Porto: PARTE DE Pine Island com Captiva Cruises<\/b><\/a> <\/span> <br \/>Escrit\u00f3rio de extens\u00e3o do condado de Lee da Universidade da Fl\u00f3rida, Calusa Heritage Trail Visitors Center no Randell Research Center, 13810 Waterfront Drive, Pineland, FL, 33922, EUA <br \/>12h30 <\/li>\n<h5><span class=\"text-green-8\"><b>Quinta-feira, 23 de janeiro<\/b><\/span><\/h5>\n<li> <span> <a href=\"https:\/\/patch.com\/florida\/fort-myers\/calendar\/event\/20250123\/a5ca4b7e-baf9-45b8-bab1-c375d694ca78\/pre-k-class-enchanted-garden-explorers-cultivating-curiosity\" rel=\"ugc\"><b>Aula Pr\u00e9-K \u2013 Exploradores do Jardim Encantado: Cultivando a Curiosidade<\/b><\/a> <\/span> <br \/>Edison &#038; Ford Winter Estates, 2350 McGregor Blvd, Fort Myers <br \/>10h00 <\/li>\n<li> <span> <a href=\"https:\/\/patch.com\/florida\/fort-myers\/calendar\/event\/20250123\/8c3ba5f2-41da-432e-9879-c5084aadb740\/trio-bohmo\" rel=\"ugc\"><b>Trio Boh\u00e9mo<\/b><\/a> <\/span> <br \/>Artis\u2014N\u00e1poles, 5833 Pelican Bay Blvd, N\u00e1poles <br \/>15h00 <\/li>\n<h5><span class=\"text-green-8\"><b>Sexta-feira, 24 de janeiro<\/b><\/span><\/h5>\n<li> <span> <a href=\"https:\/\/patch.com\/florida\/fort-myers\/calendar\/event\/20250124\/d5043a62-4eba-4b98-995e-33dc19a6aa43\/grandmas-murder-club-red-carpet-night\" rel=\"ugc\"><b>Clube do Assassinato da Vov\u00f3 &#8211; Noite no Tapete Vermelho<\/b><\/a> <\/span> <br \/>Teatro do Parque Cultural, 528 Cultural Park Blvd, Cape Coral <br \/>19h00 <\/li>\n<\/ul>\n<hr\/>\n<h4>\ud83d\uddd3 <strong>Eventos pr\u00f3ximos<\/strong><\/h4>\n<ul>\n<h5> <span class=\"text-green-8\"><b>Sexta-feira, 17 de janeiro<\/b><\/span> <\/h5>\n<li><span> <a href=\"https:\/\/www.cheaptickets.com\/events\/performers\/gulf-coast-country-fest-tickets\" target=\"_blank\" rel=\"nofollow\"><b>Festival Country da Costa do Golfo de 2025 &#8211; Chase Matthew<\/b><\/a>  (Pine Manor) Parque JetBlue, 11500 Fenway South Drive, Fort Myers <\/span><br \/>10h00 <\/li>\n<li><span> <a href=\"https:\/\/www.unation.com\/event\/gulf-coast-country-fest-55705844\/\" target=\"_blank\" rel=\"nofollow\"><b>FESTIVAL DO PA\u00cdS DA COSTA DO GOLFO,<\/b><\/a>  (Page Park) Parque JetBlue, 11500 Fenway South Drive, Fort Myers <\/span><br \/>10h24 <\/li>\n<li><span> <a href=\"https:\/\/shoeless-joes.com\/event\/mondays-fridays-happy-hour-specials\/2025-01-17\/\" target=\"_blank\" rel=\"nofollow\"><b>Segundas \u2013 Sextas | Promo\u00e7\u00f5es de happy hour<\/b><\/a>  (Page Park) Shoeless Joe&#8217;s Sports Cafe, 13051 Bell Tower Dr, Fort Myers <\/span><br \/>11h00 <\/li>\n<li><span> <a href=\"https:\/\/m.facebook.com\/events\/3821332018105049\/?ref_source=newsfeed&#038;ref_mechanism=feed_attachment&#038;action_context=%257B%2522action_history%2522%253A%2522null%2522%257D\" target=\"_blank\" rel=\"nofollow\"><b>Campeonato PG East MLK Fort Myers, Fl\u00f3rida<\/b><\/a>  (Page Park) Complexo Esportivo Lee Health, 14100 6 Mile Cypress Pkwy, Fort Myers <\/span><br \/>17h00 <\/li>\n<h5> <span class=\"text-green-8\"><b>S\u00e1bado, 18 de janeiro<\/b><\/span> <\/h5>\n<li><span> <a href=\"https:\/\/www.kimmiesrecoveryzone.org\/event-details-registration\/kimmies-kids-2025-01-18-10-00\" target=\"_blank\" rel=\"nofollow\"><b>Filhos de Kimmie<\/b><\/a>  (Page Park) 507 Center Rd, Fort Myers <\/span><br \/>15h00 <\/li>\n<li><span> <a href=\"https:\/\/www.eventbrite.com\/e\/date-night-farm-picnic-tickets-920457301567\" target=\"_blank\" rel=\"nofollow\"><b>Piquenique noturno na fazenda<\/b><\/a>  (Tice) 5450 Higginbotham Rd, Fort Myers <\/span><br \/>21h30 <\/li>\n<h5> <span class=\"text-green-8\"><b>Domingo, 19 de janeiro<\/b><\/span> <\/h5>\n<li><span> <a href=\"https:\/\/bocabeacon.com\/local-events\/#!\/details\/the-kramers\/14462136\/2025-01-19T10\" target=\"_blank\" rel=\"nofollow\"><b>Os Kramers<\/b><\/a>  (Tice) Igreja do Nazareno de North Fort Myers, 6781 Bayshore Rd, North Fort Myers <\/span><br \/>10h30 <\/li>\n<li><span> <a href=\"https:\/\/shoeless-joes.com\/event\/saturdays-sundays-happy-hour-specials\/2025-01-19\/\" target=\"_blank\" rel=\"nofollow\"><b>S\u00e1bados e Domingos | Promo\u00e7\u00f5es de happy hour<\/b><\/a>  (Page Park) Shoeless Joe&#8217;s Sports Cafe, 13051 Bell Tower Dr, Fort Myers <\/span><br \/>16h00 <\/li>\n<\/ul>\n<p> <em>Perdemos alguma coisa em nosso calend\u00e1rio? <a href=\"https:\/\/patch.com\/florida\/fort-myers\/compose\/event\">Adicione voc\u00ea mesmo um evento<\/a>! <\/em> Como sempre, antes de participar, confirme os detalhes do evento para garantir a precis\u00e3o. <\/p>\n<hr\/>\n<p><em>Quer um link para sua empresa neste boletim informativo? <a href=\"https:\/\/patch.com\/florida\/fort-myers\/compose\/bizpost\">Clique aqui<\/a>.<\/em><\/p>\n<hr\/>\n<p>\ud83d\udd28 <strong>Precisa de ajuda com um projeto em casa?<\/strong> Patch fez parceria com Thumbtack para tornar a contrata\u00e7\u00e3o de um profissional local confi\u00e1vel r\u00e1pida e f\u00e1cil. <a href=\"https:\/\/patch.com\/florida\/fort-myers\/businesses\" target=\"_blank\">Clique aqui para come\u00e7ar.<\/a><\/p>\n<hr\/>\n<h4>\ud83d\udcac <strong>Conversa<\/strong><\/h4>\n<p>O que seus vizinhos est\u00e3o falando nas redes sociais<\/p>\n<\/div>\n<div>\n<ul>\n<li><b>Algu\u00e9m conhece um faz-tudo de confian\u00e7a que possa recomendar.<\/b> <br \/>Tivemos algumas experi\u00eancias ruins recentemente. Agradecemos antecipadamente. Catarina Borchmann (<a href=\"https:\/\/nextdoor.com\/p\/fmCGnHkqFrW9\/?from_partner=patch&#038;share_id=fmCGnHkqFrW9&#038;utm_medium=public_api&#038;utm_source=patch&#038;utm_content=fmCGnHkqFrW9&#038;next_url=\/p\/fmCGnHkqFrW9&#038;utm_medium=email&#038;utm_campaign=pilot\" target=\"_blank\" rel=\"nofollow\">Ao lado<\/a> Whisky Creek Oeste) <\/li>\n<li><b>Eu estava lendo um artigo sobre regras HOA que n\u00e3o podem ser aplicadas, e surgiu este &#8211; sobre varais.<\/b> <br \/>Curioso, verifiquei e descobri isto: a Fl\u00f3rida foi o primeiro estado a aprovar uma lei de direito \u00e0 seca12. A lei, incorporada no Estatuto da Fl\u00f3rida 163.04, expressamente\u2026 (<a href=\"https:\/\/nextdoor.com\/p\/Z2rt7LgZ9Pgh\/?from_partner=patch&#038;share_id=Z2rt7LgZ9Pgh&#038;utm_medium=public_api&#038;utm_source=patch&#038;utm_content=Z2rt7LgZ9Pgh&#038;next_url=\/p\/Z2rt7LgZ9Pgh&#038;utm_medium=email&#038;utm_campaign=pilot\" target=\"_blank\" rel=\"nofollow\">Ao lado<\/a> Lagos Parker) <\/li>\n<\/ul>\n<ul>\n<li>  N\u00e3o h\u00e1 nada como o Estado do Sol. Damos as boas-vindas aos in\u00fameros membros da nossa comunidade do sudoeste da Fl\u00f3rida que estar\u00e3o presentes na reuni\u00e3o do Presidente Trump&#8230; (X: <a href=\"https:\/\/twitter.com\/RepDonaldsPress\/status\/1879986851567792209?ref_src=twsrc%5Egoogle%7Ctwcamp%5Eserp%7Ctwgr%5Etweet\" target=\"_blank\" rel=\"nofollow\">@RepDonaldsPress<\/a>) <\/li>\n<li>  Ex-candidato a supervisor eleitoral de Lee pede a ren\u00fancia do xerife Marceno&#8230; (X: <a href=\"https:\/\/twitter.com\/winknews\/status\/1879684029274087615?ref_src=twsrc%5Egoogle%7Ctwcamp%5Eserp%7Ctwgr%5Etweet\" target=\"_blank\" rel=\"nofollow\">@winknews<\/a>) <\/li>\n<\/ul>\n<ul>\n<li>  AlliedTravelCareers publicou uma vaga de emprego para <strong>Ultrassom de viagem &#8211; $ 1.703 a $ 1.866 por semana em Fort Myers, FL<\/strong> em Fort Myers, Fl\u00f3rida. Inscreva-se em <a href=\"https:\/\/www.linkedin.com\/jobs\/view\/travel-ultrasound-%241-703-to-%241-866-per-week-in-fort-myers-fl-at-alliedtravelcareers-4126319366?utm_campaign=google_jobs_apply&#038;utm_source=google_jobs_apply&#038;utm_medium=organic\" target=\"_blank\" rel=\"nofollow\">LinkedIn<\/a>. <\/li>\n<li>  A Home Depot publicou uma vaga de emprego para <strong>Atendimento ao Cliente\/Vendas<\/strong> em Fort Myers, Fl\u00f3rida. Inscreva-se em <a href=\"https:\/\/careers.homedepot.com\/job\/6947782\/customer-service-sales-fort-myers-fl\/?utm_campaign=google_jobs_apply&#038;utm_source=google_jobs_apply&#038;utm_medium=organic\" target=\"_blank\" rel=\"nofollow\">As carreiras da Home Depot<\/a>. <\/li>\n<\/ul>\n<hr\/>\n<p> <b>Ok Fort Myers!<\/b> Ent\u00e3o agora voc\u00ea est\u00e1 por dentro do que est\u00e1 acontecendo hoje. Obrigado pela leitura e at\u00e9 a pr\u00f3xima vez na sua caixa de entrada! <\/p>\n<p> <b>&#8211; A equipe do Patch AM<\/b> <\/p>\n<p> <em>PS A resposta para o enigma de hoje:<\/em> Ele acenou. <\/p>\n<hr\/>\n<h4>\ud83d\udc49 <strong>Ajude a tornar o Patch AM melhor<\/strong><\/h4>\n<hr\/>\n<p> <a href=\"https:\/\/nextdoor.com\/sharekit\/?source=Fort%20Myers%20Patch%20AM&#038;body=Catch+up+on+what+you+need+to+know+from+the+Fort+Myers+Patch+AM+daily+update%3A+https%3A%2F%2Fpatch.com%2Fflorida%2Ffort-myers&#038;utm_source=patch&#038;utm_medium=email&#038;utm_campaign=pilot\" target=\"_blank\" class=\"text-weight-bold text-green-8 sans\">Compartilhar no NextDoor<\/a>     <a href=\"https:\/\/www.facebook.com\/share.php?u=https:\/\/patch.com\/florida\/fort-myers&#038;title=Catch+up+on+what+you+need+to+know+from+the+Fort+Myers+Patch+AM+daily+update%3A+https%3A%2F%2Fpatch.com%2Fflorida%2Ffort-myers\" target=\"_blank\" class=\"text-weight-bold text-light-blue-10 sans\">Compartilhar no Facebook<\/a><\/p>\n<\/div>\n<p><script async src=\"\/\/platform.twitter.com\/widgets.js\" charset=\"utf-8\"><\/script><br \/>\n<br \/><br \/>\n<br \/><a href=\"http:\/\/patch.com\/florida\/fort-myers\/celebrate-mlk-day-fort-myers-events-nodx-20250117?utm_source=article-mostrecent&#038;utm_medium=rss&#038;utm_term=community%20corner&#038;utm_campaign=recirc&#038;utm_content=aol\">Source link <\/a><\/p>","protected":false},"excerpt":{"rendered":"<p>Ei, ei, Fort Myers! Sua fonte completa de not\u00edcias locais est\u00e1 aqui. Continue lendo para todas as atualiza\u00e7\u00f5es. \u2600\ufe0f No boletim informativo de hoje: Comemore o Dia MLK com eventos&hellip;<\/p>","protected":false},"author":1,"featured_media":71100,"comment_status":"closed","ping_status":"open","sticky":false,"template":"","format":"standard","meta":{"content-type":"","footnotes":""},"categories":[1],"tags":[],"class_list":["post-92682","post","type-post","status-publish","format-standard","has-post-thumbnail","hentry","category-uncategorized"],"_links":{"self":[{"href":"https:\/\/tvbrazilusa.com\/pt\/wp-json\/wp\/v2\/posts\/92682","targetHints":{"allow":["GET"]}}],"collection":[{"href":"https:\/\/tvbrazilusa.com\/pt\/wp-json\/wp\/v2\/posts"}],"about":[{"href":"https:\/\/tvbrazilusa.com\/pt\/wp-json\/wp\/v2\/types\/post"}],"author":[{"embeddable":true,"href":"https:\/\/tvbrazilusa.com\/pt\/wp-json\/wp\/v2\/users\/1"}],"replies":[{"embeddable":true,"href":"https:\/\/tvbrazilusa.com\/pt\/wp-json\/wp\/v2\/comments?post=92682"}],"version-history":[{"count":1,"href":"https:\/\/tvbrazilusa.com\/pt\/wp-json\/wp\/v2\/posts\/92682\/revisions"}],"predecessor-version":[{"id":92683,"href":"https:\/\/tvbrazilusa.com\/pt\/wp-json\/wp\/v2\/posts\/92682\/revisions\/92683"}],"wp:featuredmedia":[{"embeddable":true,"href":"https:\/\/tvbrazilusa.com\/pt\/wp-json\/wp\/v2\/media\/71100"}],"wp:attachment":[{"href":"https:\/\/tvbrazilusa.com\/pt\/wp-json\/wp\/v2\/media?parent=92682"}],"wp:term":[{"taxonomy":"category","embeddable":true,"href":"https:\/\/tvbrazilusa.com\/pt\/wp-json\/wp\/v2\/categories?post=92682"},{"taxonomy":"post_tag","embeddable":true,"href":"https:\/\/tvbrazilusa.com\/pt\/wp-json\/wp\/v2\/tags?post=92682"}],"curies":[{"name":"wp","href":"https:\/\/api.w.org\/{rel}","templated":true}]}}