{"id":92684,"date":"2025-01-17T08:53:42","date_gmt":"2025-01-17T08:53:42","guid":{"rendered":"https:\/\/tvbrazilusa.com\/2025\/01\/17\/um-belo-dia-hoje-com-chuva-forte-no-sabado-a-tarde-a-neve-transforma-a-tarde-de-domingo-em-noite-de-domingo\/"},"modified":"2025-01-17T08:59:12","modified_gmt":"2025-01-17T08:59:12","slug":"um-belo-dia-hoje-com-chuva-forte-no-sabado-a-tarde-a-neve-transforma-a-tarde-de-domingo-em-noite-de-domingo","status":"publish","type":"post","link":"https:\/\/tvbrazilusa.com\/pt\/2025\/01\/17\/um-belo-dia-hoje-com-chuva-forte-no-sabado-a-tarde-a-neve-transforma-a-tarde-de-domingo-em-noite-de-domingo\/","title":{"rendered":"Um belo dia hoje com chuva forte no s\u00e1bado \u00e0 tarde. A neve transforma a tarde de domingo em noite de domingo!"},"content":{"rendered":"<p> <script async src=\"https:\/\/pagead2.googlesyndication.com\/pagead\/js\/adsbygoogle.js?client=ca-pub-8864793242727901\"\r\n     crossorigin=\"anonymous\"><\/script><br \/>\n<\/p>\n<p>Um padr\u00e3o movimentado est\u00e1 vindo em nossa dire\u00e7\u00e3o depois de hoje! Hoje est\u00e1 lindo \u2013 muito sol e n\u00e3o t\u00e3o frio com m\u00e1ximas de 35-40\u00b0. As nuvens regressam no s\u00e1bado com alguma chuva a chegar durante a tarde com m\u00e1ximas em meados dos 40! Domingo de manh\u00e3 seco, depois NEVE chega no meio da tarde de domingo. Nossos modelos de computador tendem a ser uma tempestade mais robusta, ent\u00e3o ESTA pode ser a neve que teremos que remover com p\u00e1 ou arar! Ent\u00e3o, PREPARE-SE PARA A EXPLOS\u00c3O \u00c1RTICA!!<\/p>\n<p><strong>Hoje: <\/strong>Muito sol, vento fraco com m\u00e1ximas de 35-40\u00b0.<\/p>\n<figure class=\"wp-block-image size-full\"><\/figure>\n<figure class=\"wp-block-image size-full\"><img loading=\"lazy\" decoding=\"async\" width=\"1280\" height=\"720\" src=\"https:\/\/www.wtnh.com\/wp-content\/uploads\/sites\/100\/2025\/01\/Hour-By-Hour_RPM-4-KM_Sat-Rad-Temps-Wind-5.png?strip=1\" alt=\"\" class=\"wp-image-2089291\" \/><\/figure>\n<figure class=\"wp-block-image size-full\"><img loading=\"lazy\" decoding=\"async\" width=\"1280\" height=\"720\" src=\"https:\/\/www.wtnh.com\/wp-content\/uploads\/sites\/100\/2025\/01\/Hour-By-Hour1_RPM-4-KM_Sat-Rad-Temps-Wind-5.png?strip=1\" alt=\"\" class=\"wp-image-2089292\" \/><\/figure>\n<figure class=\"wp-block-image size-full\"><img loading=\"lazy\" decoding=\"async\" width=\"1280\" height=\"720\" src=\"https:\/\/www.wtnh.com\/wp-content\/uploads\/sites\/100\/2025\/01\/Hour-By-Hour2_RPM-4-KM_Sat-Rad-Temps-Wind-5.png?strip=1\" alt=\"\" class=\"wp-image-2089293\" \/><\/figure>\n<figure class=\"wp-block-image size-full\"><img loading=\"lazy\" decoding=\"async\" width=\"1280\" height=\"720\" src=\"https:\/\/www.wtnh.com\/wp-content\/uploads\/sites\/100\/2025\/01\/Forecast_Tonight_02ed3c.png?strip=1\" alt=\"\" class=\"wp-image-2089294\" \/><\/figure>\n<p><strong>S\u00e1bado:<\/strong> Aumento da nebulosidade com forma\u00e7\u00e3o de chuva \u00e0 tarde. M\u00e1ximos em meados dos anos 40.<\/p>\n<figure class=\"wp-block-image size-full\"><img loading=\"lazy\" decoding=\"async\" width=\"1280\" height=\"720\" src=\"https:\/\/www.wtnh.com\/wp-content\/uploads\/sites\/100\/2025\/01\/Hour-By-Hour3_RPM-4-KM_Sat-Rad-Temps-Wind-1.png?strip=1\" alt=\"\" class=\"wp-image-2089295\" \/><\/figure>\n<p><strong>Domingo: <\/strong>Tornando-se nublado com neve chegando no meio da tarde. M\u00e1ximos em meados e acima dos 30 anos. Acumulando neve no domingo \u00e0 noite!!!<\/p>\n<figure class=\"wp-block-image size-full\"><img loading=\"lazy\" decoding=\"async\" width=\"876\" height=\"492\" src=\"https:\/\/www.wtnh.com\/wp-content\/uploads\/sites\/100\/2025\/01\/image_0ef9c1.png?strip=1\" alt=\"\" class=\"wp-image-2089288\" \/><\/figure>\n<figure class=\"wp-block-image size-full\"><img loading=\"lazy\" decoding=\"async\" width=\"876\" height=\"492\" src=\"https:\/\/www.wtnh.com\/wp-content\/uploads\/sites\/100\/2025\/01\/image_55b3a6.png?strip=1\" alt=\"\" class=\"wp-image-2089289\" \/><\/figure>\n<p><strong>Dia MLK Jr.:<\/strong> UM COME\u00c7O ESCORREGADO! Aumento do sol, vento e frio. M\u00e1ximos entre 20 e 20 anos.<\/p>\n<p><strong>Ter\u00e7a-feira:<\/strong> Brilhante, mas extremamente frio. Altos na adolesc\u00eancia at\u00e9 20 anos. Vento frio o dia todo perto de ZERO!<\/p>\n<p><strong>Quarta-feira:<\/strong> Sol frio com picos na adolesc\u00eancia e baixos nos 20 anos novamente.<\/p>\n<p><strong>Quinta-feira:<\/strong> Principalmente ensolarado e n\u00e3o t\u00e3o severo, com m\u00e1ximas entre 25 e 30 graus.<\/p>\n<p><br \/>\n<br \/><a href=\"https:\/\/www.wtnh.com\/news\/a-nice-day-today-with-rain-developing-saturday-afternoon-snow-develops-sunday-afternoon-into-sunday-night\/\">Source link <\/a><\/p>","protected":false},"excerpt":{"rendered":"<p>Um padr\u00e3o movimentado est\u00e1 vindo em nossa dire\u00e7\u00e3o depois de hoje! Hoje est\u00e1 lindo \u2013 muito sol e n\u00e3o t\u00e3o frio com m\u00e1ximas de 35-40\u00b0. As nuvens regressam no s\u00e1bado&hellip;<\/p>","protected":false},"author":1,"featured_media":92685,"comment_status":"closed","ping_status":"open","sticky":false,"template":"","format":"standard","meta":{"content-type":"","footnotes":""},"categories":[1],"tags":[],"class_list":["post-92684","post","type-post","status-publish","format-standard","has-post-thumbnail","hentry","category-uncategorized"],"_links":{"self":[{"href":"https:\/\/tvbrazilusa.com\/pt\/wp-json\/wp\/v2\/posts\/92684","targetHints":{"allow":["GET"]}}],"collection":[{"href":"https:\/\/tvbrazilusa.com\/pt\/wp-json\/wp\/v2\/posts"}],"about":[{"href":"https:\/\/tvbrazilusa.com\/pt\/wp-json\/wp\/v2\/types\/post"}],"author":[{"embeddable":true,"href":"https:\/\/tvbrazilusa.com\/pt\/wp-json\/wp\/v2\/users\/1"}],"replies":[{"embeddable":true,"href":"https:\/\/tvbrazilusa.com\/pt\/wp-json\/wp\/v2\/comments?post=92684"}],"version-history":[{"count":1,"href":"https:\/\/tvbrazilusa.com\/pt\/wp-json\/wp\/v2\/posts\/92684\/revisions"}],"predecessor-version":[{"id":92686,"href":"https:\/\/tvbrazilusa.com\/pt\/wp-json\/wp\/v2\/posts\/92684\/revisions\/92686"}],"wp:featuredmedia":[{"embeddable":true,"href":"https:\/\/tvbrazilusa.com\/pt\/wp-json\/wp\/v2\/media\/92685"}],"wp:attachment":[{"href":"https:\/\/tvbrazilusa.com\/pt\/wp-json\/wp\/v2\/media?parent=92684"}],"wp:term":[{"taxonomy":"category","embeddable":true,"href":"https:\/\/tvbrazilusa.com\/pt\/wp-json\/wp\/v2\/categories?post=92684"},{"taxonomy":"post_tag","embeddable":true,"href":"https:\/\/tvbrazilusa.com\/pt\/wp-json\/wp\/v2\/tags?post=92684"}],"curies":[{"name":"wp","href":"https:\/\/api.w.org\/{rel}","templated":true}]}}