{"id":92693,"date":"2025-01-17T10:15:18","date_gmt":"2025-01-17T10:15:18","guid":{"rendered":"https:\/\/tvbrazilusa.com\/2025\/01\/17\/presidente-de-conselho-e-condenado-pela-justica-por-comparar-derrite-a-hitler\/"},"modified":"2025-01-17T10:15:19","modified_gmt":"2025-01-17T10:15:19","slug":"presidente-de-conselho-e-condenado-pela-justica-por-comparar-derrite-a-hitler","status":"publish","type":"post","link":"https:\/\/tvbrazilusa.com\/pt\/2025\/01\/17\/presidente-de-conselho-e-condenado-pela-justica-por-comparar-derrite-a-hitler\/","title":{"rendered":"Presidente de conselho \u00e9 condenado pela Justi\u00e7a por comparar Derrite a Hitler"},"content":{"rendered":"<p> <script async src=\"https:\/\/pagead2.googlesyndication.com\/pagead\/js\/adsbygoogle.js?client=ca-pub-8864793242727901\"\r\n     crossorigin=\"anonymous\"><\/script><br \/>\n<\/p>\n<div id=\"taboola-read-more\" style=\"display:block; width:100%\">\n<p>O Tribunal de Justi\u00e7a de S\u00e3o Paulo (TJSP) condenou Adilson Sousa Santiago, presidente do Conselho Estadual de Defesa dos Direitos da Pessoa Humana (Condepe), por comparar o secret\u00e1rio de Seguran\u00e7a P\u00fablica do Estado, Guilherme Derrite, ao ditador Adolf Hitler. A decis\u00e3o prev\u00ea o pagamento de 23 dias-multa, somando o valor de R$ 1,08 mil, com base no sal\u00e1rio m\u00ednimo de 2024 (R$ 1,4 mil).\n<\/p>\n<p>A condena\u00e7\u00e3o ocorreu por crime de difama\u00e7\u00e3o em redes sociais. Santiago publicou, em junho do ano passado, uma imagem de Derrite com o bigode de Hitler e o apelidou de \u201cDeHitler\u201d.<\/p>\n<p>A postagem tamb\u00e9m destacou uma frase pol\u00eamica do secret\u00e1rio. \u201c\u00c9 vergonhoso para um policial n\u00e3o ter pelo menos tr\u00eas mortes no curr\u00edculo\u201d, disse. O ex-policial da Rota pediu desculpa pela declara\u00e7\u00e3o.\n<\/p>\n<p><strong>Ju\u00edza diz que comparar Derrite a Hitler \u00e9 \u201cabuso\u201d<\/strong><br \/>Na decis\u00e3o, a ju\u00edza Suzana Jorge de Mattia Ihara afirmou que a associa\u00e7\u00e3o a Hitler prejudicou a reputa\u00e7\u00e3o de Derrite em \u00e2mbitos profissional e social. \u201cA liberdade de express\u00e3o n\u00e3o \u00e9 um direito absoluto e, em casos de abuso, cabe apura\u00e7\u00e3o de responsabilidade\u201d, disse.\n<\/p>\n<p>Ela ressaltou que Santiago, em sua fun\u00e7\u00e3o de presidente do Condepe, deveria criticar com objetividade e sem fazer associa\u00e7\u00f5es jocosas a genocidas. Santiago informou que recorrer\u00e1 da decis\u00e3o por meio de seus advogados.\n<\/p>\n<p><strong>Derrite compartilhou trecho da decis\u00e3o no seu perfil no Twitter\/X.<\/strong>\n<\/p>\n<div style=\"display: flex; flex-direction: row; justify-content: center; width: 100%;\">\n<blockquote class=\"twitter-tweet\">\n<p dir=\"ltr\" lang=\"pt\">Pontos divergentes devem ser discutidos de maneira t\u00e9cnica, com subs\u00eddios que permitam que o interlocutor n\u00e3o des\u00e7a o n\u00edvel da discuss\u00e3o, principalmente quando este ocupa um cargo \u00e0 servi\u00e7o da sociedade. <a href=\"https:\/\/t.co\/89xSszV46A\">pic.twitter.com\/89xSszV46A<\/a><br \/>\n\u2014 Guilherme Derrite (@DerriteSP) <a href=\"https:\/\/twitter.com\/DerriteSP\/status\/1879664783571771500?ref_src=twsrc%5Etfw\">January 15, 2025<\/a><\/p>\n<\/blockquote>\n<\/div>\n<p>Fonte: Revista Oeste              <\/p>\n<\/div>\n<p><script async src=\"\/\/platform.twitter.com\/widgets.js\" charset=\"utf-8\"><\/script><br \/>\n<br \/><br \/>\n<br \/><a href=\"https:\/\/diariodobrasilnoticias.com.br\/noticia\/presidente-de-conselho-e-condenado-pela-justica-por-comparar-derrite-a-hitler-678a2c46f230a\">Source link <\/a><\/p>","protected":false},"excerpt":{"rendered":"<p>O Tribunal de Justi\u00e7a de S\u00e3o Paulo (TJSP) condenou Adilson Sousa Santiago, presidente do Conselho Estadual de Defesa dos Direitos da Pessoa Humana (Condepe), por comparar o secret\u00e1rio de Seguran\u00e7a&hellip;<\/p>","protected":false},"author":1,"featured_media":92694,"comment_status":"closed","ping_status":"open","sticky":false,"template":"","format":"standard","meta":{"content-type":"","footnotes":""},"categories":[16],"tags":[123,2448,5313,1267],"class_list":["post-92693","post","type-post","status-publish","format-standard","has-post-thumbnail","hentry","category-noticias","tag-brasil","tag-diario","tag-noticia","tag-noticias"],"_links":{"self":[{"href":"https:\/\/tvbrazilusa.com\/pt\/wp-json\/wp\/v2\/posts\/92693","targetHints":{"allow":["GET"]}}],"collection":[{"href":"https:\/\/tvbrazilusa.com\/pt\/wp-json\/wp\/v2\/posts"}],"about":[{"href":"https:\/\/tvbrazilusa.com\/pt\/wp-json\/wp\/v2\/types\/post"}],"author":[{"embeddable":true,"href":"https:\/\/tvbrazilusa.com\/pt\/wp-json\/wp\/v2\/users\/1"}],"replies":[{"embeddable":true,"href":"https:\/\/tvbrazilusa.com\/pt\/wp-json\/wp\/v2\/comments?post=92693"}],"version-history":[{"count":1,"href":"https:\/\/tvbrazilusa.com\/pt\/wp-json\/wp\/v2\/posts\/92693\/revisions"}],"predecessor-version":[{"id":92695,"href":"https:\/\/tvbrazilusa.com\/pt\/wp-json\/wp\/v2\/posts\/92693\/revisions\/92695"}],"wp:featuredmedia":[{"embeddable":true,"href":"https:\/\/tvbrazilusa.com\/pt\/wp-json\/wp\/v2\/media\/92694"}],"wp:attachment":[{"href":"https:\/\/tvbrazilusa.com\/pt\/wp-json\/wp\/v2\/media?parent=92693"}],"wp:term":[{"taxonomy":"category","embeddable":true,"href":"https:\/\/tvbrazilusa.com\/pt\/wp-json\/wp\/v2\/categories?post=92693"},{"taxonomy":"post_tag","embeddable":true,"href":"https:\/\/tvbrazilusa.com\/pt\/wp-json\/wp\/v2\/tags?post=92693"}],"curies":[{"name":"wp","href":"https:\/\/api.w.org\/{rel}","templated":true}]}}