{"id":92761,"date":"2025-01-17T13:50:04","date_gmt":"2025-01-17T13:50:04","guid":{"rendered":"https:\/\/tvbrazilusa.com\/2025\/01\/17\/retrato-oficial-de-trump-como-presidente-e-divulgado-veja\/"},"modified":"2025-01-17T13:50:07","modified_gmt":"2025-01-17T13:50:07","slug":"retrato-oficial-de-trump-como-presidente-e-divulgado-veja","status":"publish","type":"post","link":"https:\/\/tvbrazilusa.com\/pt\/2025\/01\/17\/retrato-oficial-de-trump-como-presidente-e-divulgado-veja\/","title":{"rendered":"Retrato oficial de Trump como presidente \u00e9 divulgado; VEJA"},"content":{"rendered":"<p> <script async src=\"https:\/\/pagead2.googlesyndication.com\/pagead\/js\/adsbygoogle.js?client=ca-pub-8864793242727901\"\r\n     crossorigin=\"anonymous\"><\/script><br \/>\n<\/p>\n<div data-block-type=\"unstyled\" data-block-weight=\"35\" data-block-id=\"7\">\n<p class=\"content-text__container\" data-track-category=\"Link no Texto\" data-track-links=\"\" data-mrf-recirculation=\"Mat\u00e9ria - Links no Texto\">O retrato oficial de Trump destoa da foto oficial divulgada em 2017, quando o republicano aparecia sorrindo para o primeiro mandato. Desta vez, o presidente est\u00e1 com o semblante fechado, levantando uma das sobrancelhas.\n<\/p>\n<p class=\"content-text__container\" data-track-category=\"Link no Texto\" data-track-links=\"\" data-mrf-recirculation=\"Mat\u00e9ria - Links no Texto\">\n<div id=\"chunk-ab91n\">\n<div class=\"mc-column content-text active-extra-styles\" data-block-type=\"unstyled\" data-block-weight=\"35\" data-block-id=\"9\">\n<p class=\"content-text__container\" data-track-category=\"Link no Texto\" data-track-links=\"\" data-mrf-recirculation=\"Mat\u00e9ria - Links no Texto\">Trump fez uma pose parecida em agosto de 2023, quando\u00a0<a class=\"\" href=\"https:\/\/g1.globo.com\/mundo\/noticia\/2023\/08\/24\/policia-divulga-mug-shot-de-donald-trump.ghtml\" data-mrf-link=\"https:\/\/g1.globo.com\/mundo\/noticia\/2023\/08\/24\/policia-divulga-mug-shot-de-donald-trump.ghtml\">foi &#8220;fichado&#8221; pela pol\u00edcia<\/a>\u00a0no \u00e2mbito das investiga\u00e7\u00f5es que apuraram a tentativa do republicano de reverter os resultados das elei\u00e7\u00f5es presidenciais de 2020.\u00a0<strong><em>Compare abaixo.<\/em><\/strong>\n<\/p>\n<p class=\"content-text__container\" data-track-category=\"Link no Texto\" data-track-links=\"\" data-mrf-recirculation=\"Mat\u00e9ria - Links no Texto\"><strong><img decoding=\"async\" src=\"https:\/\/s2-g1.glbimg.com\/1MyR1COsTZFR_GziK-9gWnWva3I=\/0x0:1600x1200\/640x0\/smart\/filters:strip_icc()\/i.s3.glbimg.com\/v1\/AUTH_59edd422c0c84a879bd37670ae4f538a\/internal_photos\/bs\/2025\/M\/F\/o8E4eFSoAfLndWASA2lQ\/whatsapp-image-2025-01-16-at-20.18.04.jpeg\" alt=\"\" width=\"100%\"\/><\/strong>\n<\/p>\n<div id=\"chunk-dspi6\">\n<div class=\"mc-column content-text active-extra-styles\" data-block-type=\"unstyled\" data-block-weight=\"21\" data-block-id=\"12\">\n<p class=\"content-text__container\" data-track-category=\"Link no Texto\" data-track-links=\"\" data-mrf-recirculation=\"Mat\u00e9ria - Links no Texto\">\u00c0 \u00e9poca, al\u00e9m de ser fotografado, Trump pagou uma fian\u00e7a de US$ 200 mil e teve as digitais coletadas pelas autoridades.\n<\/p>\n<\/div>\n<\/div>\n<div id=\"chunk-a4bp1\">\n<div class=\"mc-column content-text active-extra-styles\" data-block-type=\"unstyled\" data-block-weight=\"23\" data-block-id=\"13\">\n<p class=\"content-text__container\" data-track-category=\"Link no Texto\" data-track-links=\"\" data-mrf-recirculation=\"Mat\u00e9ria - Links no Texto\">A equipe de transi\u00e7\u00e3o tamb\u00e9m divulgou a imagem oficial do vice-presidente, J.D. Vance. Ele e Trump ser\u00e3o empossados no dia 20 de janeiro.\n<\/p>\n<p class=\"content-text__container\" data-track-category=\"Link no Texto\" data-track-links=\"\" data-mrf-recirculation=\"Mat\u00e9ria - Links no Texto\"><img decoding=\"async\" src=\"https:\/\/s2-g1.glbimg.com\/V8Ogaz6Cv0-JKnKvPLC62FnuN7k=\/0x0:1582x2048\/640x0\/smart\/filters:strip_icc()\/i.s3.glbimg.com\/v1\/AUTH_59edd422c0c84a879bd37670ae4f538a\/internal_photos\/bs\/2025\/p\/4\/3BDhSGSwS9QUYAuCkHzg\/ghywl5hweaafe7p.jpeg\" alt=\"\" width=\"100%\"\/>\n<\/p>\n<p class=\"content-text__container\" data-track-category=\"Link no Texto\" data-track-links=\"\" data-mrf-recirculation=\"Mat\u00e9ria - Links no Texto\">Foto: Divulga\u00e7\u00e3o\n<\/p>\n<p class=\"content-text__container\" data-track-category=\"Link no Texto\" data-track-links=\"\" data-mrf-recirculation=\"Mat\u00e9ria - Links no Texto\">Fonte: g1\n<\/p>\n<\/div>\n<\/div>\n<\/div>\n<\/div>\n<\/div>\n<p><br \/>\n<br \/><a href=\"https:\/\/diariodobrasilnoticias.com.br\/noticia\/retrato-oficial-de-trump-como-presidente-e-divulgado-veja-678a3f5aee91a\">Source link <\/a><\/p>","protected":false},"excerpt":{"rendered":"<p>O retrato oficial de Trump destoa da foto oficial divulgada em 2017, quando o republicano aparecia sorrindo para o primeiro mandato. Desta vez, o presidente est\u00e1 com o semblante fechado,&hellip;<\/p>","protected":false},"author":1,"featured_media":92762,"comment_status":"closed","ping_status":"open","sticky":false,"template":"","format":"standard","meta":{"content-type":"","footnotes":""},"categories":[16],"tags":[123,2448,5313,1267],"class_list":["post-92761","post","type-post","status-publish","format-standard","has-post-thumbnail","hentry","category-noticias","tag-brasil","tag-diario","tag-noticia","tag-noticias"],"_links":{"self":[{"href":"https:\/\/tvbrazilusa.com\/pt\/wp-json\/wp\/v2\/posts\/92761","targetHints":{"allow":["GET"]}}],"collection":[{"href":"https:\/\/tvbrazilusa.com\/pt\/wp-json\/wp\/v2\/posts"}],"about":[{"href":"https:\/\/tvbrazilusa.com\/pt\/wp-json\/wp\/v2\/types\/post"}],"author":[{"embeddable":true,"href":"https:\/\/tvbrazilusa.com\/pt\/wp-json\/wp\/v2\/users\/1"}],"replies":[{"embeddable":true,"href":"https:\/\/tvbrazilusa.com\/pt\/wp-json\/wp\/v2\/comments?post=92761"}],"version-history":[{"count":1,"href":"https:\/\/tvbrazilusa.com\/pt\/wp-json\/wp\/v2\/posts\/92761\/revisions"}],"predecessor-version":[{"id":92763,"href":"https:\/\/tvbrazilusa.com\/pt\/wp-json\/wp\/v2\/posts\/92761\/revisions\/92763"}],"wp:featuredmedia":[{"embeddable":true,"href":"https:\/\/tvbrazilusa.com\/pt\/wp-json\/wp\/v2\/media\/92762"}],"wp:attachment":[{"href":"https:\/\/tvbrazilusa.com\/pt\/wp-json\/wp\/v2\/media?parent=92761"}],"wp:term":[{"taxonomy":"category","embeddable":true,"href":"https:\/\/tvbrazilusa.com\/pt\/wp-json\/wp\/v2\/categories?post=92761"},{"taxonomy":"post_tag","embeddable":true,"href":"https:\/\/tvbrazilusa.com\/pt\/wp-json\/wp\/v2\/tags?post=92761"}],"curies":[{"name":"wp","href":"https:\/\/api.w.org\/{rel}","templated":true}]}}