{"id":92776,"date":"2025-01-17T14:26:07","date_gmt":"2025-01-17T14:26:07","guid":{"rendered":"https:\/\/tvbrazilusa.com\/2025\/01\/17\/homem-de-nj-que-tinha-um-estoque-de-cocaina-escondido-em-seu-veiculo-foi-condenado-a-prisao-federal\/"},"modified":"2025-01-17T14:38:09","modified_gmt":"2025-01-17T14:38:09","slug":"homem-de-nj-que-tinha-um-estoque-de-cocaina-escondido-em-seu-veiculo-foi-condenado-a-prisao-federal","status":"publish","type":"post","link":"https:\/\/tvbrazilusa.com\/pt\/2025\/01\/17\/homem-de-nj-que-tinha-um-estoque-de-cocaina-escondido-em-seu-veiculo-foi-condenado-a-prisao-federal\/","title":{"rendered":"Homem de NJ que tinha um estoque de coca\u00edna escondido em seu ve\u00edculo foi condenado \u00e0 pris\u00e3o federal"},"content":{"rendered":"<script async src=\"https:\/\/pagead2.googlesyndication.com\/pagead\/js\/adsbygoogle.js?client=ca-pub-8864793242727901\"\r\n     crossorigin=\"anonymous\"><\/script>\n<div>\n<p class=\"article__paragraph article__paragraph--left\" id=\"3PWC7DU3ABDOTCFR6GNM5PL4QA\">Um homem de Nova Jersey que tinha coca\u00edna em compartimentos escondidos de um ve\u00edculo quando foi parado em Indiana foi condenado a 6 anos e meio de pris\u00e3o federal.<\/p>\n<p class=\"article__paragraph article__paragraph--left\" id=\"QWDIEUZK75FFRJRFQW32DAII24\">A pol\u00edcia encontrou quase 9 quilos de coca\u00edna quando Juan Aquino foi parado na estrada com ped\u00e1gio de Indiana (Interstates 80 e 90) em 20 de dezembro de 2023, disse o Gabinete do Procurador dos EUA para o Norte de Indiana na quinta-feira.<\/p>\n<p class=\"article__paragraph article__paragraph--left\" id=\"YR4V6ORIONE3HAKZOKR7TC4HMU\">Aquino, 53 anos, de Elizabeth, estava em liberdade judicial aguardando o in\u00edcio de uma pena de pris\u00e3o de mais de seis anos por vender fentanil quando a pol\u00edcia de Indiana o prendeu.<\/p>\n<p class=\"article__paragraph article__paragraph--left\" id=\"52FWT5JYT5B4TNAUQE2FDPWV5I\">Ele era <a href=\"https:\/\/wsbt.com\/news\/local\/one-arrested-police-find-10-pounds-cocaine-laporte-traffic-stop-drugs-narcotics-felony-charges-dealing-indiana-toll-road-county-sheriff-tailgating-suspicious-bible-laundry-static-dryer-sheets-blocks-kilo-kilogram-k-9-dog\" target=\"_blank\">parado para utiliza\u00e7\u00e3o n\u00e3o autorizada<\/a> no lado leste da rodovia no condado de La Porte, de acordo com um relat\u00f3rio do WSBT.com.<\/p>\n<p class=\"article__paragraph article__paragraph--left\" id=\"VOUCAMZMCBDMJF3U6BIRVTEA6M\">Aquino obteve a coca\u00edna e o Colorado e estava voltando para Nova Jersey, disseram os promotores federais.<\/p>\n<p class=\"article__paragraph article__paragraph--left\" id=\"4OSID7TJZ5CDHGQIQO6HNRLWK4\">Ele tamb\u00e9m ter\u00e1 que cumprir quatro anos de liberdade supervisionada ap\u00f3s terminar sua pena de pris\u00e3o.<\/p>\n<section class=\"Stories-By-Author-module_wrapper__ezbcK Stories-By-Author-module_nj__Ap1-Y\"\/>\n<p class=\"article__paragraph article__paragraph--left\" id=\"7KN6JP7IYZCDZGK3VPK56LAMYI\"><i>Nosso jornalismo precisa do seu apoio. Por favor, inscreva-se hoje para <\/i><a href=\"https:\/\/www.nj.com\/\"><i>NJ.com<\/i><\/a><i>.<\/i><\/p>\n<p class=\"article__paragraph article__paragraph--left\" id=\"OCU22IVVTFHKLJ3DCERY362APM\"><i>Jeff Goldman pode ser contatado em <\/i><a href=\"https:\/\/www.nj.com\/news\/2025\/01\/mailto:jeff_goldman@njadvancemedia.com\"><i>jeff_goldman@njadvancemedia.com<\/i><\/a><i>.<\/i><\/p>\n<\/div>\n<p><br \/>\n<br \/><a href=\"https:\/\/www.nj.com\/news\/2025\/01\/nj-man-who-had-a-hidden-cocaine-stash-in-his-vehicle-sentenced-to-federal-prison.html\">Source link <\/a><\/p>","protected":false},"excerpt":{"rendered":"<p>Um homem de Nova Jersey que tinha coca\u00edna em compartimentos escondidos de um ve\u00edculo quando foi parado em Indiana foi condenado a 6 anos e meio de pris\u00e3o federal. A&hellip;<\/p>","protected":false},"author":1,"featured_media":92777,"comment_status":"closed","ping_status":"open","sticky":false,"template":"","format":"standard","meta":{"content-type":"","footnotes":""},"categories":[1],"tags":[],"class_list":["post-92776","post","type-post","status-publish","format-standard","has-post-thumbnail","hentry","category-uncategorized"],"_links":{"self":[{"href":"https:\/\/tvbrazilusa.com\/pt\/wp-json\/wp\/v2\/posts\/92776","targetHints":{"allow":["GET"]}}],"collection":[{"href":"https:\/\/tvbrazilusa.com\/pt\/wp-json\/wp\/v2\/posts"}],"about":[{"href":"https:\/\/tvbrazilusa.com\/pt\/wp-json\/wp\/v2\/types\/post"}],"author":[{"embeddable":true,"href":"https:\/\/tvbrazilusa.com\/pt\/wp-json\/wp\/v2\/users\/1"}],"replies":[{"embeddable":true,"href":"https:\/\/tvbrazilusa.com\/pt\/wp-json\/wp\/v2\/comments?post=92776"}],"version-history":[{"count":1,"href":"https:\/\/tvbrazilusa.com\/pt\/wp-json\/wp\/v2\/posts\/92776\/revisions"}],"predecessor-version":[{"id":92778,"href":"https:\/\/tvbrazilusa.com\/pt\/wp-json\/wp\/v2\/posts\/92776\/revisions\/92778"}],"wp:featuredmedia":[{"embeddable":true,"href":"https:\/\/tvbrazilusa.com\/pt\/wp-json\/wp\/v2\/media\/92777"}],"wp:attachment":[{"href":"https:\/\/tvbrazilusa.com\/pt\/wp-json\/wp\/v2\/media?parent=92776"}],"wp:term":[{"taxonomy":"category","embeddable":true,"href":"https:\/\/tvbrazilusa.com\/pt\/wp-json\/wp\/v2\/categories?post=92776"},{"taxonomy":"post_tag","embeddable":true,"href":"https:\/\/tvbrazilusa.com\/pt\/wp-json\/wp\/v2\/tags?post=92776"}],"curies":[{"name":"wp","href":"https:\/\/api.w.org\/{rel}","templated":true}]}}