{"id":92779,"date":"2025-01-17T14:44:48","date_gmt":"2025-01-17T14:44:48","guid":{"rendered":"https:\/\/tvbrazilusa.com\/2025\/01\/17\/no-x-banco-central-alfineta-nikolas-ferreira-vacilao-da-fake\/"},"modified":"2025-01-17T14:44:49","modified_gmt":"2025-01-17T14:44:49","slug":"no-x-banco-central-alfineta-nikolas-ferreira-vacilao-da-fake","status":"publish","type":"post","link":"https:\/\/tvbrazilusa.com\/pt\/2025\/01\/17\/no-x-banco-central-alfineta-nikolas-ferreira-vacilao-da-fake\/","title":{"rendered":"No X, Banco Central alfineta Nikolas Ferreira: &#8216;Vacil\u00e3o da fake&#8217;"},"content":{"rendered":"<p> <script async src=\"https:\/\/pagead2.googlesyndication.com\/pagead\/js\/adsbygoogle.js?client=ca-pub-8864793242727901\"\r\n     crossorigin=\"anonymous\"><\/script><br \/>\n<\/p>\n<div id=\"taboola-read-more\" style=\"display:block; width:100%\">\n<p>O perfil do Banco Central (BC) no Instagram e no X publicou, na quarta-feira (15\/1), um v\u00eddeo sobre a pol\u00eamica do Pix. A pe\u00e7a veio acompanhada de uma refer\u00eancia indireta ao deputado federal Nikolas Ferreira (PL-MG), que seria o \u201cvacil\u00e3o da fake\u201d.<\/p>\n<p>A publica\u00e7\u00e3o do Banco Central \u00e9 um v\u00eddeo que diz que n\u00e3o h\u00e1 mudan\u00e7a nas regras para o Pix, que o servi\u00e7o vai continuar sendo de gra\u00e7a e n\u00e3o vai haver quebra de sigilo. No entanto, no segmento da mensagem, aparece o seguinte trecho: \u201cHora de ouvir umas verdades que o vacil\u00e3o da fake n\u00e3o quer te contar, beb\u00ea.\u201d<\/p>\n<p>Fonte: Metr\u00f3poles<\/p>\n<\/p><\/div>\n<p><br \/>\n<br \/><a href=\"https:\/\/diariodobrasilnoticias.com.br\/noticia\/no-x-banco-central-alfineta-nikolas-ferreira-vacilao-da-fake-678a4260b54c8\">Source link <\/a><\/p>","protected":false},"excerpt":{"rendered":"<p>O perfil do Banco Central (BC) no Instagram e no X publicou, na quarta-feira (15\/1), um v\u00eddeo sobre a pol\u00eamica do Pix. A pe\u00e7a veio acompanhada de uma refer\u00eancia indireta&hellip;<\/p>","protected":false},"author":1,"featured_media":92780,"comment_status":"closed","ping_status":"open","sticky":false,"template":"","format":"standard","meta":{"content-type":"","footnotes":""},"categories":[16],"tags":[123,2448,5313,1267],"class_list":["post-92779","post","type-post","status-publish","format-standard","has-post-thumbnail","hentry","category-noticias","tag-brasil","tag-diario","tag-noticia","tag-noticias"],"_links":{"self":[{"href":"https:\/\/tvbrazilusa.com\/pt\/wp-json\/wp\/v2\/posts\/92779","targetHints":{"allow":["GET"]}}],"collection":[{"href":"https:\/\/tvbrazilusa.com\/pt\/wp-json\/wp\/v2\/posts"}],"about":[{"href":"https:\/\/tvbrazilusa.com\/pt\/wp-json\/wp\/v2\/types\/post"}],"author":[{"embeddable":true,"href":"https:\/\/tvbrazilusa.com\/pt\/wp-json\/wp\/v2\/users\/1"}],"replies":[{"embeddable":true,"href":"https:\/\/tvbrazilusa.com\/pt\/wp-json\/wp\/v2\/comments?post=92779"}],"version-history":[{"count":1,"href":"https:\/\/tvbrazilusa.com\/pt\/wp-json\/wp\/v2\/posts\/92779\/revisions"}],"predecessor-version":[{"id":92781,"href":"https:\/\/tvbrazilusa.com\/pt\/wp-json\/wp\/v2\/posts\/92779\/revisions\/92781"}],"wp:featuredmedia":[{"embeddable":true,"href":"https:\/\/tvbrazilusa.com\/pt\/wp-json\/wp\/v2\/media\/92780"}],"wp:attachment":[{"href":"https:\/\/tvbrazilusa.com\/pt\/wp-json\/wp\/v2\/media?parent=92779"}],"wp:term":[{"taxonomy":"category","embeddable":true,"href":"https:\/\/tvbrazilusa.com\/pt\/wp-json\/wp\/v2\/categories?post=92779"},{"taxonomy":"post_tag","embeddable":true,"href":"https:\/\/tvbrazilusa.com\/pt\/wp-json\/wp\/v2\/tags?post=92779"}],"curies":[{"name":"wp","href":"https:\/\/api.w.org\/{rel}","templated":true}]}}