{"id":92800,"date":"2025-01-17T15:52:06","date_gmt":"2025-01-17T15:52:06","guid":{"rendered":"https:\/\/tvbrazilusa.com\/2025\/01\/17\/modelo-indicada-como-namorada-de-delator-do-pcc-e-presa\/"},"modified":"2025-01-17T15:52:08","modified_gmt":"2025-01-17T15:52:08","slug":"modelo-indicada-como-namorada-de-delator-do-pcc-e-presa","status":"publish","type":"post","link":"https:\/\/tvbrazilusa.com\/pt\/2025\/01\/17\/modelo-indicada-como-namorada-de-delator-do-pcc-e-presa\/","title":{"rendered":"Modelo indicada como namorada de delator do PCC \u00e9 presa"},"content":{"rendered":"<p> <script async src=\"https:\/\/pagead2.googlesyndication.com\/pagead\/js\/adsbygoogle.js?client=ca-pub-8864793242727901\"\r\n     crossorigin=\"anonymous\"><\/script><br \/>\n<\/p>\n<div>\n<p>Al\u00e9m de Jaqueline, outros dois indiv\u00edduos, Matheus Soares Brito, de 19 anos, e Matheus Augusto de Castro Mota, tamb\u00e9m foram presos por sua colabora\u00e7\u00e3o com Kau\u00ea. A pol\u00edcia ainda est\u00e1 \u00e0 procura de Diego dos Santos Amaral, conhecido como Didi, e de um quarto suspeito que n\u00e3o teve o nome revelado. A delegada Ivalda Aleixo investiga a possibilidade de que a execu\u00e7\u00e3o de Gritzbach tenha sido motivada por seu acordo de dela\u00e7\u00e3o premiada com o Minist\u00e9rio P\u00fablico.\u00a0A delegada tamb\u00e9m mencionou que um policial militar foi detido como um dos atiradores e n\u00e3o descarta a possibilidade de que outros policiais possam estar envolvidos no crime. As investiga\u00e7\u00f5es continuam em andamento, com a pol\u00edcia buscando esclarecer todos os detalhes que cercam esse caso complexo e violento.<\/p>\n<p>Fonte: Jovem Pan<\/p>\n<\/div>\n<p><br \/>\n<br \/><a href=\"https:\/\/diariodobrasilnoticias.com.br\/noticia\/modelo-indicada-como-namorada-de-delator-do-pcc-e-presa-678a60e84d2c4\">Source link <\/a><\/p>","protected":false},"excerpt":{"rendered":"<p>Al\u00e9m de Jaqueline, outros dois indiv\u00edduos, Matheus Soares Brito, de 19 anos, e Matheus Augusto de Castro Mota, tamb\u00e9m foram presos por sua colabora\u00e7\u00e3o com Kau\u00ea. A pol\u00edcia ainda est\u00e1&hellip;<\/p>","protected":false},"author":1,"featured_media":92801,"comment_status":"closed","ping_status":"open","sticky":false,"template":"","format":"standard","meta":{"content-type":"","footnotes":""},"categories":[16],"tags":[123,2448,5313,1267],"class_list":["post-92800","post","type-post","status-publish","format-standard","has-post-thumbnail","hentry","category-noticias","tag-brasil","tag-diario","tag-noticia","tag-noticias"],"_links":{"self":[{"href":"https:\/\/tvbrazilusa.com\/pt\/wp-json\/wp\/v2\/posts\/92800","targetHints":{"allow":["GET"]}}],"collection":[{"href":"https:\/\/tvbrazilusa.com\/pt\/wp-json\/wp\/v2\/posts"}],"about":[{"href":"https:\/\/tvbrazilusa.com\/pt\/wp-json\/wp\/v2\/types\/post"}],"author":[{"embeddable":true,"href":"https:\/\/tvbrazilusa.com\/pt\/wp-json\/wp\/v2\/users\/1"}],"replies":[{"embeddable":true,"href":"https:\/\/tvbrazilusa.com\/pt\/wp-json\/wp\/v2\/comments?post=92800"}],"version-history":[{"count":1,"href":"https:\/\/tvbrazilusa.com\/pt\/wp-json\/wp\/v2\/posts\/92800\/revisions"}],"predecessor-version":[{"id":92802,"href":"https:\/\/tvbrazilusa.com\/pt\/wp-json\/wp\/v2\/posts\/92800\/revisions\/92802"}],"wp:featuredmedia":[{"embeddable":true,"href":"https:\/\/tvbrazilusa.com\/pt\/wp-json\/wp\/v2\/media\/92801"}],"wp:attachment":[{"href":"https:\/\/tvbrazilusa.com\/pt\/wp-json\/wp\/v2\/media?parent=92800"}],"wp:term":[{"taxonomy":"category","embeddable":true,"href":"https:\/\/tvbrazilusa.com\/pt\/wp-json\/wp\/v2\/categories?post=92800"},{"taxonomy":"post_tag","embeddable":true,"href":"https:\/\/tvbrazilusa.com\/pt\/wp-json\/wp\/v2\/tags?post=92800"}],"curies":[{"name":"wp","href":"https:\/\/api.w.org\/{rel}","templated":true}]}}