{"id":92824,"date":"2025-01-17T17:24:32","date_gmt":"2025-01-17T17:24:32","guid":{"rendered":"https:\/\/tvbrazilusa.com\/2025\/01\/17\/homem-e-esfaqueado-9-vezes-durante-briga-em-terminal-de-onibus-veja-video\/"},"modified":"2025-01-17T17:24:34","modified_gmt":"2025-01-17T17:24:34","slug":"homem-e-esfaqueado-9-vezes-durante-briga-em-terminal-de-onibus-veja-video","status":"publish","type":"post","link":"https:\/\/tvbrazilusa.com\/pt\/2025\/01\/17\/homem-e-esfaqueado-9-vezes-durante-briga-em-terminal-de-onibus-veja-video\/","title":{"rendered":"Homem \u00e9 esfaqueado 9 vezes durante briga em terminal de \u00f4nibus; VEJA V\u00cdDEO"},"content":{"rendered":"<p> <script async src=\"https:\/\/pagead2.googlesyndication.com\/pagead\/js\/adsbygoogle.js?client=ca-pub-8864793242727901\"\r\n     crossorigin=\"anonymous\"><\/script><br \/>\n<\/p>\n<div>\n<figure class=\"post-image\">\n<\/figure>\n<p>            <span style=\"font-size: 12px\">Reprodu\u00e7\u00e3o<\/span><\/p>\n<p>            <!-- end metas --><br \/>\n            <!-- ADS --><\/p>\n<div id=\"taboola-read-more\" style=\"display:block; width:100%\">\n<p>Um homem ficou ferido no Terminal Central de \u00f4nibus de\u00a0<a href=\"https:\/\/www.metropoles.com\/tag\/joinville\">Joinville<\/a>\u00a0(SC), ao ser agredido por um grupo de pessoas e esfaqueado por um homem. O crime ocorreu nessa quinta-feira (17\/1), ap\u00f3s uma confus\u00e3o na rodovi\u00e1ria.\n<\/p>\n<p data-gtm-vis-recent-on-screen104869357_94=\"10531\" data-gtm-vis-first-on-screen104869357_94=\"10532\" data-gtm-vis-total-visible-time104869357_94=\"100\" data-gtm-vis-has-fired104869357_94=\"1\">A v\u00edtima teria tentado invadir o terminal de \u00f4nibus, segundo informa\u00e7\u00f5es preliminares, quando foi impedida por um seguran\u00e7a. Os dois teriam come\u00e7ado a discutir, e a briga tomou propor\u00e7\u00f5es maiores.<\/p>\n<p>Como a v\u00edtima travou a entrada de outros passageiros no terminal, mais pessoas se envolveram na briga, at\u00e9 o momento em que um grupo partiu para cima do agredido.\n<\/p>\n<p>O homem levou ao menos nove golpes com um fac\u00e3o de a\u00e7ougue. C\u00e2meras do circuito interno do terminal registraram quando o espancamento come\u00e7ou e quando a v\u00edtima acabou esfaqueada.\n<\/p>\n<p>ASSISTA:\n<\/p>\n<p>Equipes do Servi\u00e7o de Atendimento M\u00f3vel de Urg\u00eancia (Samu), da Pol\u00edcia Militar (PMSC) e da Guarda Municipal da regi\u00e3o foram acionadas para atender \u00e0 ocorr\u00eancia.\n<\/p>\n<p>A v\u00edtima foi levada para o Hospital Municipal S\u00e3o Jos\u00e9, mas n\u00e3o havia tido o estado de sa\u00fade divulgado at\u00e9 a mais recente atualiza\u00e7\u00e3o desta reportagem. Para a PMSC, o ataque a facadas pode ter rela\u00e7\u00e3o com tr\u00e1fico de drogas.\n<\/p>\n<p>Fonte: Metr\u00f3poles              <\/p>\n<\/div>\n<p>                        <!-- Scripts para conteudo --><\/p>\n<p>            <!-- .\/Scripts para conteudo --><br \/>\n            <!-- .\/Mat\u00e9ria --><\/p>\n<div class=\"row mt-3\">\n<div class=\"col-sm-6\">\n                <!-- Whatsapp channel 3--><br \/>\n                <a href=\"https:\/\/chat.whatsapp.com\/B8Qy6Erx4kb6yTzj3kaDco\" target=\"_blank\"><br \/>\n                  <img decoding=\"async\" src=\"https:\/\/diariodobrasilnoticias.com.br\/assets-site\/images\/bot_whatsapp.png\"\/><\/a>\n              <\/div>\n<div class=\"col-sm-6\">\n                <a href=\"https:\/\/t.me\/+_4gTmi5LKo03OTM5\" target=\"_blank\"><br \/>\n                  <img decoding=\"async\" src=\"https:\/\/diariodobrasilnoticias.com.br\/assets-site\/images\/bot_telegram.png\"\/><\/a>\n              <\/div>\n<\/p><\/div>\n<p>            <!-- end post-navigation --><\/p>\n<p>              <!-- end row --><\/p>\n<p>              <!-- end col-12-->\n                      <\/div>\n<p><br \/>\n<br \/><a href=\"https:\/\/diariodobrasilnoticias.com.br\/noticia\/homem-e-esfaqueado-9-vezes-durante-briga-em-terminal-de-onibus-veja-video-678a70421e209\">Source link <\/a><\/p>","protected":false},"excerpt":{"rendered":"<p>Reprodu\u00e7\u00e3o Um homem ficou ferido no Terminal Central de \u00f4nibus de\u00a0Joinville\u00a0(SC), ao ser agredido por um grupo de pessoas e esfaqueado por um homem. O crime ocorreu nessa quinta-feira (17\/1),&hellip;<\/p>","protected":false},"author":1,"featured_media":92825,"comment_status":"closed","ping_status":"open","sticky":false,"template":"","format":"standard","meta":{"content-type":"","footnotes":""},"categories":[16],"tags":[123,2448,5313,1267],"class_list":["post-92824","post","type-post","status-publish","format-standard","has-post-thumbnail","hentry","category-noticias","tag-brasil","tag-diario","tag-noticia","tag-noticias"],"_links":{"self":[{"href":"https:\/\/tvbrazilusa.com\/pt\/wp-json\/wp\/v2\/posts\/92824","targetHints":{"allow":["GET"]}}],"collection":[{"href":"https:\/\/tvbrazilusa.com\/pt\/wp-json\/wp\/v2\/posts"}],"about":[{"href":"https:\/\/tvbrazilusa.com\/pt\/wp-json\/wp\/v2\/types\/post"}],"author":[{"embeddable":true,"href":"https:\/\/tvbrazilusa.com\/pt\/wp-json\/wp\/v2\/users\/1"}],"replies":[{"embeddable":true,"href":"https:\/\/tvbrazilusa.com\/pt\/wp-json\/wp\/v2\/comments?post=92824"}],"version-history":[{"count":1,"href":"https:\/\/tvbrazilusa.com\/pt\/wp-json\/wp\/v2\/posts\/92824\/revisions"}],"predecessor-version":[{"id":92826,"href":"https:\/\/tvbrazilusa.com\/pt\/wp-json\/wp\/v2\/posts\/92824\/revisions\/92826"}],"wp:featuredmedia":[{"embeddable":true,"href":"https:\/\/tvbrazilusa.com\/pt\/wp-json\/wp\/v2\/media\/92825"}],"wp:attachment":[{"href":"https:\/\/tvbrazilusa.com\/pt\/wp-json\/wp\/v2\/media?parent=92824"}],"wp:term":[{"taxonomy":"category","embeddable":true,"href":"https:\/\/tvbrazilusa.com\/pt\/wp-json\/wp\/v2\/categories?post=92824"},{"taxonomy":"post_tag","embeddable":true,"href":"https:\/\/tvbrazilusa.com\/pt\/wp-json\/wp\/v2\/tags?post=92824"}],"curies":[{"name":"wp","href":"https:\/\/api.w.org\/{rel}","templated":true}]}}