{"id":92833,"date":"2025-01-17T17:48:43","date_gmt":"2025-01-17T17:48:43","guid":{"rendered":"https:\/\/tvbrazilusa.com\/2025\/01\/17\/argentina-alcanca-a-menor-taxa-de-homicidios-em-25-anos\/"},"modified":"2025-01-17T17:48:44","modified_gmt":"2025-01-17T17:48:44","slug":"argentina-alcanca-a-menor-taxa-de-homicidios-em-25-anos","status":"publish","type":"post","link":"https:\/\/tvbrazilusa.com\/pt\/2025\/01\/17\/argentina-alcanca-a-menor-taxa-de-homicidios-em-25-anos\/","title":{"rendered":"Argentina alcan\u00e7a a menor taxa de homic\u00eddios em 25 anos"},"content":{"rendered":"<p> <script async src=\"https:\/\/pagead2.googlesyndication.com\/pagead\/js\/adsbygoogle.js?client=ca-pub-8864793242727901\"\r\n     crossorigin=\"anonymous\"><\/script><br \/>\n<\/p>\n<div id=\"taboola-read-more\" style=\"display:block; width:100%\">\n<p>N\u00e3o \u00e9 apenas a macroeconomia. Em ano eleitoral, no qual parte do Congresso ser\u00e1 renovado na Argentina e o governo calcula que poder\u00e1 ganhar musculatura, o presidente Javier Milei soma tamb\u00e9m um outro trunfo: a menor taxa de homic\u00eddios em 25 anos.\n<\/p>\n<p>No primeiro ano da gest\u00e3o, com um discurso linha-dura na seguran\u00e7a p\u00fablica, o \u00edndice que mede o n\u00famero de assassinatos a cada 100 mil habitantes foi de 3,8, o menor desde que h\u00e1 registros, iniciados no ano 2000. Isso enquadra o pa\u00eds entre as taxas mais baixas da regi\u00e3o.<\/p>\n<p>Ao todo, foram 1.810 homic\u00eddios dolosos no pa\u00eds, 11,5% a menos do que em 2023. Mais expressivas foram as redu\u00e7\u00f5es na prov\u00edncia litor\u00e2nea de Santa Fe e em seu munic\u00edpio de Ros\u00e1rio, que se tornou uma esp\u00e9cie de joia do narcotr\u00e1fico. Os assassinatos ca\u00edram, respectivamente, 55% e 65%, segundo as informa\u00e7\u00f5es enviadas \u00e0 reportagem. Esses foram os menores n\u00fameros em pelo menos uma d\u00e9cada nessas regi\u00f5es.\n<\/p>\n<p>Os dados gerais foram antecipados pela ministra da Seguran\u00e7a, Patricia Bullrich, nome forte deste atual governo. Ex-candidata \u00e0 Presid\u00eancia e, ironicamente, ex-membro do grupo guerrilheiro Montoneros na \u00e9poca da ditadura militar argentina (1976-1983), ela \u00e9 a ministra mais popular, com taxas de aprova\u00e7\u00e3o que \u00e0s vezes superam as de Milei, acima de 50%.\n<\/p>\n<p>A quest\u00e3o da viol\u00eancia n\u00e3o \u00e9 recente e vinha se agravando. Por que, apenas agora, uma solu\u00e7\u00e3o parece ter emergido? Gustavo Gonzalez, professor e pesquisador da Universidade Nacional do Litoral, de Santa Fe, um dos principais acad\u00eamicos da \u00e1rea no pa\u00eds, diz que foi chave a atua\u00e7\u00e3o conjunta do governo nacional com a prov\u00edncia.\n<\/p>\n<p>&#8220;Houve uma alian\u00e7a que distensionou a rela\u00e7\u00e3o e que teve um impacto fundamental para a distribui\u00e7\u00e3o territorial entre for\u00e7as de seguran\u00e7a nacionais e for\u00e7as de seguran\u00e7a provinciais&#8221;, explica.\n<\/p>\n<p>&#8220;Pegou-se um mapa de Ros\u00e1rio e, em cima dele, distribu\u00edram-se as zonas que ficariam sob atribui\u00e7\u00e3o de cada grupo, com um comando unificado \u00e0 parte que se re\u00fane periodicamente.&#8221;\n<\/p>\n<p>Foi a a\u00e7\u00e3o conjunta, apelidada de Plano Bandeira, a que possibilitou que Ros\u00e1rio sa\u00edsse de uma taxa de homic\u00eddios de 19,92 por 100 mil habitantes, em 2023, para 6,84, no ano passado. O ber\u00e7o de nomes do futebol mundial como Lionel Messi e \u00c1ngel Di Mar\u00eda e do \u00edcone da Revolu\u00e7\u00e3o Cubana Che Guevara estampava jornais pela viol\u00eancia do narcotr\u00e1fico, muitas vezes intimamente ligada \u00e0s torcidas organizadas.\n<\/p>\n<p>A ministra Bullrich, do Proposta Republicana (partido do ex-presidente Mauricio Macri que \u00e9 a principal base de apoio para Milei) atua lado a lado com o governador de Santa Fe, Maximiliano Pullaro. Ex-ministro de Seguran\u00e7a na prov\u00edncia, ele \u00e9 do Uni\u00e3o C\u00edvica Radical, outro partido que, ainda que com divis\u00f5es, muitas vezes apoia o Executivo. Em Ros\u00e1rio, a Prefeitura tamb\u00e9m est\u00e1 nas m\u00e3os de um aliado, Pablo Javkin.\n<\/p>\n<p>Poderia parecer apenas uma sorte do destino a conflu\u00eancia de for\u00e7as pol\u00edticas que dialogam. Mas o passado recente de Santa Fe mostra que a prov\u00edncia, na qual esquerda e peronismo foram predominantes nas \u00faltimas d\u00e9cadas, e o governo nacional n\u00e3o atuaram lado a lado mesmo quando a chefia da Casa Rosada estava em m\u00e3os do mesmo partido.\n<\/p>\n<p>Houve quem cogitasse que redu\u00e7\u00f5es t\u00e3o expressivas no principal indicador de viol\u00eancia sinalizariam que ocorre por baixo dos panos algum acordo entre o poder p\u00fablico e os nomes do narcotr\u00e1fico. Gustavo Gonzalez diz que n\u00e3o h\u00e1 nenhuma evid\u00eancia emp\u00edrica disso.\n<\/p>\n<p>Ele chama a aten\u00e7\u00e3o para a import\u00e2ncia que parece ter tido o aumento do patrulhamento nas ruas. Tome-se como exemplo a cidade de Ros\u00e1rio: os assassinatos que ocorrem em vias p\u00fablicas ca\u00edram de maneira ainda mais expressiva do que os que ocorrem em domic\u00edlios particulares \u2014redu\u00e7\u00f5es de 68% e 57%, respectivamente.\n<\/p>\n<p>E tamb\u00e9m para a expectativa de que a taxa de resposta institucional da justi\u00e7a local, em \u00f3rg\u00e3os como o Minist\u00e9rio P\u00fablico, tamb\u00e9m aumente, dado que agora h\u00e1 menos casos.\n<\/p>\n<p>\u00c9 preciso esperar que informa\u00e7\u00f5es de outros pa\u00edses da vizinhan\u00e7a sejam tornadas p\u00fablicas, mas os recentes n\u00fameros do governo Milei posicionam a Argentina como prov\u00e1vel segundo pa\u00eds com a menor taxa de homic\u00eddios na Am\u00e9rica Latina e no Caribe, atr\u00e1s de El Salvador.\n<\/p>\n<p>O pa\u00eds liderado pelo populista de direita Nayib Bukele teve 1,9 homic\u00eddio por 100 mil habitantes em 2024. Tudo indica que pa\u00edses como Peru, antes pr\u00f3ximos a El Salvador, ter\u00e3o taxa de homic\u00eddios superior a 5 em 2024, ano no qual esses crimes cresceram 34%. No Chile, em 2023 a taxa de homic\u00eddios ficou em 6,3. No Brasil, em 18,7.\n<\/p>\n<p>H\u00e1 investiga\u00e7\u00f5es em andamento sobre poss\u00edveis abusos na pol\u00edtica de seguran\u00e7a p\u00fablica argentina em contextos como o endurecimento da pol\u00edtica penitenci\u00e1ria e em deten\u00e7\u00f5es sem justificativa, mas ainda n\u00e3o h\u00e1 conclus\u00f5es. A pol\u00edtica de seguran\u00e7a p\u00fablica de Milei e Bullrich ainda se desenha, mas outras de suas facetas despertam cr\u00edticas.\n<\/p>\n<p>Em dezembro, o governo diminuiu de 21 para 18 a idade m\u00ednima para portar armas. Antes, colocou em pr\u00e1tica seu apelidado &#8220;protocolo antipiquetes&#8221;, ou antiprotestos, que permite o envio de for\u00e7as de seguran\u00e7a nacionais, como a Pol\u00edcia Militar, para manifesta\u00e7\u00f5es em vias p\u00fablicas sem necessidade de autoriza\u00e7\u00e3o judicial.\n<\/p>\n<p>A ONG Anistia Internacional diz que 1.155 pessoas ficaram feridas em 2024 &#8220;pela atua\u00e7\u00e3o violenta das for\u00e7as de seguran\u00e7a nos protestos&#8221;.\n<\/p>\n<p>&#8220;O protocolo do governo converte o direito de protestar de forma pac\u00edfica em um delito&#8221;, diz \u00e0 reportagem Mariela Belski, diretora-executiva da Anistia no pa\u00eds. &#8220;\u00c9 uma pol\u00edtica que imprime mais viol\u00eancia em vez de neutraliz\u00e1-la e que, como mostramos, coloca a integridade f\u00edsica e a liberdade pessoal em s\u00e9rio risco.&#8221;<\/p>\n<p>Fonte: Folha de S. Paulo              <\/p>\n<\/div>\n<p><br \/>\n<br \/><a href=\"https:\/\/diariodobrasilnoticias.com.br\/noticia\/argentina-alcanca-a-menor-taxa-de-homicidios-em-25-anos-678a6ccb71f4d\">Source link <\/a><\/p>","protected":false},"excerpt":{"rendered":"<p>N\u00e3o \u00e9 apenas a macroeconomia. Em ano eleitoral, no qual parte do Congresso ser\u00e1 renovado na Argentina e o governo calcula que poder\u00e1 ganhar musculatura, o presidente Javier Milei soma&hellip;<\/p>","protected":false},"author":1,"featured_media":92834,"comment_status":"closed","ping_status":"open","sticky":false,"template":"","format":"standard","meta":{"content-type":"","footnotes":""},"categories":[16],"tags":[123,2448,5313,1267],"class_list":["post-92833","post","type-post","status-publish","format-standard","has-post-thumbnail","hentry","category-noticias","tag-brasil","tag-diario","tag-noticia","tag-noticias"],"_links":{"self":[{"href":"https:\/\/tvbrazilusa.com\/pt\/wp-json\/wp\/v2\/posts\/92833","targetHints":{"allow":["GET"]}}],"collection":[{"href":"https:\/\/tvbrazilusa.com\/pt\/wp-json\/wp\/v2\/posts"}],"about":[{"href":"https:\/\/tvbrazilusa.com\/pt\/wp-json\/wp\/v2\/types\/post"}],"author":[{"embeddable":true,"href":"https:\/\/tvbrazilusa.com\/pt\/wp-json\/wp\/v2\/users\/1"}],"replies":[{"embeddable":true,"href":"https:\/\/tvbrazilusa.com\/pt\/wp-json\/wp\/v2\/comments?post=92833"}],"version-history":[{"count":1,"href":"https:\/\/tvbrazilusa.com\/pt\/wp-json\/wp\/v2\/posts\/92833\/revisions"}],"predecessor-version":[{"id":92835,"href":"https:\/\/tvbrazilusa.com\/pt\/wp-json\/wp\/v2\/posts\/92833\/revisions\/92835"}],"wp:featuredmedia":[{"embeddable":true,"href":"https:\/\/tvbrazilusa.com\/pt\/wp-json\/wp\/v2\/media\/92834"}],"wp:attachment":[{"href":"https:\/\/tvbrazilusa.com\/pt\/wp-json\/wp\/v2\/media?parent=92833"}],"wp:term":[{"taxonomy":"category","embeddable":true,"href":"https:\/\/tvbrazilusa.com\/pt\/wp-json\/wp\/v2\/categories?post=92833"},{"taxonomy":"post_tag","embeddable":true,"href":"https:\/\/tvbrazilusa.com\/pt\/wp-json\/wp\/v2\/tags?post=92833"}],"curies":[{"name":"wp","href":"https:\/\/api.w.org\/{rel}","templated":true}]}}