{"id":92842,"date":"2025-01-17T18:06:13","date_gmt":"2025-01-17T18:06:13","guid":{"rendered":"https:\/\/tvbrazilusa.com\/2025\/01\/17\/video-de-nikolas-ferreira-sobre-o-pix-bate-recorde-mundial-de-visualizacoes-em-24h-segundo-a-wikipedia-confira\/"},"modified":"2025-01-17T18:06:15","modified_gmt":"2025-01-17T18:06:15","slug":"video-de-nikolas-ferreira-sobre-o-pix-bate-recorde-mundial-de-visualizacoes-em-24h-segundo-a-wikipedia-confira","status":"publish","type":"post","link":"https:\/\/tvbrazilusa.com\/pt\/2025\/01\/17\/video-de-nikolas-ferreira-sobre-o-pix-bate-recorde-mundial-de-visualizacoes-em-24h-segundo-a-wikipedia-confira\/","title":{"rendered":"V\u00eddeo de Nikolas Ferreira sobre o PIX bate recorde mundial de visualiza\u00e7\u00f5es em 24h segundo a Wikip\u00e9dia; CONFIRA"},"content":{"rendered":"<p> <script async src=\"https:\/\/pagead2.googlesyndication.com\/pagead\/js\/adsbygoogle.js?client=ca-pub-8864793242727901\"\r\n     crossorigin=\"anonymous\"><\/script><br \/>\n<br \/>Postado no Instagram, ele j\u00e1 conta com mais de 313 milh\u00f5es de visualiza\u00e7\u00f5es.<br \/>\n<br \/><br \/>\n<br \/><a href=\"https:\/\/diariodobrasilnoticias.com.br\/noticia\/video-de-nikolas-ferreira-sobre-o-pix-bate-recorde-mundial-de-visualizacoes-em-24h-segundo-a-wikipedia-confira-678a6d8fb0faa\">Source link <\/a><\/p>","protected":false},"excerpt":{"rendered":"<p>Postado no Instagram, ele j\u00e1 conta com mais de 313 milh\u00f5es de visualiza\u00e7\u00f5es. Source link<\/p>","protected":false},"author":1,"featured_media":92843,"comment_status":"closed","ping_status":"open","sticky":false,"template":"","format":"standard","meta":{"content-type":"","footnotes":""},"categories":[16],"tags":[123,2448,5313,1267],"class_list":["post-92842","post","type-post","status-publish","format-standard","has-post-thumbnail","hentry","category-noticias","tag-brasil","tag-diario","tag-noticia","tag-noticias"],"_links":{"self":[{"href":"https:\/\/tvbrazilusa.com\/pt\/wp-json\/wp\/v2\/posts\/92842","targetHints":{"allow":["GET"]}}],"collection":[{"href":"https:\/\/tvbrazilusa.com\/pt\/wp-json\/wp\/v2\/posts"}],"about":[{"href":"https:\/\/tvbrazilusa.com\/pt\/wp-json\/wp\/v2\/types\/post"}],"author":[{"embeddable":true,"href":"https:\/\/tvbrazilusa.com\/pt\/wp-json\/wp\/v2\/users\/1"}],"replies":[{"embeddable":true,"href":"https:\/\/tvbrazilusa.com\/pt\/wp-json\/wp\/v2\/comments?post=92842"}],"version-history":[{"count":1,"href":"https:\/\/tvbrazilusa.com\/pt\/wp-json\/wp\/v2\/posts\/92842\/revisions"}],"predecessor-version":[{"id":92844,"href":"https:\/\/tvbrazilusa.com\/pt\/wp-json\/wp\/v2\/posts\/92842\/revisions\/92844"}],"wp:featuredmedia":[{"embeddable":true,"href":"https:\/\/tvbrazilusa.com\/pt\/wp-json\/wp\/v2\/media\/92843"}],"wp:attachment":[{"href":"https:\/\/tvbrazilusa.com\/pt\/wp-json\/wp\/v2\/media?parent=92842"}],"wp:term":[{"taxonomy":"category","embeddable":true,"href":"https:\/\/tvbrazilusa.com\/pt\/wp-json\/wp\/v2\/categories?post=92842"},{"taxonomy":"post_tag","embeddable":true,"href":"https:\/\/tvbrazilusa.com\/pt\/wp-json\/wp\/v2\/tags?post=92842"}],"curies":[{"name":"wp","href":"https:\/\/api.w.org\/{rel}","templated":true}]}}