{"id":92877,"date":"2025-01-17T19:28:24","date_gmt":"2025-01-17T19:28:24","guid":{"rendered":"https:\/\/tvbrazilusa.com\/2025\/01\/17\/gol-acaba-com-servico-de-bordo-em-voos-nacionais\/"},"modified":"2025-01-17T19:28:25","modified_gmt":"2025-01-17T19:28:25","slug":"gol-acaba-com-servico-de-bordo-em-voos-nacionais","status":"publish","type":"post","link":"https:\/\/tvbrazilusa.com\/pt\/2025\/01\/17\/gol-acaba-com-servico-de-bordo-em-voos-nacionais\/","title":{"rendered":"Gol acaba com servi\u00e7o de bordo em voos nacionais"},"content":{"rendered":"<p> <script async src=\"https:\/\/pagead2.googlesyndication.com\/pagead\/js\/adsbygoogle.js?client=ca-pub-8864793242727901\"\r\n     crossorigin=\"anonymous\"><\/script><br \/>\n<\/p>\n<div id=\"taboola-read-more\" style=\"display:block; width:100%\">\n<p>A Gol vai oferecer apenas \u00e1gua no servi\u00e7o de bordo em determinados voos dom\u00e9sticos. As informa\u00e7\u00f5es s\u00e3o do site especializado em avia\u00e7\u00e3o Aeroin.\n<\/p>\n<p>Nos voos com dura\u00e7\u00e3o de at\u00e9 uma hora, exceto na Ponte A\u00e9rea Rio\u2013S\u00e3o Paulo, os passageiros ter\u00e3o acesso apenas \u00e0 \u00e1gua, que ser\u00e1 disponibilizada sob demanda e sem gelo. O servi\u00e7o ser\u00e1 realizado manualmente ou com bandejas, e o uso de carrinhos estar\u00e1 proibido.<\/p>\n<p>Para situa\u00e7\u00f5es de emerg\u00eancia, a companhia disponibilizar\u00e1 pacotes de gelo e sach\u00eas de a\u00e7\u00facar, mas n\u00e3o oferecer\u00e1 snacks, mesmo que estejam dispon\u00edveis a bordo, a n\u00e3o ser em casos de emerg\u00eancia m\u00e9dica.\n<\/p>\n<p>Para as rotas com tempo de voo superior a uma hora, incluindo a Ponte A\u00e9rea, a Gol manter\u00e1 um servi\u00e7o reduzido, oferecendo um snack de op\u00e7\u00e3o \u00fanica, al\u00e9m de \u00e1gua, refrigerantes e caf\u00e9.\n<\/p>\n<p>A oferta de snacks ser\u00e1 segmentada por hor\u00e1rio, com op\u00e7\u00f5es doces dispon\u00edveis at\u00e9 11h59 e salgados a partir das 12h. Pedidos adicionais de snacks poder\u00e3o ser atendidos, desde que haja disponibilidade.\n<\/p>\n<p>A companhia orientou suas tripula\u00e7\u00f5es a comunicar aos passageiros que o novo conceito de servi\u00e7o de bordo entrou em vigor em 2025, e que eventuais questionamentos devem ser direcionados aos canais oficiais de atendimento ao cliente.\n<\/p>\n<p>Segundo o Aeroin, a implementa\u00e7\u00e3o das novas diretrizes ser\u00e1 acompanhada por testes e monitoramento para avaliar o impacto sobre a experi\u00eancia dos passageiros e o consumo de itens a bordo.\n<\/p>\n<p>Fonte: Info Money              <\/p>\n<\/div>\n<p><br \/>\n<br \/><a href=\"https:\/\/diariodobrasilnoticias.com.br\/noticia\/gol-acaba-com-servico-de-bordo-em-voos-nacionais-678a935793ec9\">Source link <\/a><\/p>","protected":false},"excerpt":{"rendered":"<p>A Gol vai oferecer apenas \u00e1gua no servi\u00e7o de bordo em determinados voos dom\u00e9sticos. As informa\u00e7\u00f5es s\u00e3o do site especializado em avia\u00e7\u00e3o Aeroin. Nos voos com dura\u00e7\u00e3o de at\u00e9 uma&hellip;<\/p>","protected":false},"author":1,"featured_media":92878,"comment_status":"closed","ping_status":"open","sticky":false,"template":"","format":"standard","meta":{"content-type":"","footnotes":""},"categories":[16],"tags":[123,2448,5313,1267],"class_list":["post-92877","post","type-post","status-publish","format-standard","has-post-thumbnail","hentry","category-noticias","tag-brasil","tag-diario","tag-noticia","tag-noticias"],"_links":{"self":[{"href":"https:\/\/tvbrazilusa.com\/pt\/wp-json\/wp\/v2\/posts\/92877","targetHints":{"allow":["GET"]}}],"collection":[{"href":"https:\/\/tvbrazilusa.com\/pt\/wp-json\/wp\/v2\/posts"}],"about":[{"href":"https:\/\/tvbrazilusa.com\/pt\/wp-json\/wp\/v2\/types\/post"}],"author":[{"embeddable":true,"href":"https:\/\/tvbrazilusa.com\/pt\/wp-json\/wp\/v2\/users\/1"}],"replies":[{"embeddable":true,"href":"https:\/\/tvbrazilusa.com\/pt\/wp-json\/wp\/v2\/comments?post=92877"}],"version-history":[{"count":1,"href":"https:\/\/tvbrazilusa.com\/pt\/wp-json\/wp\/v2\/posts\/92877\/revisions"}],"predecessor-version":[{"id":92879,"href":"https:\/\/tvbrazilusa.com\/pt\/wp-json\/wp\/v2\/posts\/92877\/revisions\/92879"}],"wp:featuredmedia":[{"embeddable":true,"href":"https:\/\/tvbrazilusa.com\/pt\/wp-json\/wp\/v2\/media\/92878"}],"wp:attachment":[{"href":"https:\/\/tvbrazilusa.com\/pt\/wp-json\/wp\/v2\/media?parent=92877"}],"wp:term":[{"taxonomy":"category","embeddable":true,"href":"https:\/\/tvbrazilusa.com\/pt\/wp-json\/wp\/v2\/categories?post=92877"},{"taxonomy":"post_tag","embeddable":true,"href":"https:\/\/tvbrazilusa.com\/pt\/wp-json\/wp\/v2\/tags?post=92877"}],"curies":[{"name":"wp","href":"https:\/\/api.w.org\/{rel}","templated":true}]}}