{"id":92880,"date":"2025-01-17T19:40:34","date_gmt":"2025-01-17T19:40:34","guid":{"rendered":"https:\/\/tvbrazilusa.com\/2025\/01\/17\/ana-maria-braga-ja-tem-data-para-deixar-manhas-da-globo-entenda\/"},"modified":"2025-01-17T19:40:36","modified_gmt":"2025-01-17T19:40:36","slug":"ana-maria-braga-ja-tem-data-para-deixar-manhas-da-globo-entenda","status":"publish","type":"post","link":"https:\/\/tvbrazilusa.com\/pt\/2025\/01\/17\/ana-maria-braga-ja-tem-data-para-deixar-manhas-da-globo-entenda\/","title":{"rendered":"Ana Maria Braga j\u00e1 tem data para deixar manh\u00e3s da Globo. Entenda"},"content":{"rendered":"<p> <script async src=\"https:\/\/pagead2.googlesyndication.com\/pagead\/js\/adsbygoogle.js?client=ca-pub-8864793242727901\"\r\n     crossorigin=\"anonymous\"><\/script><br \/>\n<\/p>\n<div>\n<figure class=\"post-image\">\n<\/figure>\n<p>            <span style=\"font-size: 12px\">Reprodu\u00e7\u00e3o\/Instagram<\/span><\/p>\n<p>            <!-- end metas --><br \/>\n            <!-- ADS --><\/p>\n<div id=\"taboola-read-more\" style=\"display:block; width:100%\">\n<p>Ana Maria Braga se consagrou nas manh\u00e3s da TV Globo como apresentadora do Mais Voc\u00ea. No entanto, a loira tem data para deixar o hor\u00e1rio na emissora.\n<\/p>\n<p>O que aconteceu<\/p>\n<p>Ana Maria Braga deve deixar as manh\u00e3s da Globo em 2026. De acordo com informa\u00e7\u00f5es do colunista Lucas Pasin, do Uol, a decis\u00e3o partiu da apresentadora.<br \/>Com a loira fora do circuito di\u00e1rio, existem discuss\u00f5es nos bastidores sobre como ser\u00e1 a nova grade de programa\u00e7\u00e3o das manh\u00e3s.\n<\/p>\n<p>At\u00e9 agora, foi definido que o Mais Voc\u00ea sair\u00e1 do ar. Nomes como Tati Machado e Eliana teriam sido cotados para comandar o programa, mas a Globo acredita que n\u00e3o seria bom tentar atrelar a marca a outra pessoa.<br \/>Outra possibilidade que corre \u00e9 a de que o Encontro ganhe mais espa\u00e7o e as manh\u00e3s sejam integralmente comandadas por Patr\u00edcia Poeta.\n<\/p>\n<p>Mas se engana quem pensa que Ana Maria pretende se aposentar. A ideia \u00e9 que ela passe a apresentar programas de temporada, como \u00e9 o caso de Tadeu Schmidt com o Big Brother Brasil (BBB).<br \/>O reality show Chef de Alto N\u00edvel, que ser\u00e1 comandado pela loira, deve funcionar como um teste dessa estrat\u00e9gia. A atra\u00e7\u00e3o \u00e9 uma vers\u00e3o brasileira do programa norte-americano apresentado por Gordon Ramsey e vale um pr\u00eamio em dinheiro e um per\u00edodo de mentoria com chefs renomados.\n<\/p>\n<p>Fonte: Metr\u00f3poles              <\/p>\n<\/div>\n<p>                        <!-- Scripts para conteudo --><\/p>\n<p>            <!-- .\/Scripts para conteudo --><br \/>\n            <!-- .\/Mat\u00e9ria --><\/p>\n<div class=\"row mt-3\">\n<div class=\"col-sm-6\">\n                <!-- Whatsapp channel 3--><br \/>\n                <a href=\"https:\/\/chat.whatsapp.com\/B8Qy6Erx4kb6yTzj3kaDco\" target=\"_blank\"><br \/>\n                  <img decoding=\"async\" src=\"https:\/\/diariodobrasilnoticias.com.br\/assets-site\/images\/bot_whatsapp.png\"\/><\/a>\n              <\/div>\n<div class=\"col-sm-6\">\n                <a href=\"https:\/\/t.me\/+_4gTmi5LKo03OTM5\" target=\"_blank\"><br \/>\n                  <img decoding=\"async\" src=\"https:\/\/diariodobrasilnoticias.com.br\/assets-site\/images\/bot_telegram.png\"\/><\/a>\n              <\/div>\n<\/p><\/div>\n<p>            <!-- end post-navigation --><\/p>\n<p>              <!-- end row --><\/p>\n<p>              <!-- end col-12-->\n                      <\/div>\n<p><br \/>\n<br \/><a href=\"https:\/\/diariodobrasilnoticias.com.br\/noticia\/ana-maria-braga-ja-tem-data-para-deixar-manhas-da-globo-entenda-678a94acbc6f4\">Source link <\/a><\/p>","protected":false},"excerpt":{"rendered":"<p>Reprodu\u00e7\u00e3o\/Instagram Ana Maria Braga se consagrou nas manh\u00e3s da TV Globo como apresentadora do Mais Voc\u00ea. No entanto, a loira tem data para deixar o hor\u00e1rio na emissora. O que&hellip;<\/p>","protected":false},"author":1,"featured_media":92881,"comment_status":"closed","ping_status":"open","sticky":false,"template":"","format":"standard","meta":{"content-type":"","footnotes":""},"categories":[16],"tags":[123,2448,5313,1267],"class_list":["post-92880","post","type-post","status-publish","format-standard","has-post-thumbnail","hentry","category-noticias","tag-brasil","tag-diario","tag-noticia","tag-noticias"],"_links":{"self":[{"href":"https:\/\/tvbrazilusa.com\/pt\/wp-json\/wp\/v2\/posts\/92880","targetHints":{"allow":["GET"]}}],"collection":[{"href":"https:\/\/tvbrazilusa.com\/pt\/wp-json\/wp\/v2\/posts"}],"about":[{"href":"https:\/\/tvbrazilusa.com\/pt\/wp-json\/wp\/v2\/types\/post"}],"author":[{"embeddable":true,"href":"https:\/\/tvbrazilusa.com\/pt\/wp-json\/wp\/v2\/users\/1"}],"replies":[{"embeddable":true,"href":"https:\/\/tvbrazilusa.com\/pt\/wp-json\/wp\/v2\/comments?post=92880"}],"version-history":[{"count":1,"href":"https:\/\/tvbrazilusa.com\/pt\/wp-json\/wp\/v2\/posts\/92880\/revisions"}],"predecessor-version":[{"id":92882,"href":"https:\/\/tvbrazilusa.com\/pt\/wp-json\/wp\/v2\/posts\/92880\/revisions\/92882"}],"wp:featuredmedia":[{"embeddable":true,"href":"https:\/\/tvbrazilusa.com\/pt\/wp-json\/wp\/v2\/media\/92881"}],"wp:attachment":[{"href":"https:\/\/tvbrazilusa.com\/pt\/wp-json\/wp\/v2\/media?parent=92880"}],"wp:term":[{"taxonomy":"category","embeddable":true,"href":"https:\/\/tvbrazilusa.com\/pt\/wp-json\/wp\/v2\/categories?post=92880"},{"taxonomy":"post_tag","embeddable":true,"href":"https:\/\/tvbrazilusa.com\/pt\/wp-json\/wp\/v2\/tags?post=92880"}],"curies":[{"name":"wp","href":"https:\/\/api.w.org\/{rel}","templated":true}]}}