{"id":92889,"date":"2025-01-17T20:05:43","date_gmt":"2025-01-17T20:05:43","guid":{"rendered":"https:\/\/tvbrazilusa.com\/2025\/01\/17\/como-policiais-da-rota-vazaram-a-operacao-e-impediram-a-prisao-dos-lideres-do-pcc\/"},"modified":"2025-01-17T20:05:44","modified_gmt":"2025-01-17T20:05:44","slug":"como-policiais-da-rota-vazaram-a-operacao-e-impediram-a-prisao-dos-lideres-do-pcc","status":"publish","type":"post","link":"https:\/\/tvbrazilusa.com\/pt\/2025\/01\/17\/como-policiais-da-rota-vazaram-a-operacao-e-impediram-a-prisao-dos-lideres-do-pcc\/","title":{"rendered":"Como policiais da Rota vazaram a opera\u00e7\u00e3o e impediram a pris\u00e3o dos l\u00edderes do PCC"},"content":{"rendered":"<p> <script async src=\"https:\/\/pagead2.googlesyndication.com\/pagead\/js\/adsbygoogle.js?client=ca-pub-8864793242727901\"\r\n     crossorigin=\"anonymous\"><\/script><br \/>\n<\/p>\n<div id=\"taboola-read-more\" style=\"display:block; width:100%\">\n<p>Policiais da Rota, tropa de elite da Pol\u00edcia Militar de S\u00e3o Paulo, teriam atuado em parceria com o Primeiro Comando da Capital (PCC) na zona leste, repassando informa\u00e7\u00f5es sobre investiga\u00e7\u00f5es sigilosas e frustrando opera\u00e7\u00f5es do Minist\u00e9rio P\u00fablico de S\u00e3o Paulo contra algumas das principais lideran\u00e7as da fac\u00e7\u00e3o.\n<\/p>\n<p>Entre elas, Silvio Luiz Ferreira, o \u201cCebola\u201d, apontado como \u201csintonia geral do progresso\u201d e principal suspeito de ser o mandante do assassinato de Vin\u00edcius Gritzbach, em 8 de novembro no Aeroporto Internacional de S\u00e3o Paulo, em Guarulhos.<\/p>\n<p>A conduta de PMs da Rota \u00e9 apurada no mesmo inqu\u00e9rito que deu origem \u00e0 opera\u00e7\u00e3o deflagrada nessa quinta-feira (16\/1), que prendeu 15 policiais suspeitos de envolvimento no crime. Um PM, identificado como o cabo D\u00eanis Antonio Martins, \u00e9 apontado como um dos atiradores e est\u00e1 entre os presos.\n<\/p>\n<p>Antes da morte de Gritzbach, Cebola seria alvo de uma a\u00e7\u00e3o orquestrada pelo Gaeco, do MPSP, mas conseguiu escapar ap\u00f3s informa\u00e7\u00f5es repassadas por policiais do setor de intelig\u00eancia da Rota.\n<\/p>\n<p>Os promotores do Gaeco foram informados pelo pr\u00f3prio Gritzbach, que na \u00e9poca j\u00e1 era jurado de morte pelo PCC, sobre uma reuni\u00e3o da c\u00fapula da fac\u00e7\u00e3o na casa do advogado Ahmed Hassan, conhecido como Mudi. No local, tamb\u00e9m estariam presentes outras importantes figuras ligadas ao crime organizado e a empresa de \u00f4nibus UpBus, usada para lavar dinheiro.\n<\/p>\n<p>Em posse da informa\u00e7\u00e3o privilegiada, o Gaeco procurou o Comando de Policiamento de Choque, respons\u00e1vel pela Rota, pedindo que equipes fossem at\u00e9 a casa do advogado para prender as lideran\u00e7as do PCC.\n<\/p>\n<p>No dia da reuni\u00e3o, os policiais informaram ao MPSP que n\u00e3o havia ningu\u00e9m no local. Segundo um promotor do Gaeco, mais tarde descobriu-se que \u201cestava todo mundo trabalhando para a fac\u00e7\u00e3o\u201d.\n<\/p>\n<p><strong>PMs presos<\/strong><br \/>O tenente Giovanni de Oliveira Garcia, apontado como o respons\u00e1vel por escalar policiais militares para fazer a seguran\u00e7a particular de Vin\u00edcius Gritzbach, e mais quatro PMs que faziam a escolta do delator do PCC integram a lista dos presos na opera\u00e7\u00e3o da Corregedoria da Pol\u00edcia Militar deflagrada nessa quinta-feira (16).\n<\/p>\n<p>Apesar de serem todos policiais, a for\u00e7a-tarefa que investiga a morte de Vin\u00edcius Gritzbach acredita que o homic\u00eddio tenha sido orquestrado pelo PCC.\n<\/p>\n<p>Os principais suspeitos seriam pessoas ligadas a Cara Preta, morto em dezembro de 2021 ap\u00f3s tomar um suposto golpe milion\u00e1rio de Vin\u00edcius Gritzbach, que lavava dinheiro para a fac\u00e7\u00e3o por meio da compra e venda de im\u00f3veis. Ele foi acusado de desviar parte de um investimento de R$ 100 milh\u00f5es do PCC em criptomoedas.\n<\/p>\n<p>Meses depois, Gritzbach foi sequestrado por integrantes da fac\u00e7\u00e3o e policiais civis que atuavam junto aos criminosos e submetido a um tribunal do crime. Ele foi libertado sob promessa de entregar escrituras de im\u00f3veis e senhas para que o investimento da fac\u00e7\u00e3o fosse recuperado.\n<\/p>\n<p>Policiais civis presos<br \/>Em dezembro, seis policiais civis que haviam sido citados por Vin\u00edcius Gritzbach em dela\u00e7\u00e3o ao MPSP Paulo foram presos em opera\u00e7\u00e3o da Pol\u00edcia Federal (PF), que tamb\u00e9m investiga o caso.\n<\/p>\n<p>De acordo com o corretor de im\u00f3veis, os agentes teriam tentado extorqui-lo. Eles cobraram R$ 40 milh\u00f5es para livr\u00e1-lo da investiga\u00e7\u00e3o sobre a morte de Cara Preta.\n<\/p>\n<p>Entre os policiais presos, est\u00e3o o delegado F\u00e1bio Baena, que na \u00e9poca chefiava a 3\u00aa Divis\u00e3o de Homic\u00eddios do DHPP, respons\u00e1vel pelo inqu\u00e9rito sobre o homic\u00eddio de Cara Preta. Al\u00e9m dele, os investigadores Rog\u00e9rio de Almeida Fel\u00edcio, o Rogerinho, e Eduardo Monteiro, que tamb\u00e9m trabalhavam no departamento.\n<\/p>\n<p>Fonte: Metr\u00f3poles              <\/p>\n<\/div>\n<p><br \/>\n<br \/><a href=\"https:\/\/diariodobrasilnoticias.com.br\/noticia\/como-policiais-da-rota-vazaram-a-operacao-e-impediram-a-prisao-dos-lideres-do-pcc-678a9edc1ba87\">Source link <\/a><\/p>","protected":false},"excerpt":{"rendered":"<p>Policiais da Rota, tropa de elite da Pol\u00edcia Militar de S\u00e3o Paulo, teriam atuado em parceria com o Primeiro Comando da Capital (PCC) na zona leste, repassando informa\u00e7\u00f5es sobre investiga\u00e7\u00f5es&hellip;<\/p>","protected":false},"author":1,"featured_media":92890,"comment_status":"closed","ping_status":"open","sticky":false,"template":"","format":"standard","meta":{"content-type":"","footnotes":""},"categories":[16],"tags":[123,2448,5313,1267],"class_list":["post-92889","post","type-post","status-publish","format-standard","has-post-thumbnail","hentry","category-noticias","tag-brasil","tag-diario","tag-noticia","tag-noticias"],"_links":{"self":[{"href":"https:\/\/tvbrazilusa.com\/pt\/wp-json\/wp\/v2\/posts\/92889","targetHints":{"allow":["GET"]}}],"collection":[{"href":"https:\/\/tvbrazilusa.com\/pt\/wp-json\/wp\/v2\/posts"}],"about":[{"href":"https:\/\/tvbrazilusa.com\/pt\/wp-json\/wp\/v2\/types\/post"}],"author":[{"embeddable":true,"href":"https:\/\/tvbrazilusa.com\/pt\/wp-json\/wp\/v2\/users\/1"}],"replies":[{"embeddable":true,"href":"https:\/\/tvbrazilusa.com\/pt\/wp-json\/wp\/v2\/comments?post=92889"}],"version-history":[{"count":1,"href":"https:\/\/tvbrazilusa.com\/pt\/wp-json\/wp\/v2\/posts\/92889\/revisions"}],"predecessor-version":[{"id":92891,"href":"https:\/\/tvbrazilusa.com\/pt\/wp-json\/wp\/v2\/posts\/92889\/revisions\/92891"}],"wp:featuredmedia":[{"embeddable":true,"href":"https:\/\/tvbrazilusa.com\/pt\/wp-json\/wp\/v2\/media\/92890"}],"wp:attachment":[{"href":"https:\/\/tvbrazilusa.com\/pt\/wp-json\/wp\/v2\/media?parent=92889"}],"wp:term":[{"taxonomy":"category","embeddable":true,"href":"https:\/\/tvbrazilusa.com\/pt\/wp-json\/wp\/v2\/categories?post=92889"},{"taxonomy":"post_tag","embeddable":true,"href":"https:\/\/tvbrazilusa.com\/pt\/wp-json\/wp\/v2\/tags?post=92889"}],"curies":[{"name":"wp","href":"https:\/\/api.w.org\/{rel}","templated":true}]}}