{"id":92904,"date":"2025-01-17T20:48:42","date_gmt":"2025-01-17T20:48:42","guid":{"rendered":"https:\/\/tvbrazilusa.com\/2025\/01\/17\/em-2024-as-vitimas-da-dengue-superaram-as-mortes-causadas-pela-covid-19\/"},"modified":"2025-01-17T20:48:44","modified_gmt":"2025-01-17T20:48:44","slug":"em-2024-as-vitimas-da-dengue-superaram-as-mortes-causadas-pela-covid-19","status":"publish","type":"post","link":"https:\/\/tvbrazilusa.com\/pt\/2025\/01\/17\/em-2024-as-vitimas-da-dengue-superaram-as-mortes-causadas-pela-covid-19\/","title":{"rendered":"Em 2024, as v\u00edtimas da dengue superaram as mortes causadas pela Covid-19"},"content":{"rendered":"<p> <script async src=\"https:\/\/pagead2.googlesyndication.com\/pagead\/js\/adsbygoogle.js?client=ca-pub-8864793242727901\"\r\n     crossorigin=\"anonymous\"><\/script><br \/>\n<\/p>\n<div>\n<figure class=\"post-image\">\n<\/figure>\n<p>            <span style=\"font-size: 12px\"> Foto: Pixabay<\/span><\/p>\n<p>            <!-- end metas --><br \/>\n            <!-- ADS --><\/p>\n<div id=\"taboola-read-more\" style=\"display:block; width:100%\">\n<p>As mortes por dengue foram maiores do que os \u00f3bitos por Covid-19, em 2024. Dados do Minist\u00e9rio da Sa\u00fade apontam que os registros de \u00f3bitos por dengue foram de 6.041 em 2024, enquanto os de Covid-19 foram 5.960.\n<\/p>\n<p>O levantamento indica uma alta de 400% nas mortes resultantes da doen\u00e7a transmitida pelo mosquito Aedes aegypti em rela\u00e7\u00e3o a 2023 quando 1.179 mortes foram registradas.<\/p>\n<p>Em S\u00e3o Paulo, 21 cidades decretaram situa\u00e7\u00e3o de emerg\u00eancia por conta dos casos de dengue. Ao todo, o estado j\u00e1 registrou 7.201 casos prov\u00e1veis da doen\u00e7a entre 29 de dezembro de 2024 e 4 de janeiro de 2025.\n<\/p>\n<p>O pico de mortes coincidiu com o per\u00edodo mais chuvoso no Brasil.\n<\/p>\n<p>Para 2025, a ministra da Sa\u00fade, N\u00edsia Trindade, projetou uma \u201cprov\u00e1vel incid\u00eancia elevada\u201d de casos da doen\u00e7a nos estados de S\u00e3o Paulo, Rio de Janeiro, Esp\u00edrito Santo, Tocantins, Mato Grosso do Sul e Paran\u00e1. Segundo ela, o principal fator para a previs\u00e3o \u00e9 a continuidade do fen\u00f4meno El Ni\u00f1o, que pode intensificar condi\u00e7\u00f5es clim\u00e1ticas favor\u00e1veis \u00e0 prolifera\u00e7\u00e3o do mosquito que transmite a doen\u00e7a. As informa\u00e7\u00f5es s\u00e3o da CNN e do Poder360.\n<\/p>\n<p>Fonte: Pleno news              <\/p>\n<\/div>\n<p>                        <!-- Scripts para conteudo --><\/p>\n<p>            <!-- .\/Scripts para conteudo --><br \/>\n            <!-- .\/Mat\u00e9ria --><\/p>\n<div class=\"row mt-3\">\n<div class=\"col-sm-6\">\n                <!-- Whatsapp channel 3--><br \/>\n                <a href=\"https:\/\/chat.whatsapp.com\/B8Qy6Erx4kb6yTzj3kaDco\" target=\"_blank\"><br \/>\n                  <img decoding=\"async\" src=\"https:\/\/diariodobrasilnoticias.com.br\/assets-site\/images\/bot_whatsapp.png\"\/><\/a>\n              <\/div>\n<div class=\"col-sm-6\">\n                <a href=\"https:\/\/t.me\/+_4gTmi5LKo03OTM5\" target=\"_blank\"><br \/>\n                  <img decoding=\"async\" src=\"https:\/\/diariodobrasilnoticias.com.br\/assets-site\/images\/bot_telegram.png\"\/><\/a>\n              <\/div>\n<\/p><\/div>\n<p>            <!-- end post-navigation --><\/p>\n<p>              <!-- end row --><\/p>\n<p>              <!-- end col-12-->\n                      <\/div>\n<p><br \/>\n<br \/><a href=\"https:\/\/diariodobrasilnoticias.com.br\/noticia\/em-2024-as-vitimas-da-dengue-superaram-as-mortes-causadas-pela-covid-19-678aae355ab93\">Source link <\/a><\/p>","protected":false},"excerpt":{"rendered":"<p>Foto: Pixabay As mortes por dengue foram maiores do que os \u00f3bitos por Covid-19, em 2024. Dados do Minist\u00e9rio da Sa\u00fade apontam que os registros de \u00f3bitos por dengue foram&hellip;<\/p>","protected":false},"author":1,"featured_media":92905,"comment_status":"closed","ping_status":"open","sticky":false,"template":"","format":"standard","meta":{"content-type":"","footnotes":""},"categories":[16],"tags":[123,2448,5313,1267],"class_list":["post-92904","post","type-post","status-publish","format-standard","has-post-thumbnail","hentry","category-noticias","tag-brasil","tag-diario","tag-noticia","tag-noticias"],"_links":{"self":[{"href":"https:\/\/tvbrazilusa.com\/pt\/wp-json\/wp\/v2\/posts\/92904","targetHints":{"allow":["GET"]}}],"collection":[{"href":"https:\/\/tvbrazilusa.com\/pt\/wp-json\/wp\/v2\/posts"}],"about":[{"href":"https:\/\/tvbrazilusa.com\/pt\/wp-json\/wp\/v2\/types\/post"}],"author":[{"embeddable":true,"href":"https:\/\/tvbrazilusa.com\/pt\/wp-json\/wp\/v2\/users\/1"}],"replies":[{"embeddable":true,"href":"https:\/\/tvbrazilusa.com\/pt\/wp-json\/wp\/v2\/comments?post=92904"}],"version-history":[{"count":1,"href":"https:\/\/tvbrazilusa.com\/pt\/wp-json\/wp\/v2\/posts\/92904\/revisions"}],"predecessor-version":[{"id":92906,"href":"https:\/\/tvbrazilusa.com\/pt\/wp-json\/wp\/v2\/posts\/92904\/revisions\/92906"}],"wp:featuredmedia":[{"embeddable":true,"href":"https:\/\/tvbrazilusa.com\/pt\/wp-json\/wp\/v2\/media\/92905"}],"wp:attachment":[{"href":"https:\/\/tvbrazilusa.com\/pt\/wp-json\/wp\/v2\/media?parent=92904"}],"wp:term":[{"taxonomy":"category","embeddable":true,"href":"https:\/\/tvbrazilusa.com\/pt\/wp-json\/wp\/v2\/categories?post=92904"},{"taxonomy":"post_tag","embeddable":true,"href":"https:\/\/tvbrazilusa.com\/pt\/wp-json\/wp\/v2\/tags?post=92904"}],"curies":[{"name":"wp","href":"https:\/\/api.w.org\/{rel}","templated":true}]}}