{"id":92907,"date":"2025-01-17T21:01:21","date_gmt":"2025-01-17T21:01:21","guid":{"rendered":"https:\/\/tvbrazilusa.com\/2025\/01\/17\/posse-de-trump-tera-21-deputados-na-comitiva-descubra-quem-sao\/"},"modified":"2025-01-17T21:01:22","modified_gmt":"2025-01-17T21:01:22","slug":"posse-de-trump-tera-21-deputados-na-comitiva-descubra-quem-sao","status":"publish","type":"post","link":"https:\/\/tvbrazilusa.com\/pt\/2025\/01\/17\/posse-de-trump-tera-21-deputados-na-comitiva-descubra-quem-sao\/","title":{"rendered":"Posse de Trump ter\u00e1 21 deputados na comitiva; descubra quem s\u00e3o"},"content":{"rendered":"<p> <script async src=\"https:\/\/pagead2.googlesyndication.com\/pagead\/js\/adsbygoogle.js?client=ca-pub-8864793242727901\"\r\n     crossorigin=\"anonymous\"><\/script><br \/>\n<\/p>\n<div id=\"taboola-read-more\" style=\"display:block; width:100%\">\n<p>A comitiva de parlamentares de oposi\u00e7\u00e3o ao governo Lula (PT) que estar\u00e1 na posse do presidente eleito dos Estados Unidos, Donald Trump, na pr\u00f3xima segunda-feira (20), contar\u00e1 com ao menos 21 deputados federais, entre eles congressistas como Eduardo Bolsonaro (PL-SP), Bia Kicis (PL-DF) e Gustavo Gayer (PL-GO).\n<\/p>\n<p>Em territ\u00f3rio norte-americano, os deputados devem realizar diversas agendas em Washington, que incluem, al\u00e9m da cerim\u00f4nia de posse propriamente dita, um brunch com assessores do governo Trump e um baile de gala. De acordo com o site Poder360, a excurs\u00e3o \u00e9 encabe\u00e7ada por Gayer e come\u00e7ar\u00e1 com o brunch na manh\u00e3 de domingo (19).<\/p>\n<p>J\u00e1 durante a tarde, o grupo deve participar de um com\u00edcio de Trump na Capital One Arena, um gin\u00e1sio poliesportivo com capacidade para cerca de 20 mil pessoas. O evento deve contar com apari\u00e7\u00f5es de integrantes do n\u00facleo pr\u00f3ximo ao presidente eleito.\n<\/p>\n<p>No dia da posse, o grupo de parlamentares brasileiros estar\u00e1 em frente ao Capit\u00f3lio a partir das 12h no hor\u00e1rio da capital norte-americana (14h de Bras\u00edlia), quando est\u00e1 marcado para come\u00e7ar o evento. No final do dia, os congressistas participar\u00e3o do Multicultural Coalition U.S. Presidential Inaugural Ball, sediado na sede do jornal Washington Times, \u00e0s 18h (20h de Bras\u00edlia).\n<\/p>\n<p>O ex-presidente Jair Bolsonaro (PL), que foi convidado para participar da cerim\u00f4nia inaugural de Trump, foi impedido de ir aos Estados Unidos por decis\u00f5es do ministro Alexandre de Moraes, do Supremo Tribunal Federal (STF). Com isso, o pol\u00edtico conservador brasileiro afirmou que sua esposa, Michelle Bolsonaro, estar\u00e1 em Washington em seu lugar.\n<\/p>\n<p>Confira quais s\u00e3o os 21 deputados que far\u00e3o parte da comitiva que vai aos Estados Unidos:\n<\/p>\n<p>Adilson Barroso (PL-SP);<br \/>Bia Kicis (PL-DF);<br \/>Cabo Gilberto Silva (PL-PB);<br \/>Capit\u00e3o Alden (PL-BA);<br \/>Carla Zambelli (PL-SP);<br \/>Coronel Chris\u00f3stomo (PL-RO);<br \/>Coronel Fernanda (PL-MT);<br \/>Eduardo Bolsonaro (PL-SP);<br \/>Giovani Cherini (PL-RS);<br \/>Gustavo Gayer (PL-GO);<br \/>Joaquim Passarinho (PL-PA);<br \/>Luiz Philippe de Orleans (PL-SP);<br \/>Marcel van Hattem (Novo-RS);<br \/>Marcos Pollon (PL-MS);<br \/>Mario Frias (PL-SP);<br \/>Mauricio Marcon (Podemos-RS);<br \/>Maur\u00edcio do V\u00f4lei (PL-MG);<br \/>Messias Donato (Republicanos-ES);<br \/>Sargento Gon\u00e7alves (PL-RN);<br \/>Silvia Wai\u00e3pi (PL-AP);<br \/>S\u00f3stenes Cavalcante (PL-RJ).\n<\/p>\n<p>Fonte: Pleno News              <\/p>\n<\/div>\n<p><br \/>\n<br \/><a href=\"https:\/\/diariodobrasilnoticias.com.br\/noticia\/posse-de-trump-tera-21-deputados-na-comitiva-descubra-quem-sao-678aaed0227ad\">Source link <\/a><\/p>","protected":false},"excerpt":{"rendered":"<p>A comitiva de parlamentares de oposi\u00e7\u00e3o ao governo Lula (PT) que estar\u00e1 na posse do presidente eleito dos Estados Unidos, Donald Trump, na pr\u00f3xima segunda-feira (20), contar\u00e1 com ao menos&hellip;<\/p>","protected":false},"author":1,"featured_media":92908,"comment_status":"closed","ping_status":"open","sticky":false,"template":"","format":"standard","meta":{"content-type":"","footnotes":""},"categories":[16],"tags":[123,2448,5313,1267],"class_list":["post-92907","post","type-post","status-publish","format-standard","has-post-thumbnail","hentry","category-noticias","tag-brasil","tag-diario","tag-noticia","tag-noticias"],"_links":{"self":[{"href":"https:\/\/tvbrazilusa.com\/pt\/wp-json\/wp\/v2\/posts\/92907","targetHints":{"allow":["GET"]}}],"collection":[{"href":"https:\/\/tvbrazilusa.com\/pt\/wp-json\/wp\/v2\/posts"}],"about":[{"href":"https:\/\/tvbrazilusa.com\/pt\/wp-json\/wp\/v2\/types\/post"}],"author":[{"embeddable":true,"href":"https:\/\/tvbrazilusa.com\/pt\/wp-json\/wp\/v2\/users\/1"}],"replies":[{"embeddable":true,"href":"https:\/\/tvbrazilusa.com\/pt\/wp-json\/wp\/v2\/comments?post=92907"}],"version-history":[{"count":1,"href":"https:\/\/tvbrazilusa.com\/pt\/wp-json\/wp\/v2\/posts\/92907\/revisions"}],"predecessor-version":[{"id":92909,"href":"https:\/\/tvbrazilusa.com\/pt\/wp-json\/wp\/v2\/posts\/92907\/revisions\/92909"}],"wp:featuredmedia":[{"embeddable":true,"href":"https:\/\/tvbrazilusa.com\/pt\/wp-json\/wp\/v2\/media\/92908"}],"wp:attachment":[{"href":"https:\/\/tvbrazilusa.com\/pt\/wp-json\/wp\/v2\/media?parent=92907"}],"wp:term":[{"taxonomy":"category","embeddable":true,"href":"https:\/\/tvbrazilusa.com\/pt\/wp-json\/wp\/v2\/categories?post=92907"},{"taxonomy":"post_tag","embeddable":true,"href":"https:\/\/tvbrazilusa.com\/pt\/wp-json\/wp\/v2\/tags?post=92907"}],"curies":[{"name":"wp","href":"https:\/\/api.w.org\/{rel}","templated":true}]}}