{"id":92928,"date":"2025-01-17T21:43:49","date_gmt":"2025-01-17T21:43:49","guid":{"rendered":"https:\/\/tvbrazilusa.com\/2025\/01\/17\/governador-de-santa-catarina-e-intimado-apos-declarar-que-bolsonaro-se-encontrou-com-valdemar\/"},"modified":"2025-01-17T21:43:50","modified_gmt":"2025-01-17T21:43:50","slug":"governador-de-santa-catarina-e-intimado-apos-declarar-que-bolsonaro-se-encontrou-com-valdemar","status":"publish","type":"post","link":"https:\/\/tvbrazilusa.com\/pt\/2025\/01\/17\/governador-de-santa-catarina-e-intimado-apos-declarar-que-bolsonaro-se-encontrou-com-valdemar\/","title":{"rendered":"Governador de Santa Catarina \u00e9 intimado ap\u00f3s declarar que Bolsonaro se encontrou com Valdemar"},"content":{"rendered":"<p> <script async src=\"https:\/\/pagead2.googlesyndication.com\/pagead\/js\/adsbygoogle.js?client=ca-pub-8864793242727901\"\r\n     crossorigin=\"anonymous\"><\/script><br \/>\n<\/p>\n<div id=\"taboola-read-more\" style=\"display:block; width:100%\">\n<p>O ministro do STF Alexandre de Moraes intimou o governador de Santa Catarina, Jorginho Mello, a dar explica\u00e7\u00f5es para a Pol\u00edcia Federal (PF) ap\u00f3s ele ter falado em uma entrevista \u00e0 Jovem Pan que o ex-presidente Jair Bolsonaro mantinha contato com o presidente do PL, Valdemar Costa Neto.\n<\/p>\n<p>Os dois s\u00e3o proibidos de manter qualquer tipo de contato por determina\u00e7\u00e3o do pr\u00f3prio Moraes desde fevereiro do ano passado. A imposi\u00e7\u00e3o faz parte das cautelares determinadas pelo integrante do STF no \u00e2mbito das investiga\u00e7\u00f5es sobre o poss\u00edvel plano para se dar um golpe de Estado no pa\u00eds.<\/p>\n<p>\u201cNosso presidente [do PL] conversa muito com o Bolsonaro, que \u00e9 nosso presidente de honra. Espero que daqui a pouco eles possam conversar na mesma sala para se ajudarem ainda mais\u201d, disse o governador na segunda-feira \u00faltima.\n<\/p>\n<p>Em despacho publicado nesta sexta-feira, Moraes determinou que o governador preste esclarecimentos dentro de 15 dias.\n<\/p>\n<p>\u201cDessa maneira, para que os fatos sejam apurados, determino que a Pol\u00edcia Federal proceda a oitiva do Governador do Estado de Santa Catarina, Jorginho Mello, no prazo de 15 [quinze] dias, para esclarecimentos sobre as suas declara\u00e7\u00f5es na entrevista que concedeu ao programa televisivo\u201d, afirmou o magistrado em decis\u00e3o judicial.\n<\/p>\n<p>O indiciamento de Bolsonaro<br \/>Bolsonaro e mais 39 pessoas foram indiciados pela Pol\u00edcia Federal (PF) em inqu\u00e9rito sobre uma tentativa de golpe de Estado no pa\u00eds.\n<\/p>\n<p>Ao longo das 884 p\u00e1ginas, o \u00f3rg\u00e3o sugere que o ex-presidente \u201cplanejou, atuou e teve o dom\u00ednio de forma direta e efetiva dos atos execut\u00f3rios realizados pela organiza\u00e7\u00e3o criminosa que objetivava a concretiza\u00e7\u00e3o de um Golpe de Estado e da Aboli\u00e7\u00e3o do Estado Democr\u00e1tico de Direito, fato que n\u00e3o se consumou em raz\u00e3o de circunst\u00e2ncias alheias \u00e0 sua vontade\u201d.\n<\/p>\n<p>O ex-presidente da Rep\u00fablica foi indiciado pelos crimes de organiza\u00e7\u00e3o criminosa, aboli\u00e7\u00e3o violenta do Estado Democr\u00e1tico de Direito e golpe de Estado. Al\u00e9m dele, tamb\u00e9m foram indiciados ex-integrantes do Poder Executivo, os ex-ministros Walter Braga Netto, Augusto Heleno e Anderson Torres, o deputado federal e ex-diretor da Ag\u00eancia Brasileira de Informa\u00e7\u00f5es (Abin), Alexandre Ramagem, e Valdemar da Costa Neto.\n<\/p>\n<p>Fonte: O Antagonista              <\/p>\n<\/div>\n<p><br \/>\n<br \/><a href=\"https:\/\/diariodobrasilnoticias.com.br\/noticia\/governador-de-santa-catarina-e-intimado-apos-declarar-que-bolsonaro-se-encontrou-com-valdemar-678ab3f21ead7\">Source link <\/a><\/p>","protected":false},"excerpt":{"rendered":"<p>O ministro do STF Alexandre de Moraes intimou o governador de Santa Catarina, Jorginho Mello, a dar explica\u00e7\u00f5es para a Pol\u00edcia Federal (PF) ap\u00f3s ele ter falado em uma entrevista&hellip;<\/p>","protected":false},"author":1,"featured_media":92929,"comment_status":"closed","ping_status":"open","sticky":false,"template":"","format":"standard","meta":{"content-type":"","footnotes":""},"categories":[16],"tags":[123,2448,5313,1267],"class_list":["post-92928","post","type-post","status-publish","format-standard","has-post-thumbnail","hentry","category-noticias","tag-brasil","tag-diario","tag-noticia","tag-noticias"],"_links":{"self":[{"href":"https:\/\/tvbrazilusa.com\/pt\/wp-json\/wp\/v2\/posts\/92928","targetHints":{"allow":["GET"]}}],"collection":[{"href":"https:\/\/tvbrazilusa.com\/pt\/wp-json\/wp\/v2\/posts"}],"about":[{"href":"https:\/\/tvbrazilusa.com\/pt\/wp-json\/wp\/v2\/types\/post"}],"author":[{"embeddable":true,"href":"https:\/\/tvbrazilusa.com\/pt\/wp-json\/wp\/v2\/users\/1"}],"replies":[{"embeddable":true,"href":"https:\/\/tvbrazilusa.com\/pt\/wp-json\/wp\/v2\/comments?post=92928"}],"version-history":[{"count":1,"href":"https:\/\/tvbrazilusa.com\/pt\/wp-json\/wp\/v2\/posts\/92928\/revisions"}],"predecessor-version":[{"id":92930,"href":"https:\/\/tvbrazilusa.com\/pt\/wp-json\/wp\/v2\/posts\/92928\/revisions\/92930"}],"wp:featuredmedia":[{"embeddable":true,"href":"https:\/\/tvbrazilusa.com\/pt\/wp-json\/wp\/v2\/media\/92929"}],"wp:attachment":[{"href":"https:\/\/tvbrazilusa.com\/pt\/wp-json\/wp\/v2\/media?parent=92928"}],"wp:term":[{"taxonomy":"category","embeddable":true,"href":"https:\/\/tvbrazilusa.com\/pt\/wp-json\/wp\/v2\/categories?post=92928"},{"taxonomy":"post_tag","embeddable":true,"href":"https:\/\/tvbrazilusa.com\/pt\/wp-json\/wp\/v2\/tags?post=92928"}],"curies":[{"name":"wp","href":"https:\/\/api.w.org\/{rel}","templated":true}]}}