{"id":92937,"date":"2025-01-17T22:08:39","date_gmt":"2025-01-17T22:08:39","guid":{"rendered":"https:\/\/tvbrazilusa.com\/2025\/01\/17\/na-visao-da-oposicao-o-veto-a-viagem-de-bolsonaro-expoe-o-brasil-ao-ridiculo\/"},"modified":"2025-01-17T22:08:40","modified_gmt":"2025-01-17T22:08:40","slug":"na-visao-da-oposicao-o-veto-a-viagem-de-bolsonaro-expoe-o-brasil-ao-ridiculo","status":"publish","type":"post","link":"https:\/\/tvbrazilusa.com\/pt\/2025\/01\/17\/na-visao-da-oposicao-o-veto-a-viagem-de-bolsonaro-expoe-o-brasil-ao-ridiculo\/","title":{"rendered":"Na vis\u00e3o da oposi\u00e7\u00e3o, o veto \u00e0 viagem de Bolsonaro &#8216;exp\u00f5e o Brasil ao rid\u00edculo&#8217;"},"content":{"rendered":"<p> <script async src=\"https:\/\/pagead2.googlesyndication.com\/pagead\/js\/adsbygoogle.js?client=ca-pub-8864793242727901\"\r\n     crossorigin=\"anonymous\"><\/script><br \/>\n<\/p>\n<div id=\"taboola-read-more\" style=\"display:block; width:100%\">\n<p>A decis\u00e3o recente do ministro do Supremo Tribunal Federal (STF), Alexandre de Moraes, de negar a devolu\u00e7\u00e3o do passaporte ao ex-presidente Jair Bolsonaro, o que impediu sua participa\u00e7\u00e3o na posse do presidente eleito dos Estados Unidos, Donald Trump, suscitou cr\u00edticas entre parlamentares de oposi\u00e7\u00e3o.\n<\/p>\n<p>A rea\u00e7\u00e3o dos deputados ocorre ap\u00f3s uma nota publicada na conta da rede social X do ex-presidente Jair Bolsonaro, que acusou Moraes de praticar \u201cativismo judicial\u201d.<\/p>\n<p>AR<br \/>A decis\u00e3o recente do ministro do Supremo Tribunal Federal (STF), Alexandre de Moraes, de negar a devolu\u00e7\u00e3o do passaporte ao ex-presidente Jair Bolsonaro, o que impediu sua participa\u00e7\u00e3o na posse do presidente eleito dos Estados Unidos, Donald Trump, suscitou cr\u00edticas entre parlamentares de oposi\u00e7\u00e3o.\n<\/p>\n<p>A rea\u00e7\u00e3o dos deputados ocorre ap\u00f3s uma nota publicada na conta da rede social X do ex-presidente Jair Bolsonaro, que acusou Moraes de praticar \u201cativismo judicial\u201d.\n<\/p>\n<p>O deputado Rodrigo Valadares (Uni\u00e3o-SE) classificou a medida do magistado como \u2018vergonhosa\u2019.\n<\/p>\n<p>\u201cA decis\u00e3o de impedir Bolsonaro de participar da posse de Trump \u00e9 vergonhosa e evidencia como o Brasil est\u00e1 mergulhado em um cen\u00e1rio de persegui\u00e7\u00e3o pol\u00edtica sem precedentes. Estamos falando de um ex-presidente que deveria ser tratado com respeito e que poderia refor\u00e7ar la\u00e7os com os Estados Unidos. Ao inv\u00e9s disso, Lula e seus aliados preferem transformar o pa\u00eds em um palco de retalia\u00e7\u00f5es, causando mais um vexame internacional\u201d, disse o deputado em declara\u00e7\u00e3o \u00e0 imprensa.\n<\/p>\n<p>Rela\u00e7\u00e3o diplom\u00e1tica<br \/>O deputado Rodolfo Nogueira (PL-MS) afirmou que ao tomar a medida, Moraes \u201cexp\u00f5e o Brasil ao rid\u00edculo diante do mundo\u201d.\n<\/p>\n<p>\u201c\u00c9 inadmiss\u00edvel que um ex-presidente seja proibido de exercer seu direito de ir e vir para participar de um evento relevante no cen\u00e1rio internacional. Isso demonstra o grau de interfer\u00eancia pol\u00edtica nas institui\u00e7\u00f5es e exp\u00f5e o Brasil ao rid\u00edculo diante do mundo. Lula, enquanto tenta construir pontes com ditadores, deixa claro que prefere desmantelar qualquer possibilidade de di\u00e1logo com aliados hist\u00f3ricos, como os Estados Unidos. A ida de Bolsonaro aos EUA salvaria a rela\u00e7\u00e3o diplom\u00e1tica entre os dois pa\u00edses\u201d, afirmou Nogueira.\n<\/p>\n<p>Persegui\u00e7\u00e3o<br \/>\u201cProibir Bolsonaro de participar da posse de Donald Trump \u00e9 um claro exemplo de como o Judici\u00e1rio no Brasil tem sido usado para persegui\u00e7\u00e3o pol\u00edtica. Esse tipo de decis\u00e3o mancha a imagem do pa\u00eds, que agora parece mais interessado em alimentar rivalidades internas do que em manter rela\u00e7\u00f5es diplom\u00e1ticas com uma das maiores pot\u00eancias mundiais\u201d, declarou o deputado Sanderson (PL-RS).\n<\/p>\n<p>Fonte: O Antagonista              <\/p>\n<\/div>\n<p><br \/>\n<br \/><a href=\"https:\/\/diariodobrasilnoticias.com.br\/noticia\/na-visao-da-oposicao-o-veto-a-viagem-de-bolsonaro-expoe-o-brasil-ao-ridiculo-678abdfb59ec1\">Source link <\/a><\/p>","protected":false},"excerpt":{"rendered":"<p>A decis\u00e3o recente do ministro do Supremo Tribunal Federal (STF), Alexandre de Moraes, de negar a devolu\u00e7\u00e3o do passaporte ao ex-presidente Jair Bolsonaro, o que impediu sua participa\u00e7\u00e3o na posse&hellip;<\/p>","protected":false},"author":1,"featured_media":92938,"comment_status":"closed","ping_status":"open","sticky":false,"template":"","format":"standard","meta":{"content-type":"","footnotes":""},"categories":[16],"tags":[123,2448,5313,1267],"class_list":["post-92937","post","type-post","status-publish","format-standard","has-post-thumbnail","hentry","category-noticias","tag-brasil","tag-diario","tag-noticia","tag-noticias"],"_links":{"self":[{"href":"https:\/\/tvbrazilusa.com\/pt\/wp-json\/wp\/v2\/posts\/92937","targetHints":{"allow":["GET"]}}],"collection":[{"href":"https:\/\/tvbrazilusa.com\/pt\/wp-json\/wp\/v2\/posts"}],"about":[{"href":"https:\/\/tvbrazilusa.com\/pt\/wp-json\/wp\/v2\/types\/post"}],"author":[{"embeddable":true,"href":"https:\/\/tvbrazilusa.com\/pt\/wp-json\/wp\/v2\/users\/1"}],"replies":[{"embeddable":true,"href":"https:\/\/tvbrazilusa.com\/pt\/wp-json\/wp\/v2\/comments?post=92937"}],"version-history":[{"count":1,"href":"https:\/\/tvbrazilusa.com\/pt\/wp-json\/wp\/v2\/posts\/92937\/revisions"}],"predecessor-version":[{"id":92939,"href":"https:\/\/tvbrazilusa.com\/pt\/wp-json\/wp\/v2\/posts\/92937\/revisions\/92939"}],"wp:featuredmedia":[{"embeddable":true,"href":"https:\/\/tvbrazilusa.com\/pt\/wp-json\/wp\/v2\/media\/92938"}],"wp:attachment":[{"href":"https:\/\/tvbrazilusa.com\/pt\/wp-json\/wp\/v2\/media?parent=92937"}],"wp:term":[{"taxonomy":"category","embeddable":true,"href":"https:\/\/tvbrazilusa.com\/pt\/wp-json\/wp\/v2\/categories?post=92937"},{"taxonomy":"post_tag","embeddable":true,"href":"https:\/\/tvbrazilusa.com\/pt\/wp-json\/wp\/v2\/tags?post=92937"}],"curies":[{"name":"wp","href":"https:\/\/api.w.org\/{rel}","templated":true}]}}