{"id":92940,"date":"2025-01-17T22:08:54","date_gmt":"2025-01-17T22:08:54","guid":{"rendered":"https:\/\/tvbrazilusa.com\/2025\/01\/17\/previsao-de-frio-brutal-atrasa-desfile-da-mlk-jacksonville-hoje\/"},"modified":"2025-01-17T22:12:43","modified_gmt":"2025-01-17T22:12:43","slug":"previsao-de-frio-brutal-atrasa-desfile-da-mlk-jacksonville-hoje","status":"publish","type":"post","link":"https:\/\/tvbrazilusa.com\/pt\/2025\/01\/17\/previsao-de-frio-brutal-atrasa-desfile-da-mlk-jacksonville-hoje\/","title":{"rendered":"Previs\u00e3o de frio brutal atrasa desfile da MLK | Jacksonville hoje"},"content":{"rendered":"<p> <script async src=\"https:\/\/pagead2.googlesyndication.com\/pagead\/js\/adsbygoogle.js?client=ca-pub-8864793242727901\"\r\n     crossorigin=\"anonymous\"><\/script><br \/>\n<\/p>\n<div>\n<p>O 44\u00ba ano <a href=\"https:\/\/jaxtoday.org\/2023\/01\/16\/photo-essay-jacksonvilles-42nd-annual-mlk-holiday-grand-parade\/\">Grande Desfile de F\u00e9rias de Martin Luther King Jr.<\/a> na segunda-feira foi adiado devido ao tempo frio previsto em Jacksonville.<\/p>\n<p>Os organizadores da Funda\u00e7\u00e3o Memorial Dr. dizem que o desfile da MLK acontecer\u00e1 agora em 1\u00ba de fevereiro.<\/p>\n<p>O <a href=\"https:\/\/www.weather.gov\/jax\/#\" rel=\"nofollow noopener\" target=\"_blank\">Servi\u00e7o Meteorol\u00f3gico Nacional<\/a> em Jacksonville prev\u00ea temperaturas \u201cperigosamente frias\u201d na pr\u00f3xima semana, \u00e0 medida que o ar do \u00c1rtico penetra na \u00e1rea. Um forte congelamento \u00e9 poss\u00edvel durante a noite de domingo em partes do nordeste da Fl\u00f3rida e sudeste da Ge\u00f3rgia. Os calafrios do vento podem cair para os 20 anos.<\/p>\n<p>Autoridades municipais disseram que os meteorologistas esperam 1 a 2 polegadas de chuva no s\u00e1bado e domingo e possivelmente estradas geladas na noite de domingo e na manh\u00e3 de segunda-feira. As temperaturas s\u00e3o esperadas na casa dos 30 graus na manh\u00e3 de segunda-feira.<\/p>\n<p>O adiamento do desfile garantir\u00e1 a seguran\u00e7a dos estudantes, igrejas e outras pessoas que marcham anualmente do Est\u00e1dio EverBank ao Centro de Conven\u00e7\u00f5es Prime Osborn, disseram autoridades municipais.<\/p>\n<p>Os organizadores do desfile disseram que est\u00e3o notificando todos os que estavam programados para participar do desfile.<\/p>\n<p>A cidade ativou novamente seu plano para o frio, incluindo um abrigo no Legends Center em Soutel Drive, no lado norte, das 21h de domingo \u00e0s 9h de segunda-feira.<\/p>\n<p>Das 9h \u00e0s 18h de segunda-feira, a Biblioteca Principal da Rua North Laura se tornar\u00e1 um centro de aquecimento da cidade. O Legends Center tamb\u00e9m reabrir\u00e1 na noite de segunda-feira.<\/p>\n<p>Os \u00f4nibus da JTA transportar\u00e3o as pessoas at\u00e9 o Legends Center, que contar\u00e1 com pessoal e \u00e1gua dispon\u00edvel, mas os moradores dever\u00e3o trazer colch\u00e3o de ar, cobertores ou outras roupas de cama, al\u00e9m de lanches e medicamentos.<\/p>\n<p>Esses abrigos tamb\u00e9m oferecem servi\u00e7os em climas frios: a City Rescue Mission na West State Street; Mission House na 11th Avenue North em Jacksonville Beach; e Trinity Rescue Mission na West Union Street. <\/p>\n<p>O Sulzbacher Center est\u00e1 aberto na East Adams Street para homens e no Springfield Boulevard para mulheres e crian\u00e7as.<\/p>\n<\/div>\n<p><br \/>\n<br \/><a href=\"https:\/\/jaxtoday.org\/2025\/01\/17\/mlk-parade-delayed-cold\/\">Source link <\/a><\/p>","protected":false},"excerpt":{"rendered":"<p>O 44\u00ba ano Grande Desfile de F\u00e9rias de Martin Luther King Jr. na segunda-feira foi adiado devido ao tempo frio previsto em Jacksonville. Os organizadores da Funda\u00e7\u00e3o Memorial Dr. dizem&hellip;<\/p>","protected":false},"author":1,"featured_media":92941,"comment_status":"closed","ping_status":"open","sticky":false,"template":"","format":"standard","meta":{"content-type":"","footnotes":""},"categories":[1],"tags":[],"class_list":["post-92940","post","type-post","status-publish","format-standard","has-post-thumbnail","hentry","category-uncategorized"],"_links":{"self":[{"href":"https:\/\/tvbrazilusa.com\/pt\/wp-json\/wp\/v2\/posts\/92940","targetHints":{"allow":["GET"]}}],"collection":[{"href":"https:\/\/tvbrazilusa.com\/pt\/wp-json\/wp\/v2\/posts"}],"about":[{"href":"https:\/\/tvbrazilusa.com\/pt\/wp-json\/wp\/v2\/types\/post"}],"author":[{"embeddable":true,"href":"https:\/\/tvbrazilusa.com\/pt\/wp-json\/wp\/v2\/users\/1"}],"replies":[{"embeddable":true,"href":"https:\/\/tvbrazilusa.com\/pt\/wp-json\/wp\/v2\/comments?post=92940"}],"version-history":[{"count":1,"href":"https:\/\/tvbrazilusa.com\/pt\/wp-json\/wp\/v2\/posts\/92940\/revisions"}],"predecessor-version":[{"id":92942,"href":"https:\/\/tvbrazilusa.com\/pt\/wp-json\/wp\/v2\/posts\/92940\/revisions\/92942"}],"wp:featuredmedia":[{"embeddable":true,"href":"https:\/\/tvbrazilusa.com\/pt\/wp-json\/wp\/v2\/media\/92941"}],"wp:attachment":[{"href":"https:\/\/tvbrazilusa.com\/pt\/wp-json\/wp\/v2\/media?parent=92940"}],"wp:term":[{"taxonomy":"category","embeddable":true,"href":"https:\/\/tvbrazilusa.com\/pt\/wp-json\/wp\/v2\/categories?post=92940"},{"taxonomy":"post_tag","embeddable":true,"href":"https:\/\/tvbrazilusa.com\/pt\/wp-json\/wp\/v2\/tags?post=92940"}],"curies":[{"name":"wp","href":"https:\/\/api.w.org\/{rel}","templated":true}]}}