{"id":92946,"date":"2025-01-17T22:24:18","date_gmt":"2025-01-17T22:24:18","guid":{"rendered":"https:\/\/tvbrazilusa.com\/2025\/01\/17\/ex-funcionaria-de-creche-de-nj-acusada-de-agredir-bebe-recebe-breve-sentenca-de-prisao\/"},"modified":"2025-01-17T22:32:24","modified_gmt":"2025-01-17T22:32:24","slug":"ex-funcionaria-de-creche-de-nj-acusada-de-agredir-bebe-recebe-breve-sentenca-de-prisao","status":"publish","type":"post","link":"https:\/\/tvbrazilusa.com\/pt\/2025\/01\/17\/ex-funcionaria-de-creche-de-nj-acusada-de-agredir-bebe-recebe-breve-sentenca-de-prisao\/","title":{"rendered":"Ex-funcion\u00e1ria de creche de NJ acusada de agredir beb\u00ea recebe breve senten\u00e7a de pris\u00e3o"},"content":{"rendered":"<script async src=\"https:\/\/pagead2.googlesyndication.com\/pagead\/js\/adsbygoogle.js?client=ca-pub-8864793242727901\"\r\n     crossorigin=\"anonymous\"><\/script>\n<div>\n<p class=\"article__paragraph article__paragraph--left\" id=\"Z2BBAILPHNEFXB4UPTL2JXNKIU\">Uma mulher do condado de Morris foi condenada a cinco anos de liberdade condicional com a condi\u00e7\u00e3o de passar 90 dias na pris\u00e3o ap\u00f3s se declarar culpada de <a href=\"https:\/\/www.nj.com\/morris\/2024\/05\/nj-child-care-worker-charged-with-assaulting-toddler.html\" target=\"_blank\" rel=\"\" title=\"https:\/\/www.nj.com\/morris\/2024\/05\/nj-child-care-worker-charged-with-assaulting-toddler.html\">colocar em risco o bem-estar de uma crian\u00e7a em uma creche <\/a>em Mount Olive, anunciaram na sexta-feira funcion\u00e1rios do Minist\u00e9rio P\u00fablico do Condado de Morris.<\/p>\n<p class=\"article__paragraph article__paragraph--left\" id=\"7CISPNXBFVFY3MHG2K6QM6QQD4\">Christina Susco, 38, de Budd Lake se confessou culpada de uma acusa\u00e7\u00e3o de colocar em risco o bem-estar de uma crian\u00e7a em terceiro grau em novembro de 2024, depois de ter sido acusada de agredir uma crian\u00e7a de 16 meses no Mount Olive Child Care &#038; Learning Center, onde ela trabalhou no in\u00edcio do ano, disseram as autoridades. <\/p>\n<p class=\"article__paragraph article__paragraph--left\" id=\"NBFFFQQLUZE3PP6WNEQEJOCAYQ\">Susco tamb\u00e9m deve cumprir todas as recomenda\u00e7\u00f5es da Divis\u00e3o de Prote\u00e7\u00e3o e Perman\u00eancia Infantil, n\u00e3o ter contato com a v\u00edtima ou sua fam\u00edlia, passar por uma avalia\u00e7\u00e3o de sa\u00fade mental e n\u00e3o ter contato com o Centro de Cuidados e Aprendizagem Infantil Mount Olive, segundo as autoridades. <\/p>\n<p class=\"article__paragraph article__paragraph--left\" id=\"PCLKAY5WCRHV3HFQPHFVGXZE7E\">As autoridades acusaram Susco de agredir a crian\u00e7a em 25 de mar\u00e7o de 2024, mas n\u00e3o forneceram detalhes sobre o incidente e a investiga\u00e7\u00e3o.<\/p>\n<p class=\"article__paragraph article__paragraph--left\" id=\"QZTMA7B3YJA7BATY3FBEEKT7UU\">A diretora executiva da creche, Gail Reuther, disse \u00e0 NJ Advance Media em maio que Susco foi demitida de seu emprego na creche. <\/p>\n<p class=\"article__paragraph article__paragraph--left\" id=\"AVWOYZD6BJGMXHGUA5MUHNMYBU\">\u201cEste \u00e9 um incidente \u00fanico e angustiante, e estamos chocados e envergonhados por isso ter ocorrido em nosso Centro, que tem uma hist\u00f3ria de 47 anos de servi\u00e7o \u00e0 comunidade e servi\u00e7os de qualidade para crian\u00e7as e fam\u00edlias\u201d, disse Reuther em comunicado por escrito. para NJ Advance Media na \u00e9poca em que as acusa\u00e7\u00f5es foram feitas no ano passado.<\/p>\n<p class=\"article__paragraph article__paragraph--left\" id=\"CKMKFAUKEBHTRLV6HXFJVA5HYY\">\u201dNossos funcion\u00e1rios s\u00e3o bem treinados e Christina conhecia as regras e procedimentos. Temos c\u00e2meras e videomonitoramento em toda a escola, al\u00e9m de supervis\u00e3o frequente de todos os funcion\u00e1rios. Tenha certeza de que tomamos medidas imediatas para garantir a seguran\u00e7a e o cuidado de todas as crian\u00e7as do Centro.\u201d<\/p>\n<p class=\"article__paragraph article__paragraph--left\" id=\"247XBUDU55GO5OQJLFJER2D3RY\">O advogado de Susco, Robert Scrivo, disse na sexta-feira que lamenta ter ferido a crian\u00e7a e que \u00e9 uma \u201cm\u00e3e excepcional\u201d.<\/p>\n<p class=\"article__paragraph article__paragraph--left\" id=\"25OM3XE34JAXDOGLTTMO3KEAK4\">\u201cChristina n\u00e3o tinha inten\u00e7\u00e3o de machucar a crian\u00e7a\u201d, disse Scrivo por e-mail. \u201cDito isto, ela lamenta profundamente que suas a\u00e7\u00f5es tenham levado a crian\u00e7a a ser ferida. Ela \u00e9 uma excelente m\u00e3e para seus filhos, filha para seus pais e neta para sua av\u00f3, a quem ela oferece um tremendo amor e carinho.\u201d<\/p>\n<section class=\"Stories-By-Author-module_wrapper__ezbcK Stories-By-Author-module_nj__Ap1-Y\"\/>\n<p class=\"article__paragraph article__paragraph--left\" id=\"DTIMMWK5HFF2JD4SSJDUAJT5SA\"><i>Nosso jornalismo precisa do seu apoio. Por favor, inscreva-se hoje para <\/i><a href=\"http:\/\/nj.com\/\"><i>NJ.com<\/i><\/a><i>.<\/i><\/p>\n<p class=\"article__paragraph article__paragraph--left\" id=\"U477FUQJQFEDXBILDPJVN2T5VE\"><i>Matthew Enuco pode ser contatado em <\/i><a href=\"https:\/\/www.nj.com\/morris\/2025\/01\/mailto:Menuco@njadvancemedia.com\"><i>Menuco@njadvancemedia.com<\/i><\/a>. <i>Seguir <\/i><a href=\"https:\/\/twitter.com\/MediaManMatt\" title=\"https:\/\/twitter.com\/MediaManMatt\"><i>Matt no X<\/i><\/a><i>.<\/i><\/p>\n<\/div>\n<p><script async src=\"\/\/platform.twitter.com\/widgets.js\" charset=\"utf-8\"><\/script><br \/>\n<br \/><br \/>\n<br \/><a href=\"https:\/\/www.nj.com\/morris\/2025\/01\/former-nj-daycare-worker-accused-of-assaulting-baby-gets-brief-prison-sentence.html\">Source link <\/a><\/p>","protected":false},"excerpt":{"rendered":"<p>Uma mulher do condado de Morris foi condenada a cinco anos de liberdade condicional com a condi\u00e7\u00e3o de passar 90 dias na pris\u00e3o ap\u00f3s se declarar culpada de colocar em&hellip;<\/p>","protected":false},"author":1,"featured_media":92947,"comment_status":"closed","ping_status":"open","sticky":false,"template":"","format":"standard","meta":{"content-type":"","footnotes":""},"categories":[1],"tags":[],"class_list":["post-92946","post","type-post","status-publish","format-standard","has-post-thumbnail","hentry","category-uncategorized"],"_links":{"self":[{"href":"https:\/\/tvbrazilusa.com\/pt\/wp-json\/wp\/v2\/posts\/92946","targetHints":{"allow":["GET"]}}],"collection":[{"href":"https:\/\/tvbrazilusa.com\/pt\/wp-json\/wp\/v2\/posts"}],"about":[{"href":"https:\/\/tvbrazilusa.com\/pt\/wp-json\/wp\/v2\/types\/post"}],"author":[{"embeddable":true,"href":"https:\/\/tvbrazilusa.com\/pt\/wp-json\/wp\/v2\/users\/1"}],"replies":[{"embeddable":true,"href":"https:\/\/tvbrazilusa.com\/pt\/wp-json\/wp\/v2\/comments?post=92946"}],"version-history":[{"count":1,"href":"https:\/\/tvbrazilusa.com\/pt\/wp-json\/wp\/v2\/posts\/92946\/revisions"}],"predecessor-version":[{"id":92948,"href":"https:\/\/tvbrazilusa.com\/pt\/wp-json\/wp\/v2\/posts\/92946\/revisions\/92948"}],"wp:featuredmedia":[{"embeddable":true,"href":"https:\/\/tvbrazilusa.com\/pt\/wp-json\/wp\/v2\/media\/92947"}],"wp:attachment":[{"href":"https:\/\/tvbrazilusa.com\/pt\/wp-json\/wp\/v2\/media?parent=92946"}],"wp:term":[{"taxonomy":"category","embeddable":true,"href":"https:\/\/tvbrazilusa.com\/pt\/wp-json\/wp\/v2\/categories?post=92946"},{"taxonomy":"post_tag","embeddable":true,"href":"https:\/\/tvbrazilusa.com\/pt\/wp-json\/wp\/v2\/tags?post=92946"}],"curies":[{"name":"wp","href":"https:\/\/api.w.org\/{rel}","templated":true}]}}