{"id":92952,"date":"2025-01-17T22:51:21","date_gmt":"2025-01-17T22:51:21","guid":{"rendered":"https:\/\/tvbrazilusa.com\/2025\/01\/17\/eua-tem-a-proibicao-do-tiktok-mantida-pela-suprema-corte\/"},"modified":"2025-01-17T22:51:22","modified_gmt":"2025-01-17T22:51:22","slug":"eua-tem-a-proibicao-do-tiktok-mantida-pela-suprema-corte","status":"publish","type":"post","link":"https:\/\/tvbrazilusa.com\/pt\/2025\/01\/17\/eua-tem-a-proibicao-do-tiktok-mantida-pela-suprema-corte\/","title":{"rendered":"EUA t\u00eam a proibi\u00e7\u00e3o do TikTok mantida pela Suprema Corte"},"content":{"rendered":"<p> <script async src=\"https:\/\/pagead2.googlesyndication.com\/pagead\/js\/adsbygoogle.js?client=ca-pub-8864793242727901\"\r\n     crossorigin=\"anonymous\"><\/script><br \/>\n<\/p>\n<div id=\"taboola-read-more\" style=\"display:block; width:100%\">\n<p>A Suprema Corte dos Estados Unidos manteve a validade da lei que pro\u00edbe o funcionamento do TikTok no pa\u00eds, caso a plataforma continue sob o controle da empresa chinesa ByteDance. O tribunal rejeitou os argumentos apresentados pela companhia, que alegava que a medida violaria a Primeira Emenda da Constitui\u00e7\u00e3o dos EUA.\n<\/p>\n<p>O parecer da Corte, publicado nesta sexta-feira, 17, sustenta que a lei atende a um \u201cinteresse substancial\u201d do governo norte-americano em restringir o acesso do governo chin\u00eas \u2014 chamado de \u201cadvers\u00e1rio estrangeiro\u201d \u2014 a dados sens\u00edveis de cidad\u00e3os dos EUA.<\/p>\n<p>Segundo o texto, o Congresso tem autoridade para legislar sobre riscos \u00e0 seguran\u00e7a nacional e para tomar medidas que impe\u00e7am entidades estrangeiras de exercerem controle sobre servi\u00e7os digitais amplamente utilizados no pa\u00eds.\n<\/p>\n<p>A decis\u00e3o destaca que a legisla\u00e7\u00e3o vale para qualquer aplicativo ou servi\u00e7o digital controlado por advers\u00e1rios estrangeiros e que o TikTok foi especialmente citado por causa do v\u00ednculo da ByteDance com a China. O tribunal observa que a proibi\u00e7\u00e3o n\u00e3o equivale a uma censura de conte\u00fado, mas, sim, a uma restri\u00e7\u00e3o comercial voltada \u00e0 seguran\u00e7a nacional.\n<\/p>\n<p>O parecer menciona tentativas anteriores do governo dos EUA de lidar com as preocupa\u00e7\u00f5es relacionadas ao TikTok, como negocia\u00e7\u00f5es para garantir maior supervis\u00e3o sobre os dados dos usu\u00e1rios norte-americanos. No entanto, a Suprema Corte conclui que essas alternativas n\u00e3o foram suficientes para mitigar os riscos identificados pelo Congresso.\n<\/p>\n<p>Com a decis\u00e3o, a proibi\u00e7\u00e3o do TikTok nos Estados Unidos permanece v\u00e1lida, a menos que a ByteDance venda o controle da opera\u00e7\u00e3o norte-americana para uma empresa que n\u00e3o esteja sujeita \u00e0 influ\u00eancia do governo chin\u00eas.\n<\/p>\n<p>CEO do TikTok se encontrou com Trump nos EUA<br \/>Em dezembro deste ano, Donald Trump se reuniu com Shou Zi Chew, CEO da rede social chinesa TikTok, em seu resort em Mar-a-Lago, na Fl\u00f3rida. A reuni\u00e3o ocorreu no mesmo dia em que a plataforma pediu a revoga\u00e7\u00e3o do bloqueio do aplicativo pela Suprema Corte.\n<\/p>\n<p>O pedido foi feito tr\u00eas dias depois de a Corte de Apela\u00e7\u00f5es dos EUA em Washington se recusar a adiar os efeitos de sua decis\u00e3o que sustentava a lei. A regra \u00e9 conhecida como \u201cLei para Proteger os Norte-Americanos de Aplicativos Controlados por Advers\u00e1rios Estrangeiros\u201d.\n<\/p>\n<p>A Corte citou preocupa\u00e7\u00f5es de seguran\u00e7a nacional levantadas por congressistas republicanos. Naquele mesmo dia, antes da reuni\u00e3o, Trump disse a rep\u00f3rteres que \u201cdaria uma olhada\u201d no TikTok e revelou ter \u201cum carinho especial\u201d pela plataforma, ao mencionar seu desempenho eleitoral entre os eleitores jovens.\n<\/p>\n<p>Durante seu primeiro mandato na Casa Branca, Trump tentou banir o aplicativo. Na mais recente campanha eleitoral, declarou, no entanto, ser contra a lei aprovada pelo Congresso e sancionada pelo presidente democrata Joe Biden.\n<\/p>\n<p>No pedido, os advogados do TikTok consideraram o projeto \u201cuma restri\u00e7\u00e3o massiva e sem precedentes \u00e0 liberdade de express\u00e3o\u201d. A empresa ainda afirmou que h\u00e1 um \u201cforte interesse p\u00fablico\u201d para que a Suprema Corte dos EUA revise a decis\u00e3o que confirmou a lei.\n<\/p>\n<p>\u201cA lei fechar\u00e1 uma das plataformas de express\u00e3o mais populares da Am\u00e9rica um dia antes de uma posse presidencial\u201d, diz o documento. \u201cIsso, por sua vez, silenciar\u00e1 a voz dos requerentes e de muitos norte-americanos que usam a plataforma para comunicar-se sobre pol\u00edtica, com\u00e9rcio, artes e outros assuntos de interesse p\u00fablico.\u201d\n<\/p>\n<p>Fonte: Revista Oeste              <\/p>\n<\/div>\n<p><br \/>\n<br \/><a href=\"https:\/\/diariodobrasilnoticias.com.br\/noticia\/eua-tem-a-proibicao-do-tiktok-mantida-pela-suprema-corte-678abe7d6a126\">Source link <\/a><\/p>","protected":false},"excerpt":{"rendered":"<p>A Suprema Corte dos Estados Unidos manteve a validade da lei que pro\u00edbe o funcionamento do TikTok no pa\u00eds, caso a plataforma continue sob o controle da empresa chinesa ByteDance.&hellip;<\/p>","protected":false},"author":1,"featured_media":92953,"comment_status":"closed","ping_status":"open","sticky":false,"template":"","format":"standard","meta":{"content-type":"","footnotes":""},"categories":[16],"tags":[123,2448,5313,1267],"class_list":["post-92952","post","type-post","status-publish","format-standard","has-post-thumbnail","hentry","category-noticias","tag-brasil","tag-diario","tag-noticia","tag-noticias"],"_links":{"self":[{"href":"https:\/\/tvbrazilusa.com\/pt\/wp-json\/wp\/v2\/posts\/92952","targetHints":{"allow":["GET"]}}],"collection":[{"href":"https:\/\/tvbrazilusa.com\/pt\/wp-json\/wp\/v2\/posts"}],"about":[{"href":"https:\/\/tvbrazilusa.com\/pt\/wp-json\/wp\/v2\/types\/post"}],"author":[{"embeddable":true,"href":"https:\/\/tvbrazilusa.com\/pt\/wp-json\/wp\/v2\/users\/1"}],"replies":[{"embeddable":true,"href":"https:\/\/tvbrazilusa.com\/pt\/wp-json\/wp\/v2\/comments?post=92952"}],"version-history":[{"count":1,"href":"https:\/\/tvbrazilusa.com\/pt\/wp-json\/wp\/v2\/posts\/92952\/revisions"}],"predecessor-version":[{"id":92954,"href":"https:\/\/tvbrazilusa.com\/pt\/wp-json\/wp\/v2\/posts\/92952\/revisions\/92954"}],"wp:featuredmedia":[{"embeddable":true,"href":"https:\/\/tvbrazilusa.com\/pt\/wp-json\/wp\/v2\/media\/92953"}],"wp:attachment":[{"href":"https:\/\/tvbrazilusa.com\/pt\/wp-json\/wp\/v2\/media?parent=92952"}],"wp:term":[{"taxonomy":"category","embeddable":true,"href":"https:\/\/tvbrazilusa.com\/pt\/wp-json\/wp\/v2\/categories?post=92952"},{"taxonomy":"post_tag","embeddable":true,"href":"https:\/\/tvbrazilusa.com\/pt\/wp-json\/wp\/v2\/tags?post=92952"}],"curies":[{"name":"wp","href":"https:\/\/api.w.org\/{rel}","templated":true}]}}