{"id":92970,"date":"2025-01-18T00:00:56","date_gmt":"2025-01-18T00:00:56","guid":{"rendered":"https:\/\/tvbrazilusa.com\/2025\/01\/18\/urgente-ministerio-da-justica-lanca-regulamentacao-sobre-uso-de-armas-letais-e-fica-proibido-atirar-contra-fugitivo-em-fuga-entenda\/"},"modified":"2025-01-18T00:00:57","modified_gmt":"2025-01-18T00:00:57","slug":"urgente-ministerio-da-justica-lanca-regulamentacao-sobre-uso-de-armas-letais-e-fica-proibido-atirar-contra-fugitivo-em-fuga-entenda","status":"publish","type":"post","link":"https:\/\/tvbrazilusa.com\/pt\/2025\/01\/18\/urgente-ministerio-da-justica-lanca-regulamentacao-sobre-uso-de-armas-letais-e-fica-proibido-atirar-contra-fugitivo-em-fuga-entenda\/","title":{"rendered":"URGENTE: Minist\u00e9rio da Justi\u00e7a lan\u00e7a regulamenta\u00e7\u00e3o sobre uso de armas letais e fica proibido atirar contra fugitivo em fuga; entenda"},"content":{"rendered":"<p> <script async src=\"https:\/\/pagead2.googlesyndication.com\/pagead\/js\/adsbygoogle.js?client=ca-pub-8864793242727901\"\r\n     crossorigin=\"anonymous\"><\/script><br \/>\n<\/p>\n<div id=\"taboola-read-more\" style=\"display:block; width:100%\">\n<p>As novas normas do Minist\u00e9rio da Justi\u00e7a e Seguran\u00e7a P\u00fablica (MJSP) para a atua\u00e7\u00e3o de policiais pro\u00edbem o emprego de armas de fogo contra pessoa em fuga que estiver desarmada ou contra um ve\u00edculo que desrespeitar uma ordem de parada ou um bloqueio policial.\n<\/p>\n<p>Portaria assinada pelo ministro Ricardo Lewandowski nesta sexta-feira tamb\u00e9m determina que agentes n\u00e3o dever\u00e3o apontar armas de fogo para pessoas em procedimentos de abordagem \u201ccomo pr\u00e1tica rotineira e indiscriminada\u201d e nem \u201cdisparar a esmo ou a t\u00edtulo de advert\u00eancia\u201d.<\/p>\n<p>As regras valem imediatamente para a Pol\u00edcia Federal (PF), a Pol\u00edcia Rodovi\u00e1ria Federal (PRF), a Pol\u00edcia Penal Federal, a For\u00e7a Nacional de Seguran\u00e7a P\u00fablica (FNSP) e a For\u00e7a Penal Nacional.\n<\/p>\n<p>Al\u00e9m disso, os \u00f3rg\u00e3os de seguran\u00e7a p\u00fablica estaduais, distritais e municipais que usarem dinheiro do Fundo Nacional de Seguran\u00e7a P\u00fablica e do Fundo Penitenci\u00e1rio Nacional tamb\u00e9m ter\u00e3o de aderir \u00e0s portarias.\n<\/p>\n<p>\u201cA ideia do minist\u00e9rio \u00e9 a prote\u00e7\u00e3o da vida dos policiais e da popula\u00e7\u00e3o bem como o estabelecimento de regras claras procedimentais para os policiais, trazendo a eles seguran\u00e7a jur\u00eddica para usar a for\u00e7a na medida em que ela seja efetivamente necess\u00e1ria\u201d, afirmou o secret\u00e1rio nacional de Seguran\u00e7a P\u00fablica, M\u00e1rio Sarrubbo.\n<\/p>\n<p>Al\u00e9m das normas para uso da for\u00e7a, Lewandowski assinou uma portaria criando o Comit\u00ea Nacional de Monitoramento do Uso da For\u00e7a e outra que institui o N\u00facleo Estrat\u00e9gico de Combate ao Crime Organizado.\n<\/p>\n<p>Junto com a assinatura dos conjuntos de normas, o minist\u00e9rio anunciou investimento de mais de 120 milh\u00f5es de reais em armas n\u00e3o letais. Ser\u00e3o comprados 249.000 sprays de g\u00e1s de pimenta e 22.736 pistolas el\u00e9tricas, conhecidas como tasers.\n<\/p>\n<p>Fonte: Veja              <\/p>\n<\/div>\n<p><br \/>\n<br \/><a href=\"https:\/\/diariodobrasilnoticias.com.br\/noticia\/urgente-ministerio-da-justica-lanca-regulamentacao-sobre-uso-de-armas-letais-e-fica-proibido-atirar-contra-fugitivo-em-fuga-entenda-678ac653c266a\">Source link <\/a><\/p>","protected":false},"excerpt":{"rendered":"<p>As novas normas do Minist\u00e9rio da Justi\u00e7a e Seguran\u00e7a P\u00fablica (MJSP) para a atua\u00e7\u00e3o de policiais pro\u00edbem o emprego de armas de fogo contra pessoa em fuga que estiver desarmada&hellip;<\/p>","protected":false},"author":1,"featured_media":92971,"comment_status":"closed","ping_status":"open","sticky":false,"template":"","format":"standard","meta":{"content-type":"","footnotes":""},"categories":[16],"tags":[123,2448,5313,1267],"class_list":["post-92970","post","type-post","status-publish","format-standard","has-post-thumbnail","hentry","category-noticias","tag-brasil","tag-diario","tag-noticia","tag-noticias"],"_links":{"self":[{"href":"https:\/\/tvbrazilusa.com\/pt\/wp-json\/wp\/v2\/posts\/92970","targetHints":{"allow":["GET"]}}],"collection":[{"href":"https:\/\/tvbrazilusa.com\/pt\/wp-json\/wp\/v2\/posts"}],"about":[{"href":"https:\/\/tvbrazilusa.com\/pt\/wp-json\/wp\/v2\/types\/post"}],"author":[{"embeddable":true,"href":"https:\/\/tvbrazilusa.com\/pt\/wp-json\/wp\/v2\/users\/1"}],"replies":[{"embeddable":true,"href":"https:\/\/tvbrazilusa.com\/pt\/wp-json\/wp\/v2\/comments?post=92970"}],"version-history":[{"count":1,"href":"https:\/\/tvbrazilusa.com\/pt\/wp-json\/wp\/v2\/posts\/92970\/revisions"}],"predecessor-version":[{"id":92972,"href":"https:\/\/tvbrazilusa.com\/pt\/wp-json\/wp\/v2\/posts\/92970\/revisions\/92972"}],"wp:featuredmedia":[{"embeddable":true,"href":"https:\/\/tvbrazilusa.com\/pt\/wp-json\/wp\/v2\/media\/92971"}],"wp:attachment":[{"href":"https:\/\/tvbrazilusa.com\/pt\/wp-json\/wp\/v2\/media?parent=92970"}],"wp:term":[{"taxonomy":"category","embeddable":true,"href":"https:\/\/tvbrazilusa.com\/pt\/wp-json\/wp\/v2\/categories?post=92970"},{"taxonomy":"post_tag","embeddable":true,"href":"https:\/\/tvbrazilusa.com\/pt\/wp-json\/wp\/v2\/tags?post=92970"}],"curies":[{"name":"wp","href":"https:\/\/api.w.org\/{rel}","templated":true}]}}