{"id":92976,"date":"2025-01-18T00:13:02","date_gmt":"2025-01-18T00:13:02","guid":{"rendered":"https:\/\/tvbrazilusa.com\/2025\/01\/18\/haddad-acusa-bolsonaro-de-espalhar-fake-news-sobre-o-pix\/"},"modified":"2025-01-18T00:13:04","modified_gmt":"2025-01-18T00:13:04","slug":"haddad-acusa-bolsonaro-de-espalhar-fake-news-sobre-o-pix","status":"publish","type":"post","link":"https:\/\/tvbrazilusa.com\/pt\/2025\/01\/18\/haddad-acusa-bolsonaro-de-espalhar-fake-news-sobre-o-pix\/","title":{"rendered":"Haddad acusa Bolsonaro de espalhar &#8216;fake news&#8217; sobre o Pix"},"content":{"rendered":"<p> <script async src=\"https:\/\/pagead2.googlesyndication.com\/pagead\/js\/adsbygoogle.js?client=ca-pub-8864793242727901\"\r\n     crossorigin=\"anonymous\"><\/script><br \/>\n<\/p>\n<div id=\"taboola-read-more\" style=\"display:block; width:100%\">\n<p>O ministro da Fazenda Fernando Haddad disse, em entrevista exclusiva ao CNN 360\u00b0 nesta sexta-feira (17), que, no entendimento dele, o ex-presidente Jair Bolsonaro (PL) est\u00e1 por tr\u00e1s do v\u00eddeo publicado por Nikolas Ferreira (PL-MG), no mesmo dia em que o governo federal decidiu revogar a medida de fiscaliza\u00e7\u00e3o do Pix.\n<\/p>\n<p>\u201cEu tenho, para mim, que o Bolsonaro est\u00e1 um pouco por tr\u00e1s disso, porque o PL financiou o v\u00eddeo do Nikolas\u201d, disse.<\/p>\n<p>De acordo com apura\u00e7\u00e3o do analista da CNN Caio Junqueira, o v\u00eddeo publicado pelo deputado \u2013 que alcan\u00e7ou mais de 300 milh\u00f5es de visualiza\u00e7\u00f5es nas redes sociais \u2013 embasou a decis\u00e3o do Planalto de derrubar a medida da Receita Federal.\n<\/p>\n<p>Na publica\u00e7\u00e3o, o parlamentar critica o governo dizendo que a gest\u00e3o federal prejudica a popula\u00e7\u00e3o, sobretudo os \u201ctrabalhadores informais\u201d, com regras de fiscaliza\u00e7\u00e3o via Pix, agora revogadas.\n<\/p>\n<p>\u201cO vil\u00e3o do Brasil \u00e9 quem ganha 5 mil reais e n\u00e3o declara para poder sobreviver? Voc\u00eas querem mesmo que o brasileiro engula isso?\u201d, disse Nikolas.\n<\/p>\n<p>Ao comentar a influ\u00eancia de Bolsonaro na publica\u00e7\u00e3o, Haddad citou os casos envolvendo o ex-presidente e a Receita Federal.\n<\/p>\n<p>\u201cO Bolsonaro tem uma bronca da Receita Federal pelas quest\u00f5es j\u00e1 conhecidas\u2026 a Receita Federal descobriu o roubo das joias, abriu a investiga\u00e7\u00e3o das rachadinhas, abriu a investiga\u00e7\u00e3o sobre os mais de 100 im\u00f3veis comprados pela fam\u00edlia Bolsonaro\u201d, disse o ministro.\n<\/p>\n<p>Ele justificou que \u201cn\u00e3o escolheram a Receita Federal por outra raz\u00e3o, eles [Bolsonaro, Nikolas e PL] ficaram com uma lupa ali nos atos burocr\u00e1ticos da Receita. [\u2026] Quiseram vender a tese de que a Receita, com os poucos funcion\u00e1rios que tem, vai fiscalizar o pequeno neg\u00f3cio\u201d, completou o ministro.\n<\/p>\n<p>A CNN tenta contato com a defesa do ex-presidente Jair Bolsonaro para comentar a declara\u00e7\u00e3o.\n<\/p>\n<p>Fonte: CNN Brasil              <\/p>\n<\/div>\n<p><br \/>\n<br \/><a href=\"https:\/\/diariodobrasilnoticias.com.br\/noticia\/haddad-acusa-bolsonaro-de-espalhar-fake-news-sobre-o-pix-678ac8336c7eb\">Source link <\/a><\/p>","protected":false},"excerpt":{"rendered":"<p>O ministro da Fazenda Fernando Haddad disse, em entrevista exclusiva ao CNN 360\u00b0 nesta sexta-feira (17), que, no entendimento dele, o ex-presidente Jair Bolsonaro (PL) est\u00e1 por tr\u00e1s do v\u00eddeo&hellip;<\/p>","protected":false},"author":1,"featured_media":92977,"comment_status":"closed","ping_status":"open","sticky":false,"template":"","format":"standard","meta":{"content-type":"","footnotes":""},"categories":[16],"tags":[123,2448,5313,1267],"class_list":["post-92976","post","type-post","status-publish","format-standard","has-post-thumbnail","hentry","category-noticias","tag-brasil","tag-diario","tag-noticia","tag-noticias"],"_links":{"self":[{"href":"https:\/\/tvbrazilusa.com\/pt\/wp-json\/wp\/v2\/posts\/92976","targetHints":{"allow":["GET"]}}],"collection":[{"href":"https:\/\/tvbrazilusa.com\/pt\/wp-json\/wp\/v2\/posts"}],"about":[{"href":"https:\/\/tvbrazilusa.com\/pt\/wp-json\/wp\/v2\/types\/post"}],"author":[{"embeddable":true,"href":"https:\/\/tvbrazilusa.com\/pt\/wp-json\/wp\/v2\/users\/1"}],"replies":[{"embeddable":true,"href":"https:\/\/tvbrazilusa.com\/pt\/wp-json\/wp\/v2\/comments?post=92976"}],"version-history":[{"count":1,"href":"https:\/\/tvbrazilusa.com\/pt\/wp-json\/wp\/v2\/posts\/92976\/revisions"}],"predecessor-version":[{"id":92978,"href":"https:\/\/tvbrazilusa.com\/pt\/wp-json\/wp\/v2\/posts\/92976\/revisions\/92978"}],"wp:featuredmedia":[{"embeddable":true,"href":"https:\/\/tvbrazilusa.com\/pt\/wp-json\/wp\/v2\/media\/92977"}],"wp:attachment":[{"href":"https:\/\/tvbrazilusa.com\/pt\/wp-json\/wp\/v2\/media?parent=92976"}],"wp:term":[{"taxonomy":"category","embeddable":true,"href":"https:\/\/tvbrazilusa.com\/pt\/wp-json\/wp\/v2\/categories?post=92976"},{"taxonomy":"post_tag","embeddable":true,"href":"https:\/\/tvbrazilusa.com\/pt\/wp-json\/wp\/v2\/tags?post=92976"}],"curies":[{"name":"wp","href":"https:\/\/api.w.org\/{rel}","templated":true}]}}