{"id":92985,"date":"2025-01-18T00:39:07","date_gmt":"2025-01-18T00:39:07","guid":{"rendered":"https:\/\/tvbrazilusa.com\/2025\/01\/18\/segundo-o-cade-a-fusao-entre-gol-e-azul-e-quase-impossivel\/"},"modified":"2025-01-18T00:39:08","modified_gmt":"2025-01-18T00:39:08","slug":"segundo-o-cade-a-fusao-entre-gol-e-azul-e-quase-impossivel","status":"publish","type":"post","link":"https:\/\/tvbrazilusa.com\/pt\/2025\/01\/18\/segundo-o-cade-a-fusao-entre-gol-e-azul-e-quase-impossivel\/","title":{"rendered":"Segundo o Cade, a fus\u00e3o entre Gol e Azul \u00e9 &#8216;quase imposs\u00edvel&#8217;"},"content":{"rendered":"<p> <script async src=\"https:\/\/pagead2.googlesyndication.com\/pagead\/js\/adsbygoogle.js?client=ca-pub-8864793242727901\"\r\n     crossorigin=\"anonymous\"><\/script><br \/>\n<\/p>\n<div id=\"taboola-read-more\" style=\"display:block; width:100%\">\n<p>Integrantes do Conselho Administrativo de Defesa Econ\u00f4mica (Cade) consideram como \u201cquase imposs\u00edvel\u201d a aprova\u00e7\u00e3o de um acordo de fus\u00e3o entre as companhias a\u00e9reas Gol e Azul, duas das principais em opera\u00e7\u00e3o no mercado brasileiro de avia\u00e7\u00e3o comercial.\n<\/p>\n<p>Na vis\u00e3o da autarquia, que tem v\u00ednculo com o Minist\u00e9rio da Justi\u00e7a e Seguran\u00e7a P\u00fablica, \u00e9 pouco prov\u00e1vel que um processo como este ocorra sem a exist\u00eancia de v\u00e1rias restri\u00e7\u00f5es. A an\u00e1lise se d\u00e1 principalmente em raz\u00e3o de um fator fundamental: a concentra\u00e7\u00e3o de mercado. Apesar disso, o \u00f3rg\u00e3o n\u00e3o v\u00ea esse detalhe como motivo para uma reprova\u00e7\u00e3o.<\/p>\n<p>Cade analisa risco de sobreposi\u00e7\u00e3o<br \/>Nesta quarta-feira, 15, a Abra, dona da Gol, e a Azul assinaram um memorando de entendimento para tratar das negocia\u00e7\u00f5es acerca de uma eventual uni\u00e3o dos neg\u00f3cios das duas a\u00e9reas brasileiras, conforme antecipado pelo jornal Valor Econ\u00f4mico. Representantes das companhias procuraram previamente membros do Cade no sentido de discutir crit\u00e9rios de an\u00e1lises.\n<\/p>\n<p>Fontes da autarquia de defesa da concorr\u00eancia dizem que v\u00e1rios fatores demandam aten\u00e7\u00e3o, como rotas, n\u00edveis de concentra\u00e7\u00e3o p\u00f3s-opera\u00e7\u00e3o e eventuais sobreposi\u00e7\u00f5es. \u201c\u00c9 errado dizer que h\u00e1 um \u00fanico mercado. Sob a \u00f3tica antitruste, h\u00e1 centenas de mercados, as rotas, e vamos analisar um por um\u201d, afirmou uma das fontes.\n<\/p>\n<p>No Cade, a fus\u00e3o das a\u00e9reas \u00e9 comparada, em n\u00edvel de complexidade e repercuss\u00e3o, \u00e0 venda da Oi para Claro, Telef\u00f4nica e Tim. Essa transa\u00e7\u00e3o ocorreu em 2022 e, na \u00e9poca, protagonizou um processo repleto de pol\u00eamicas e tens\u00f5es entre membros da autarquia.\n<\/p>\n<p>O \u00f3rg\u00e3o acredita primeiramente que o risco de concentra\u00e7\u00e3o demanda uma an\u00e1lise t\u00e3o profunda que leve o caso para inst\u00e2ncias superiores \u00e0 esfera meramente t\u00e9cnica. Al\u00e9m disso, o caso deve ser definido pelo Cade somente no segundo semestre, mais pr\u00f3ximo ao final do ano. Isto \u00e9, sob o comando de um novo presidente, haja vista que o mandato de Alexandre Cordeiro, atual l\u00edder, se encerra em julho de 2025.\n<\/p>\n<p>Fonte: Revista Oeste              <\/p>\n<\/div>\n<p><br \/>\n<br \/><a href=\"https:\/\/diariodobrasilnoticias.com.br\/noticia\/segundo-o-cade-a-fusao-entre-gol-e-azul-e-quase-impossivel-678ae7a149640\">Source link <\/a><\/p>","protected":false},"excerpt":{"rendered":"<p>Integrantes do Conselho Administrativo de Defesa Econ\u00f4mica (Cade) consideram como \u201cquase imposs\u00edvel\u201d a aprova\u00e7\u00e3o de um acordo de fus\u00e3o entre as companhias a\u00e9reas Gol e Azul, duas das principais em&hellip;<\/p>","protected":false},"author":1,"featured_media":92986,"comment_status":"closed","ping_status":"open","sticky":false,"template":"","format":"standard","meta":{"content-type":"","footnotes":""},"categories":[16],"tags":[123,2448,5313,1267],"class_list":["post-92985","post","type-post","status-publish","format-standard","has-post-thumbnail","hentry","category-noticias","tag-brasil","tag-diario","tag-noticia","tag-noticias"],"_links":{"self":[{"href":"https:\/\/tvbrazilusa.com\/pt\/wp-json\/wp\/v2\/posts\/92985","targetHints":{"allow":["GET"]}}],"collection":[{"href":"https:\/\/tvbrazilusa.com\/pt\/wp-json\/wp\/v2\/posts"}],"about":[{"href":"https:\/\/tvbrazilusa.com\/pt\/wp-json\/wp\/v2\/types\/post"}],"author":[{"embeddable":true,"href":"https:\/\/tvbrazilusa.com\/pt\/wp-json\/wp\/v2\/users\/1"}],"replies":[{"embeddable":true,"href":"https:\/\/tvbrazilusa.com\/pt\/wp-json\/wp\/v2\/comments?post=92985"}],"version-history":[{"count":1,"href":"https:\/\/tvbrazilusa.com\/pt\/wp-json\/wp\/v2\/posts\/92985\/revisions"}],"predecessor-version":[{"id":92987,"href":"https:\/\/tvbrazilusa.com\/pt\/wp-json\/wp\/v2\/posts\/92985\/revisions\/92987"}],"wp:featuredmedia":[{"embeddable":true,"href":"https:\/\/tvbrazilusa.com\/pt\/wp-json\/wp\/v2\/media\/92986"}],"wp:attachment":[{"href":"https:\/\/tvbrazilusa.com\/pt\/wp-json\/wp\/v2\/media?parent=92985"}],"wp:term":[{"taxonomy":"category","embeddable":true,"href":"https:\/\/tvbrazilusa.com\/pt\/wp-json\/wp\/v2\/categories?post=92985"},{"taxonomy":"post_tag","embeddable":true,"href":"https:\/\/tvbrazilusa.com\/pt\/wp-json\/wp\/v2\/tags?post=92985"}],"curies":[{"name":"wp","href":"https:\/\/api.w.org\/{rel}","templated":true}]}}