{"id":92991,"date":"2025-01-18T00:56:50","date_gmt":"2025-01-18T00:56:50","guid":{"rendered":"https:\/\/tvbrazilusa.com\/2025\/01\/18\/o-stf-absolveu-6-pessoas-que-estavam-presas-por-suspeita-de-participarem-dos-atos-do-dia-8-de-janeiro-de-2023-veja-video\/"},"modified":"2025-01-18T00:56:52","modified_gmt":"2025-01-18T00:56:52","slug":"o-stf-absolveu-6-pessoas-que-estavam-presas-por-suspeita-de-participarem-dos-atos-do-dia-8-de-janeiro-de-2023-veja-video","status":"publish","type":"post","link":"https:\/\/tvbrazilusa.com\/pt\/2025\/01\/18\/o-stf-absolveu-6-pessoas-que-estavam-presas-por-suspeita-de-participarem-dos-atos-do-dia-8-de-janeiro-de-2023-veja-video\/","title":{"rendered":"O STF absolveu 6 pessoas que estavam presas por suspeita de participarem dos atos do dia 8 de janeiro de 2023; VEJA V\u00cdDEO"},"content":{"rendered":"<p> <script async src=\"https:\/\/pagead2.googlesyndication.com\/pagead\/js\/adsbygoogle.js?client=ca-pub-8864793242727901\"\r\n     crossorigin=\"anonymous\"><\/script><br \/>\n<br \/>Cinco delas s\u00e3o pessoa em situa\u00e7\u00e3o de rua e uma \u00e9 um vendedor ambulante. Todos foram absolvidos por falta de provas<br \/>\n<br \/><br \/>\n<br \/><a href=\"https:\/\/diariodobrasilnoticias.com.br\/noticia\/o-stf-absolveu-6-pessoas-que-estavam-presas-por-suspeita-de-participarem-dos-atos-do-dia-8-de-janeiro-de-2023-veja-video-678ae0eb91f4d\">Source link <\/a><\/p>","protected":false},"excerpt":{"rendered":"<p>Cinco delas s\u00e3o pessoa em situa\u00e7\u00e3o de rua e uma \u00e9 um vendedor ambulante. Todos foram absolvidos por falta de provas Source link<\/p>","protected":false},"author":1,"featured_media":92992,"comment_status":"closed","ping_status":"open","sticky":false,"template":"","format":"standard","meta":{"content-type":"","footnotes":""},"categories":[16],"tags":[123,2448,5313,1267],"class_list":["post-92991","post","type-post","status-publish","format-standard","has-post-thumbnail","hentry","category-noticias","tag-brasil","tag-diario","tag-noticia","tag-noticias"],"_links":{"self":[{"href":"https:\/\/tvbrazilusa.com\/pt\/wp-json\/wp\/v2\/posts\/92991","targetHints":{"allow":["GET"]}}],"collection":[{"href":"https:\/\/tvbrazilusa.com\/pt\/wp-json\/wp\/v2\/posts"}],"about":[{"href":"https:\/\/tvbrazilusa.com\/pt\/wp-json\/wp\/v2\/types\/post"}],"author":[{"embeddable":true,"href":"https:\/\/tvbrazilusa.com\/pt\/wp-json\/wp\/v2\/users\/1"}],"replies":[{"embeddable":true,"href":"https:\/\/tvbrazilusa.com\/pt\/wp-json\/wp\/v2\/comments?post=92991"}],"version-history":[{"count":1,"href":"https:\/\/tvbrazilusa.com\/pt\/wp-json\/wp\/v2\/posts\/92991\/revisions"}],"predecessor-version":[{"id":92993,"href":"https:\/\/tvbrazilusa.com\/pt\/wp-json\/wp\/v2\/posts\/92991\/revisions\/92993"}],"wp:featuredmedia":[{"embeddable":true,"href":"https:\/\/tvbrazilusa.com\/pt\/wp-json\/wp\/v2\/media\/92992"}],"wp:attachment":[{"href":"https:\/\/tvbrazilusa.com\/pt\/wp-json\/wp\/v2\/media?parent=92991"}],"wp:term":[{"taxonomy":"category","embeddable":true,"href":"https:\/\/tvbrazilusa.com\/pt\/wp-json\/wp\/v2\/categories?post=92991"},{"taxonomy":"post_tag","embeddable":true,"href":"https:\/\/tvbrazilusa.com\/pt\/wp-json\/wp\/v2\/tags?post=92991"}],"curies":[{"name":"wp","href":"https:\/\/api.w.org\/{rel}","templated":true}]}}