{"id":9307,"date":"2024-07-26T19:32:46","date_gmt":"2024-07-26T19:32:46","guid":{"rendered":"https:\/\/tvbrazilusa.com\/2024\/07\/26\/governo-lula-quer-reduzir-distribuicao-de-lucro-do-fgts-entenda\/"},"modified":"2024-07-26T19:35:19","modified_gmt":"2024-07-26T19:35:19","slug":"governo-lula-quer-reduzir-distribuicao-de-lucro-do-fgts-entenda","status":"publish","type":"post","link":"https:\/\/tvbrazilusa.com\/pt\/2024\/07\/26\/governo-lula-quer-reduzir-distribuicao-de-lucro-do-fgts-entenda\/","title":{"rendered":"Governo Lula quer reduzir distribui\u00e7\u00e3o de lucro do FGTS; ENTENDA"},"content":{"rendered":"<p> <script async src=\"https:\/\/pagead2.googlesyndication.com\/pagead\/js\/adsbygoogle.js?client=ca-pub-8864793242727901\"\r\n     crossorigin=\"anonymous\"><\/script><br \/>\n<\/p>\n<div>\n<p><em>Foto: Divulga\u00e7\u00e3o\/Governo federal<\/em><\/p>\n<p>Minist\u00e9rios que fazem parte do Conselho Curador do Fundo de Garantia do Tempo de Servi\u00e7o (FGTS) est\u00e3o analisando a possibilidade de reduzir o percentual dos lucros do fundo a serem distribu\u00eddos aos trabalhadores em 2024.<\/p>\n<p>Em 2023, 99% dos ganhos do ano anterior foram repassados aos cotistas. Contudo, t\u00e9cnicos envolvidos na discuss\u00e3o argumentam que parte do lucro recorde de <strong>R$ 23,4 bilh\u00f5es<\/strong> obtido em 2022 deve ser reservado para garantir a remunera\u00e7\u00e3o dos trabalhadores conforme a infla\u00e7\u00e3o.<\/p>\n<h2 class=\"wp-block-heading\">Por que a Distribui\u00e7\u00e3o do Lucro do FGTS Pode Diminuir em 2024?<\/h2>\n<p>A ideia de reservar uma parte do lucro do FGTS surge como uma medida preventiva, funcionando como um \u201ccolch\u00e3o\u201d de recursos. Este recurso extra ajudaria a cobrir a diferen\u00e7a caso a remunera\u00e7\u00e3o do fundo fique abaixo do \u00cdndice Nacional de Pre\u00e7os ao Consumidor Amplo (IPCA).<\/p>\n<p>Dessa forma, se essa reserva for aprovada, mesmo em anos de baixa performance, os trabalhadores teriam a garantia de que os seus rendimentos est\u00e3o protegidos contra a infla\u00e7\u00e3o, assegurando sustentabilidade futura ao fundo.<\/p>\n<h2 class=\"wp-block-heading\">Quais s\u00e3o as Propostas em Discuss\u00e3o?<\/h2>\n<p>Atualmente, duas principais propostas est\u00e3o sobre a mesa. Uma considera distribuir <strong>90% do lucro<\/strong> aos trabalhadores, o que representaria cerca de R$ 21 bilh\u00f5es. A outra prop\u00f5e destinar \u00e0 reserva t\u00e9cnica o lucro extraordin\u00e1rio de <strong>R$ 6,5 bilh\u00f5es<\/strong> e repartir R$ 16,8 bilh\u00f5es (72%) entre os trabalhadores.<\/p>\n<p>Al\u00e9m dessas sugest\u00f5es, o <strong>Minist\u00e9rio do Trabalho<\/strong> est\u00e1 realizando simula\u00e7\u00f5es baseadas em diferentes premissas econ\u00f4micas. A decis\u00e3o final ser\u00e1 tomada em uma reuni\u00e3o extraordin\u00e1ria do Conselho Curador, marcada para 6 de agosto de 2024.<\/p>\n<h2 class=\"wp-block-heading\">Como a Decis\u00e3o do STF Impacta o FGTS?<\/h2>\n<p>O Supremo Tribunal Federal (STF) determinou que o poder de compra dos recursos dos trabalhadores deve ser garantido anualmente, sem compensa\u00e7\u00f5es de perdas de um ano para o outro. Isso significa que, mesmo com juros abaixo da infla\u00e7\u00e3o em parte dos financiamentos do <strong>FGTS<\/strong>, o rendimento dos cotistas precisa estar protegido.<\/p>\n<p>Essa decis\u00e3o pode criar um descompasso nas contas do fundo, tornando ainda mais importante a cria\u00e7\u00e3o da reserva t\u00e9cnica para garantir a regularidade dos repasses aos trabalhadores.<\/p>\n<h2 class=\"wp-block-heading\">Impacto da Reserva T\u00e9cnica na Economia do Trabalhador<\/h2>\n<p>A cria\u00e7\u00e3o da reserva t\u00e9cnica visa garantir um ganho real para os trabalhadores, similar ao assegurado nos \u00faltimos anos. Em 2022, por exemplo, a infla\u00e7\u00e3o foi de <strong>5,79%<\/strong>, mas a remunera\u00e7\u00e3o do FGTS alcan\u00e7ou <strong>7,09%<\/strong>.<\/p>\n<p>Com o refor\u00e7o da reserva, mesmo em cen\u00e1rios econ\u00f4micos adversos, os trabalhadores teriam a tranquilidade de saber que seus rendimentos est\u00e3o protegidos. Isso ajudaria a sustentar o poder de compra e a seguran\u00e7a financeira para milhares de brasileiros.<\/p>\n<ul class=\"wp-block-list\">\n<li>Garantir a remunera\u00e7\u00e3o dos trabalhadores conforme a infla\u00e7\u00e3o;<\/li>\n<li>Funcionamento de um \u201ccolch\u00e3o\u201d de recursos para refor\u00e7ar a distribui\u00e7\u00e3o;<\/li>\n<li>Assegurar a sustentabilidade futura do fundo.<\/li>\n<\/ul>\n<p>\u00a0<\/p>\n<p>Enquanto o debate continua, a popula\u00e7\u00e3o aguarda ansiosamente pela decis\u00e3o que ser\u00e1 tomada pelo Conselho Curador do <strong>FGTS<\/strong> em agosto. A expectativa \u00e9 que qualquer mudan\u00e7a seja feita com o intuito de proteger e beneficiar os trabalhadores a longo prazo.<\/p>\n<\/p><\/div>\n<p><br \/>\n<br \/><a href=\"https:\/\/terrabrasilnoticias.com\/2024\/07\/governo-lula-quer-reduzir-distribuicao-de-lucro-do-fgts-entenda\/\">Source link <\/a><\/p>","protected":false},"excerpt":{"rendered":"<p>Foto: Divulga\u00e7\u00e3o\/Governo federal Minist\u00e9rios que fazem parte do Conselho Curador do Fundo de Garantia do Tempo de Servi\u00e7o (FGTS) est\u00e3o analisando a possibilidade de reduzir o percentual dos lucros do&hellip;<\/p>","protected":false},"author":1,"featured_media":9308,"comment_status":"closed","ping_status":"open","sticky":false,"template":"","format":"standard","meta":{"content-type":"","footnotes":""},"categories":[16],"tags":[],"class_list":["post-9307","post","type-post","status-publish","format-standard","has-post-thumbnail","hentry","category-noticias"],"_links":{"self":[{"href":"https:\/\/tvbrazilusa.com\/pt\/wp-json\/wp\/v2\/posts\/9307","targetHints":{"allow":["GET"]}}],"collection":[{"href":"https:\/\/tvbrazilusa.com\/pt\/wp-json\/wp\/v2\/posts"}],"about":[{"href":"https:\/\/tvbrazilusa.com\/pt\/wp-json\/wp\/v2\/types\/post"}],"author":[{"embeddable":true,"href":"https:\/\/tvbrazilusa.com\/pt\/wp-json\/wp\/v2\/users\/1"}],"replies":[{"embeddable":true,"href":"https:\/\/tvbrazilusa.com\/pt\/wp-json\/wp\/v2\/comments?post=9307"}],"version-history":[{"count":1,"href":"https:\/\/tvbrazilusa.com\/pt\/wp-json\/wp\/v2\/posts\/9307\/revisions"}],"predecessor-version":[{"id":9309,"href":"https:\/\/tvbrazilusa.com\/pt\/wp-json\/wp\/v2\/posts\/9307\/revisions\/9309"}],"wp:featuredmedia":[{"embeddable":true,"href":"https:\/\/tvbrazilusa.com\/pt\/wp-json\/wp\/v2\/media\/9308"}],"wp:attachment":[{"href":"https:\/\/tvbrazilusa.com\/pt\/wp-json\/wp\/v2\/media?parent=9307"}],"wp:term":[{"taxonomy":"category","embeddable":true,"href":"https:\/\/tvbrazilusa.com\/pt\/wp-json\/wp\/v2\/categories?post=9307"},{"taxonomy":"post_tag","embeddable":true,"href":"https:\/\/tvbrazilusa.com\/pt\/wp-json\/wp\/v2\/tags?post=9307"}],"curies":[{"name":"wp","href":"https:\/\/api.w.org\/{rel}","templated":true}]}}