{"id":93072,"date":"2025-01-18T09:23:06","date_gmt":"2025-01-18T09:23:06","guid":{"rendered":"https:\/\/tvbrazilusa.com\/2025\/01\/18\/justica-emite-mandado-de-prisao-contra-evo-morales-ex-presidente-da-bolivia-e-acusado-de-abuso-sexual-de-menor\/"},"modified":"2025-01-18T09:23:07","modified_gmt":"2025-01-18T09:23:07","slug":"justica-emite-mandado-de-prisao-contra-evo-morales-ex-presidente-da-bolivia-e-acusado-de-abuso-sexual-de-menor","status":"publish","type":"post","link":"https:\/\/tvbrazilusa.com\/pt\/2025\/01\/18\/justica-emite-mandado-de-prisao-contra-evo-morales-ex-presidente-da-bolivia-e-acusado-de-abuso-sexual-de-menor\/","title":{"rendered":"Justi\u00e7a emite mandado de pris\u00e3o contra Evo Morales; ex-presidente da Bol\u00edvia \u00e9 acusado de abuso sexual de menor"},"content":{"rendered":"<p> <script async src=\"https:\/\/pagead2.googlesyndication.com\/pagead\/js\/adsbygoogle.js?client=ca-pub-8864793242727901\"\r\n     crossorigin=\"anonymous\"><\/script><br \/>\n<\/p>\n<div id=\"taboola-read-more\" style=\"display:block; width:100%\">\n<p>A Justi\u00e7a da Bol\u00edvia emitiu nesta sexta-feira (17) um mandado de pris\u00e3o contra o ex-presidente Evo Morales, de 65 anos, ap\u00f3s ele n\u00e3o comparecer a uma audi\u00eancia judicial em um caso que o acusa de abuso sexual contra uma menor de idade, segundo a ag\u00eancia de not\u00edcias AP.\n<\/p>\n<p>De acordo com a den\u00fancia, Morales teria tido um filho com uma adolescente em 2016. A rela\u00e7\u00e3o, segundo a legisla\u00e7\u00e3o boliviana, configuraria estupro de vulner\u00e1vel. \u201cHouve um mandado de busca e pris\u00e3o contra ele\u201d, afirmou o juiz Nelson Rocabado, ap\u00f3s a audi\u00eancia realizada na regi\u00e3o de Tarija, onde vive a suposta v\u00edtima.<\/p>\n<p>O ex-presidente negou as acusa\u00e7\u00f5es e alegou ser alvo de uma \u201cguerra legal\u201d promovida por seu ex-aliado e atual presidente, Luis Arce, com quem rompeu politicamente. Morales tamb\u00e9m se recusou a comparecer \u00e0 audi\u00eancia.\n<\/p>\n<p>Em dezembro de 2024, o Minist\u00e9rio P\u00fablico boliviano j\u00e1 havia emitido uma ordem de deten\u00e7\u00e3o contra ele, mas a decis\u00e3o mais recente intensifica a press\u00e3o para a captura do ex-presidente.\n<\/p>\n<p>Atualmente, Morales vive em Chapare, regi\u00e3o central da Bol\u00edvia, onde est\u00e1 refugiado na sede dos sindicatos de produtores de coca. Ele \u00e9 protegido por um esquema de seguran\u00e7a que inclui at\u00e9 tr\u00eas cord\u00f5es de isolamento para impedir sua pris\u00e3o, de acordo com a AP.\n<\/p>\n<p>Nesta sexta, manifestantes que se identificaram como m\u00e3es protestaram do lado de fora do tribunal em Tarija, exibindo faixas com frases como: \u201cEvo Morales, abusador. Meninas n\u00e3o devem ser tocadas\u201d.\n<\/p>\n<p>Sandra Guti\u00e9rrez, promotora respons\u00e1vel pelo caso, declarou que as autoridades agora investigar\u00e3o se Morales cometeu outro crime ao descumprir a ordem de comparecer ao tribunal, informou a ag\u00eancia de not\u00edcias.\n<\/p>\n<p>Evo Morales foi o primeiro presidente ind\u00edgena da Bol\u00edvia. Ele governou de 22 de janeiro de 2006 a 10 de novembro de 2019. Renunciou ao cargo ap\u00f3s press\u00f5es pol\u00edticas, protestos e acusa\u00e7\u00f5es de irregularidades nas elei\u00e7\u00f5es presidenciais daquele ano.\n<\/p>\n<p>Fonte: R7              <\/p>\n<\/div>\n<p><br \/>\n<br \/><a href=\"https:\/\/diariodobrasilnoticias.com.br\/noticia\/justica-emite-mandado-de-prisao-contra-evo-morales-ex-presidente-da-bolivia-e-acusado-de-abuso-sexual-de-menor-678b7179d9f75\">Source link <\/a><\/p>","protected":false},"excerpt":{"rendered":"<p>A Justi\u00e7a da Bol\u00edvia emitiu nesta sexta-feira (17) um mandado de pris\u00e3o contra o ex-presidente Evo Morales, de 65 anos, ap\u00f3s ele n\u00e3o comparecer a uma audi\u00eancia judicial em um&hellip;<\/p>","protected":false},"author":1,"featured_media":93073,"comment_status":"closed","ping_status":"open","sticky":false,"template":"","format":"standard","meta":{"content-type":"","footnotes":""},"categories":[16],"tags":[123,2448,5313,1267],"class_list":["post-93072","post","type-post","status-publish","format-standard","has-post-thumbnail","hentry","category-noticias","tag-brasil","tag-diario","tag-noticia","tag-noticias"],"_links":{"self":[{"href":"https:\/\/tvbrazilusa.com\/pt\/wp-json\/wp\/v2\/posts\/93072","targetHints":{"allow":["GET"]}}],"collection":[{"href":"https:\/\/tvbrazilusa.com\/pt\/wp-json\/wp\/v2\/posts"}],"about":[{"href":"https:\/\/tvbrazilusa.com\/pt\/wp-json\/wp\/v2\/types\/post"}],"author":[{"embeddable":true,"href":"https:\/\/tvbrazilusa.com\/pt\/wp-json\/wp\/v2\/users\/1"}],"replies":[{"embeddable":true,"href":"https:\/\/tvbrazilusa.com\/pt\/wp-json\/wp\/v2\/comments?post=93072"}],"version-history":[{"count":1,"href":"https:\/\/tvbrazilusa.com\/pt\/wp-json\/wp\/v2\/posts\/93072\/revisions"}],"predecessor-version":[{"id":93074,"href":"https:\/\/tvbrazilusa.com\/pt\/wp-json\/wp\/v2\/posts\/93072\/revisions\/93074"}],"wp:featuredmedia":[{"embeddable":true,"href":"https:\/\/tvbrazilusa.com\/pt\/wp-json\/wp\/v2\/media\/93073"}],"wp:attachment":[{"href":"https:\/\/tvbrazilusa.com\/pt\/wp-json\/wp\/v2\/media?parent=93072"}],"wp:term":[{"taxonomy":"category","embeddable":true,"href":"https:\/\/tvbrazilusa.com\/pt\/wp-json\/wp\/v2\/categories?post=93072"},{"taxonomy":"post_tag","embeddable":true,"href":"https:\/\/tvbrazilusa.com\/pt\/wp-json\/wp\/v2\/tags?post=93072"}],"curies":[{"name":"wp","href":"https:\/\/api.w.org\/{rel}","templated":true}]}}