{"id":93075,"date":"2025-01-18T09:35:30","date_gmt":"2025-01-18T09:35:30","guid":{"rendered":"https:\/\/tvbrazilusa.com\/2025\/01\/18\/em-comum-acordo-luiz-bacci-e-a-record-nao-renovam-contrato-saiba-qual-e-o-destino-do-apresentador-apos-15-anos-na-emissora\/"},"modified":"2025-01-18T09:35:31","modified_gmt":"2025-01-18T09:35:31","slug":"em-comum-acordo-luiz-bacci-e-a-record-nao-renovam-contrato-saiba-qual-e-o-destino-do-apresentador-apos-15-anos-na-emissora","status":"publish","type":"post","link":"https:\/\/tvbrazilusa.com\/pt\/2025\/01\/18\/em-comum-acordo-luiz-bacci-e-a-record-nao-renovam-contrato-saiba-qual-e-o-destino-do-apresentador-apos-15-anos-na-emissora\/","title":{"rendered":"Em comum acordo, Luiz Bacci e a Record n\u00e3o renovam contrato; saiba qual \u00e9 o destino do apresentador ap\u00f3s 15 anos na emissora"},"content":{"rendered":"<p> <script async src=\"https:\/\/pagead2.googlesyndication.com\/pagead\/js\/adsbygoogle.js?client=ca-pub-8864793242727901\"\r\n     crossorigin=\"anonymous\"><\/script><br \/>\n<\/p>\n<div id=\"taboola-read-more\" style=\"display:block; width:100%\">\n<p>A coluna F\u00e1bia Oliveira, que sabe de tudo e mais um pouco, descobriu qual ser\u00e1 o destino de Luiz Bacci ap\u00f3s ser desligado da Record. O apresentador trabalhou por 15 anos na emissora, ganhando notoriedade no Cidade Alerta e Balan\u00e7o Geral SP.\n<\/p>\n<p>Um passarinho verde contou para esta colunista que o jornalista est\u00e1 \u201cnamorando\u201d com o SBT. Embora ainda n\u00e3o haja um contrato formal, Bacci pode ocupar a grade jornal\u00edstica da empresa da fam\u00edlia Abravanel.<\/p>\n<p>\u00c9 que Leandro Cipoloni \u00e9 um grande amigo do famoso e, por coincid\u00eancia, est\u00e1 reformulando a editoria do canal. O profissional foi anunciado como diretor nacional de jornalismo no fim de dezembro.\n<\/p>\n<p><strong>Substitutos<\/strong>\n<\/p>\n<p>Reinaldo Gottino ser\u00e1 o substituto do famoso no Cidade Alerta. J\u00e1 o Balan\u00e7o Geral SP ser\u00e1 comandado por Eleandro Passaia. Os dois profissionais estreiam na grade a partir da pr\u00f3xima segunda-feira (20\/1).\n<\/p>\n<p><strong>Bacci tinha expectativas<\/strong>\n<\/p>\n<p>Recentemente, rumores de Luiz Bacci havia sa\u00eddo da Record ganharam a web. Na ocasi\u00e3o, ele explicou que seu contrato iria at\u00e9 fevereiro deste ano, mas que seguia no comando do Cidade Alerta e do Balan\u00e7o Gera SP, embora as negocia\u00e7\u00f5es para a renova\u00e7\u00e3o do contrato ainda n\u00e3o tenham se iniciado.\n<\/p>\n<p>Saiba mais sobre a sa\u00edda de Luiz Bacci da Record:\n<\/p>\n<p>Nesta sexta-feira (17\/1), a Record anunciou que Luiz Bacci foi desligado da emissora. Em nota oficial, o canal do Bispo Macedo afirmou que o jornalista teve uma \u201ctrajet\u00f3ria \u00fanica\u201d.\n<\/p>\n<p>\u201cBacci teve uma trajet\u00f3ria \u00fanica na emissora. Foi rep\u00f3rter e comandou dois programas de audi\u00eancia expressiva; Balan\u00e7o Geral e Cidade Alerta. O CA, desde 2017\u201d, diz a nota.\n<\/p>\n<p>O texto ainda lembrou a passagem de Bacci pelas atra\u00e7\u00f5es: \u201cAqui na Record, Bacci fez de tudo \u2013 apresentou entretenimento como o Programa do Gugu, especiais, grandes coberturas e conte\u00fados reconhecidos pelo papel social, como o Em Nome da Justi\u00e7a.\u201d\n<\/p>\n<p>Por fim, demonstraram gratid\u00e3o ao tempo de servi\u00e7o de Bacci na emissora por 15 anos. \u201cAgradecemos ao jornalista pela sua contribui\u00e7\u00e3o durante o tempo em que esteve conosco e desejamos sucesso em seus projetos futuros\u201d, concluiu.\n<\/p>\n<p>Fonte: Metr\u00f3poles              <\/p>\n<\/div>\n<p><br \/>\n<br \/><a href=\"https:\/\/diariodobrasilnoticias.com.br\/noticia\/em-comum-acordo-luiz-bacci-e-a-record-nao-renovam-contrato-saiba-qual-e-o-destino-do-apresentador-apos-15-anos-na-emissora-678b7419579bf\">Source link <\/a><\/p>","protected":false},"excerpt":{"rendered":"<p>A coluna F\u00e1bia Oliveira, que sabe de tudo e mais um pouco, descobriu qual ser\u00e1 o destino de Luiz Bacci ap\u00f3s ser desligado da Record. O apresentador trabalhou por 15&hellip;<\/p>","protected":false},"author":1,"featured_media":93076,"comment_status":"closed","ping_status":"open","sticky":false,"template":"","format":"standard","meta":{"content-type":"","footnotes":""},"categories":[16],"tags":[123,2448,5313,1267],"class_list":["post-93075","post","type-post","status-publish","format-standard","has-post-thumbnail","hentry","category-noticias","tag-brasil","tag-diario","tag-noticia","tag-noticias"],"_links":{"self":[{"href":"https:\/\/tvbrazilusa.com\/pt\/wp-json\/wp\/v2\/posts\/93075","targetHints":{"allow":["GET"]}}],"collection":[{"href":"https:\/\/tvbrazilusa.com\/pt\/wp-json\/wp\/v2\/posts"}],"about":[{"href":"https:\/\/tvbrazilusa.com\/pt\/wp-json\/wp\/v2\/types\/post"}],"author":[{"embeddable":true,"href":"https:\/\/tvbrazilusa.com\/pt\/wp-json\/wp\/v2\/users\/1"}],"replies":[{"embeddable":true,"href":"https:\/\/tvbrazilusa.com\/pt\/wp-json\/wp\/v2\/comments?post=93075"}],"version-history":[{"count":1,"href":"https:\/\/tvbrazilusa.com\/pt\/wp-json\/wp\/v2\/posts\/93075\/revisions"}],"predecessor-version":[{"id":93077,"href":"https:\/\/tvbrazilusa.com\/pt\/wp-json\/wp\/v2\/posts\/93075\/revisions\/93077"}],"wp:featuredmedia":[{"embeddable":true,"href":"https:\/\/tvbrazilusa.com\/pt\/wp-json\/wp\/v2\/media\/93076"}],"wp:attachment":[{"href":"https:\/\/tvbrazilusa.com\/pt\/wp-json\/wp\/v2\/media?parent=93075"}],"wp:term":[{"taxonomy":"category","embeddable":true,"href":"https:\/\/tvbrazilusa.com\/pt\/wp-json\/wp\/v2\/categories?post=93075"},{"taxonomy":"post_tag","embeddable":true,"href":"https:\/\/tvbrazilusa.com\/pt\/wp-json\/wp\/v2\/tags?post=93075"}],"curies":[{"name":"wp","href":"https:\/\/api.w.org\/{rel}","templated":true}]}}