{"id":93120,"date":"2025-01-18T11:50:41","date_gmt":"2025-01-18T11:50:41","guid":{"rendered":"https:\/\/tvbrazilusa.com\/2025\/01\/18\/supermercados-realizam-feiras-de-empregos-no-sabado\/"},"modified":"2025-01-18T11:57:36","modified_gmt":"2025-01-18T11:57:36","slug":"supermercados-realizam-feiras-de-empregos-no-sabado","status":"publish","type":"post","link":"https:\/\/tvbrazilusa.com\/pt\/2025\/01\/18\/supermercados-realizam-feiras-de-empregos-no-sabado\/","title":{"rendered":"Supermercados realizam feiras de empregos no s\u00e1bado"},"content":{"rendered":"<script async src=\"https:\/\/pagead2.googlesyndication.com\/pagead\/js\/adsbygoogle.js?client=ca-pub-8864793242727901\"\r\n     crossorigin=\"anonymous\"><\/script>\n<p>KEASBEY, Nova Jersey (WTNH) \u2013 Feiras de empregos est\u00e3o sendo realizadas hoje em v\u00e1rios supermercados, incluindo Shoprite e Price Rite Marketplace.<\/p>\n<p>Os cargos dispon\u00edveis, incluindo balconistas gerais, perec\u00edveis, front-end e estocagem, apresentam hor\u00e1rios flex\u00edveis. Tamb\u00e9m est\u00e3o dispon\u00edveis cargos de tempo integral, meio per\u00edodo e de gest\u00e3o, dependendo da localiza\u00e7\u00e3o.<\/p>\n<p>As feiras de empregos acontecem das 11h \u00e0s 14h nos locais participantes. Os candidatos podem visitar as lojas para falar com um representante de contrata\u00e7\u00e3o para uma entrevista imediata. <\/p>\n<p>Os candidatos interessados \u200b\u200b\u200b\u200bpodem saber mais sobre as feiras de emprego e oportunidades de carreira consultando as lojas locais ou online.<\/p>\n<p><br \/>\n<br \/><a href=\"https:\/\/www.wtnh.com\/news\/connecticut\/supermarkets-hosting-job-fairs-on-saturday\/\">Source link <\/a><\/p>","protected":false},"excerpt":{"rendered":"<p>KEASBEY, Nova Jersey (WTNH) \u2013 Feiras de empregos est\u00e3o sendo realizadas hoje em v\u00e1rios supermercados, incluindo Shoprite e Price Rite Marketplace. Os cargos dispon\u00edveis, incluindo balconistas gerais, perec\u00edveis, front-end e&hellip;<\/p>","protected":false},"author":1,"featured_media":93121,"comment_status":"closed","ping_status":"open","sticky":false,"template":"","format":"standard","meta":{"content-type":"","footnotes":""},"categories":[1],"tags":[],"class_list":["post-93120","post","type-post","status-publish","format-standard","has-post-thumbnail","hentry","category-uncategorized"],"_links":{"self":[{"href":"https:\/\/tvbrazilusa.com\/pt\/wp-json\/wp\/v2\/posts\/93120","targetHints":{"allow":["GET"]}}],"collection":[{"href":"https:\/\/tvbrazilusa.com\/pt\/wp-json\/wp\/v2\/posts"}],"about":[{"href":"https:\/\/tvbrazilusa.com\/pt\/wp-json\/wp\/v2\/types\/post"}],"author":[{"embeddable":true,"href":"https:\/\/tvbrazilusa.com\/pt\/wp-json\/wp\/v2\/users\/1"}],"replies":[{"embeddable":true,"href":"https:\/\/tvbrazilusa.com\/pt\/wp-json\/wp\/v2\/comments?post=93120"}],"version-history":[{"count":1,"href":"https:\/\/tvbrazilusa.com\/pt\/wp-json\/wp\/v2\/posts\/93120\/revisions"}],"predecessor-version":[{"id":93122,"href":"https:\/\/tvbrazilusa.com\/pt\/wp-json\/wp\/v2\/posts\/93120\/revisions\/93122"}],"wp:featuredmedia":[{"embeddable":true,"href":"https:\/\/tvbrazilusa.com\/pt\/wp-json\/wp\/v2\/media\/93121"}],"wp:attachment":[{"href":"https:\/\/tvbrazilusa.com\/pt\/wp-json\/wp\/v2\/media?parent=93120"}],"wp:term":[{"taxonomy":"category","embeddable":true,"href":"https:\/\/tvbrazilusa.com\/pt\/wp-json\/wp\/v2\/categories?post=93120"},{"taxonomy":"post_tag","embeddable":true,"href":"https:\/\/tvbrazilusa.com\/pt\/wp-json\/wp\/v2\/tags?post=93120"}],"curies":[{"name":"wp","href":"https:\/\/api.w.org\/{rel}","templated":true}]}}