{"id":93138,"date":"2025-01-18T12:44:38","date_gmt":"2025-01-18T12:44:38","guid":{"rendered":"https:\/\/tvbrazilusa.com\/2025\/01\/18\/lapada-ancora-da-cnn-faz-forte-critica-a-haddad-e-expoe-ponto-a-ponto-declaracoes-do-ministro-veja-video\/"},"modified":"2025-01-18T12:44:39","modified_gmt":"2025-01-18T12:44:39","slug":"lapada-ancora-da-cnn-faz-forte-critica-a-haddad-e-expoe-ponto-a-ponto-declaracoes-do-ministro-veja-video","status":"publish","type":"post","link":"https:\/\/tvbrazilusa.com\/pt\/2025\/01\/18\/lapada-ancora-da-cnn-faz-forte-critica-a-haddad-e-expoe-ponto-a-ponto-declaracoes-do-ministro-veja-video\/","title":{"rendered":"LAPADA: \u00c2ncora da CNN faz forte cr\u00edtica a Haddad e exp\u00f5e ponto a ponto declara\u00e7\u00f5es do ministro; VEJA V\u00cdDEO"},"content":{"rendered":"<p> <script async src=\"https:\/\/pagead2.googlesyndication.com\/pagead\/js\/adsbygoogle.js?client=ca-pub-8864793242727901\"\r\n     crossorigin=\"anonymous\"><\/script><br \/>\n<\/p>\n<div id=\"taboola-read-more\" style=\"display:block; width:100%\">\n<p>\u00c2ncora do jornalismo da CNN tece cr\u00edticas pesadas ao ministro da Economia do governo Lula, Fernando Haddad, ap\u00f3s entrevista ao canal.\n<\/p>\n<p>Veja v\u00eddeo:<\/p>\n<div style=\"display: flex; flex-direction: row; justify-content: center; width: 100%;\">\n<blockquote class=\"twitter-tweet\">\n<p dir=\"ltr\" lang=\"pt\">A pol\u00edtica de Haddad \u00e9, a culpa \u00e9 Deus e o mundo menos a dele e do Lula.<\/p>\n<p>Bom dia! <a href=\"https:\/\/t.co\/bQxnyAghyW\">pic.twitter.com\/bQxnyAghyW<\/a><br \/>\n\u2014 Pav\u00e3o Misterious \ud835\udd4f \ud83c\udde7\ud83c\uddf7 (@misteriouspavao) <a href=\"https:\/\/twitter.com\/misteriouspavao\/status\/1880556038078058556?ref_src=twsrc%5Etfw\">January 18, 2025<\/a><\/p>\n<\/blockquote>\n<\/div>\n<p>Fonte:\u00a0<span class=\"css-1jxf684 r-bcqeeo r-1ttztb7 r-qvutc0 r-poiln3\">@misteriouspavao<\/span>\n              <\/p>\n<\/div>\n<p><script async src=\"\/\/platform.twitter.com\/widgets.js\" charset=\"utf-8\"><\/script><br \/>\n<br \/><br \/>\n<br \/><a href=\"https:\/\/diariodobrasilnoticias.com.br\/noticia\/lapada-ancora-da-cnn-faz-forte-critica-a-haddad-e-expoe-ponto-a-ponto-declaracoes-do-ministro-veja-video-678b9e3a337ba\">Source link <\/a><\/p>","protected":false},"excerpt":{"rendered":"<p>\u00c2ncora do jornalismo da CNN tece cr\u00edticas pesadas ao ministro da Economia do governo Lula, Fernando Haddad, ap\u00f3s entrevista ao canal. Veja v\u00eddeo: A pol\u00edtica de Haddad \u00e9, a culpa&hellip;<\/p>","protected":false},"author":1,"featured_media":93139,"comment_status":"closed","ping_status":"open","sticky":false,"template":"","format":"standard","meta":{"content-type":"","footnotes":""},"categories":[16],"tags":[123,2448,5313,1267],"class_list":["post-93138","post","type-post","status-publish","format-standard","has-post-thumbnail","hentry","category-noticias","tag-brasil","tag-diario","tag-noticia","tag-noticias"],"_links":{"self":[{"href":"https:\/\/tvbrazilusa.com\/pt\/wp-json\/wp\/v2\/posts\/93138","targetHints":{"allow":["GET"]}}],"collection":[{"href":"https:\/\/tvbrazilusa.com\/pt\/wp-json\/wp\/v2\/posts"}],"about":[{"href":"https:\/\/tvbrazilusa.com\/pt\/wp-json\/wp\/v2\/types\/post"}],"author":[{"embeddable":true,"href":"https:\/\/tvbrazilusa.com\/pt\/wp-json\/wp\/v2\/users\/1"}],"replies":[{"embeddable":true,"href":"https:\/\/tvbrazilusa.com\/pt\/wp-json\/wp\/v2\/comments?post=93138"}],"version-history":[{"count":1,"href":"https:\/\/tvbrazilusa.com\/pt\/wp-json\/wp\/v2\/posts\/93138\/revisions"}],"predecessor-version":[{"id":93140,"href":"https:\/\/tvbrazilusa.com\/pt\/wp-json\/wp\/v2\/posts\/93138\/revisions\/93140"}],"wp:featuredmedia":[{"embeddable":true,"href":"https:\/\/tvbrazilusa.com\/pt\/wp-json\/wp\/v2\/media\/93139"}],"wp:attachment":[{"href":"https:\/\/tvbrazilusa.com\/pt\/wp-json\/wp\/v2\/media?parent=93138"}],"wp:term":[{"taxonomy":"category","embeddable":true,"href":"https:\/\/tvbrazilusa.com\/pt\/wp-json\/wp\/v2\/categories?post=93138"},{"taxonomy":"post_tag","embeddable":true,"href":"https:\/\/tvbrazilusa.com\/pt\/wp-json\/wp\/v2\/tags?post=93138"}],"curies":[{"name":"wp","href":"https:\/\/api.w.org\/{rel}","templated":true}]}}