{"id":93141,"date":"2025-01-18T12:56:53","date_gmt":"2025-01-18T12:56:53","guid":{"rendered":"https:\/\/tvbrazilusa.com\/2025\/01\/18\/segundo-a-ong-transparencia-internacional-sergio-cabral-ri-na-cara-do-povo-ao-ostentar-o-que-o-estado-nao-foi-capaz-de-recuperar-do-que-roubou\/"},"modified":"2025-01-18T12:56:55","modified_gmt":"2025-01-18T12:56:55","slug":"segundo-a-ong-transparencia-internacional-sergio-cabral-ri-na-cara-do-povo-ao-ostentar-o-que-o-estado-nao-foi-capaz-de-recuperar-do-que-roubou","status":"publish","type":"post","link":"https:\/\/tvbrazilusa.com\/pt\/2025\/01\/18\/segundo-a-ong-transparencia-internacional-sergio-cabral-ri-na-cara-do-povo-ao-ostentar-o-que-o-estado-nao-foi-capaz-de-recuperar-do-que-roubou\/","title":{"rendered":"Segundo a ONG Transpar\u00eancia Internacional, Sergio Cabral &#8216;ri na cara do povo&#8217; ao ostentar &#8216;o que o Estado n\u00e3o foi capaz de recuperar do que roubou&#8217;"},"content":{"rendered":"<p> <script async src=\"https:\/\/pagead2.googlesyndication.com\/pagead\/js\/adsbygoogle.js?client=ca-pub-8864793242727901\"\r\n     crossorigin=\"anonymous\"><\/script><br \/>\n<\/p>\n<div id=\"taboola-read-more\" style=\"display:block; width:100%\">\n<p>A ONG Transpar\u00eancia Internacional \u2013 Brasil criticou o ex-governador do Rio S\u00e9rgio Cabral, condenado a 425 anos e 20 dias de pris\u00e3o em 23 processos, ap\u00f3s publicar um v\u00eddeo dando dicas de cinema nesta sexta-feira, 17.\n<\/p>\n<p>O perfil reproduziu um dos v\u00e1rios conte\u00fados publicados pelo ex-governador, no qual aparece em uma piscina, de \u00f3culos escuros, sugerindo filmes para os seguidores assistirem durante o fim de semana.<\/p>\n<p>Segundo a Transpar\u00eancia Internacional, Cabral \u201cri na cara da Justi\u00e7a e do povo brasileiro\u201c ao ostentar \u201co que o Estado n\u00e3o foi capaz de recuperar do que roubou\u201c:\n<\/p>\n<p>\u201cOs crimes de Sergio Cabral causaram mortes, imenso sofrimento humano, atraso e pobreza. Foram 101 milh\u00f5es de d\u00f3lares recuperados em contas no exterior, quase um bilh\u00e3o de reais do Rio de Janeiro desviados para seu bolso.\n<\/p>\n<p>Hoje ele ostenta o que o Estado n\u00e3o foi capaz de recuperar do que roubou. Um dos maiores corruptos da hist\u00f3ria do pa\u00eds, condenado em 23 processos a mais de 400 anos de pris\u00e3o, cumpriu apenas 6. Ele ri na cara da Justi\u00e7a e do povo brasileiro\u201c, afirmou.\n<\/p>\n<div style=\"display: flex; flex-direction: row; justify-content: center; width: 100%;\">\n<blockquote class=\"twitter-tweet\">\n<p dir=\"ltr\" lang=\"pt\">Os crimes de Sergio Cabral causaram mortes, imenso sofrimento humano, atraso e pobreza. Foram 101 milh\u00f5es de d\u00f3lares recuperados em contas no exterior, quase um bilh\u00e3o de reais do Rio de Janeiro desviados para seu bolso. Hoje ele ostenta o que o Estado n\u00e3o foi capaz de recuperar\u2026 <a href=\"https:\/\/t.co\/YMGv7iyiJ5\">pic.twitter.com\/YMGv7iyiJ5<\/a><br \/>\n\u2014 Transpar\u00eancia Internacional &#8211; Brasil (@TI_InterBr) <a href=\"https:\/\/twitter.com\/TI_InterBr\/status\/1880360636187558125?ref_src=twsrc%5Etfw\">January 17, 2025<\/a><\/p>\n<\/blockquote>\n<\/div>\n<p><strong>Condena\u00e7\u00f5es<\/strong>\n<\/p>\n<p>Depois de seis anos encarcerado, Cabral foi solto pela Justi\u00e7a do Rio em fevereiro de 2023.\n<\/p>\n<p>A pena foi transferida para uma pris\u00e3o domiciliar com uso de tornozeleira eletr\u00f4nica, o que permitiu com que o ex-governador pudesse circular livremente.\n<\/p>\n<p>Em 2016, Cabral foi preso pela Opera\u00e7\u00e3o Lava Jato sob a suspeita de chefiar uma organiza\u00e7\u00e3o criminosa que cobrava propinas de empreiteiras e fraudava licita\u00e7\u00f5es.\n<\/p>\n<p>Durante o tr\u00e2mite processual, o ex-governador admitiu o recebimento dos valores.\n<\/p>\n<p>No ano passado, a 2\u00aa Turma Especializada do Tribunal Regional Federal da 2\u00aa Regi\u00e3o (TRF-2) anulou tr\u00eas condena\u00e7\u00f5es contra Cabral. A pena, ent\u00e3o, foi reduzida em 40 anos e seis meses.\n<\/p>\n<p>Fonte: O Antagonista\n              <\/p>\n<\/div>\n<p><script async src=\"\/\/platform.twitter.com\/widgets.js\" charset=\"utf-8\"><\/script><br \/>\n<br \/><br \/>\n<br \/><a href=\"https:\/\/diariodobrasilnoticias.com.br\/noticia\/segundo-a-ong-transparencia-internacional-sergio-cabral-ri-na-cara-do-povo-ao-ostentar-o-que-o-estado-nao-foi-capaz-de-recuperar-do-que-roubou-678b8766dd46d\">Source link <\/a><\/p>","protected":false},"excerpt":{"rendered":"<p>A ONG Transpar\u00eancia Internacional \u2013 Brasil criticou o ex-governador do Rio S\u00e9rgio Cabral, condenado a 425 anos e 20 dias de pris\u00e3o em 23 processos, ap\u00f3s publicar um v\u00eddeo dando&hellip;<\/p>","protected":false},"author":1,"featured_media":93142,"comment_status":"closed","ping_status":"open","sticky":false,"template":"","format":"standard","meta":{"content-type":"","footnotes":""},"categories":[16],"tags":[123,2448,5313,1267],"class_list":["post-93141","post","type-post","status-publish","format-standard","has-post-thumbnail","hentry","category-noticias","tag-brasil","tag-diario","tag-noticia","tag-noticias"],"_links":{"self":[{"href":"https:\/\/tvbrazilusa.com\/pt\/wp-json\/wp\/v2\/posts\/93141","targetHints":{"allow":["GET"]}}],"collection":[{"href":"https:\/\/tvbrazilusa.com\/pt\/wp-json\/wp\/v2\/posts"}],"about":[{"href":"https:\/\/tvbrazilusa.com\/pt\/wp-json\/wp\/v2\/types\/post"}],"author":[{"embeddable":true,"href":"https:\/\/tvbrazilusa.com\/pt\/wp-json\/wp\/v2\/users\/1"}],"replies":[{"embeddable":true,"href":"https:\/\/tvbrazilusa.com\/pt\/wp-json\/wp\/v2\/comments?post=93141"}],"version-history":[{"count":1,"href":"https:\/\/tvbrazilusa.com\/pt\/wp-json\/wp\/v2\/posts\/93141\/revisions"}],"predecessor-version":[{"id":93143,"href":"https:\/\/tvbrazilusa.com\/pt\/wp-json\/wp\/v2\/posts\/93141\/revisions\/93143"}],"wp:featuredmedia":[{"embeddable":true,"href":"https:\/\/tvbrazilusa.com\/pt\/wp-json\/wp\/v2\/media\/93142"}],"wp:attachment":[{"href":"https:\/\/tvbrazilusa.com\/pt\/wp-json\/wp\/v2\/media?parent=93141"}],"wp:term":[{"taxonomy":"category","embeddable":true,"href":"https:\/\/tvbrazilusa.com\/pt\/wp-json\/wp\/v2\/categories?post=93141"},{"taxonomy":"post_tag","embeddable":true,"href":"https:\/\/tvbrazilusa.com\/pt\/wp-json\/wp\/v2\/tags?post=93141"}],"curies":[{"name":"wp","href":"https:\/\/api.w.org\/{rel}","templated":true}]}}