{"id":93287,"date":"2025-01-18T21:37:29","date_gmt":"2025-01-18T21:37:29","guid":{"rendered":"https:\/\/tvbrazilusa.com\/2025\/01\/18\/trump-inicia-deportacoes-em-massa-na-proxima-terca-feira-21\/"},"modified":"2025-01-18T21:37:31","modified_gmt":"2025-01-18T21:37:31","slug":"trump-inicia-deportacoes-em-massa-na-proxima-terca-feira-21","status":"publish","type":"post","link":"https:\/\/tvbrazilusa.com\/pt\/2025\/01\/18\/trump-inicia-deportacoes-em-massa-na-proxima-terca-feira-21\/","title":{"rendered":"Trump inicia deporta\u00e7\u00f5es em massa na pr\u00f3xima ter\u00e7a-feira (21)"},"content":{"rendered":"<p> <script async src=\"https:\/\/pagead2.googlesyndication.com\/pagead\/js\/adsbygoogle.js?client=ca-pub-8864793242727901\"\r\n     crossorigin=\"anonymous\"><\/script><br \/>\n<\/p>\n<div id=\"taboola-read-more\" style=\"display:block; width:100%\">\n<p>O novo governo de Donald Trump est\u00e1 planejando uma grande opera\u00e7\u00e3o de imigra\u00e7\u00e3o em Chicago na pr\u00f3xima semana, segundo quatro pessoas com conhecimento do assunto. Esta ser\u00e1 a primeira a\u00e7\u00e3o da campanha de deporta\u00e7\u00e3o em massa prometida pelo presidente eleito.\n<\/p>\n<p>A opera\u00e7\u00e3o deve come\u00e7ar na manh\u00e3 de ter\u00e7a-feira (21), um dia ap\u00f3s a posse de Trump, e se estender\u00e1 por toda a semana. O Servi\u00e7o de Imigra\u00e7\u00e3o e Controle de Alf\u00e2ndega dos EUA (ICE) enviar\u00e1 entre 100 e 200 agentes para executar a opera\u00e7\u00e3o.<\/p>\n<p>Trump concorreu \u00e0 presid\u00eancia com a ousada promessa de realizar a maior deporta\u00e7\u00e3o em massa da hist\u00f3ria dos EUA.\n<\/p>\n<p>A equipe de Trump pretende focar em imigrantes ilegais com antecedentes criminais \u2014 muitos com infra\u00e7\u00f5es consideradas menores pelo governo Biden, como viola\u00e7\u00f5es de tr\u00e2nsito. No entanto, as fontes alertaram que qualquer outra pessoa em situa\u00e7\u00e3o irregular presente durante uma pris\u00e3o tamb\u00e9m ser\u00e1 detida.\n<\/p>\n<p>A equipe de transi\u00e7\u00e3o considerou diversas cidades para essa opera\u00e7\u00e3o inicial, com o objetivo de enviar um recado \u00e0s chamadas \u201ccidades santu\u00e1rio\u201d, que adotam pol\u00edticas de restri\u00e7\u00e3o \u00e0 coopera\u00e7\u00e3o com autoridades federais de imigra\u00e7\u00e3o. Chicago foi escolhida tanto pelo grande n\u00famero de imigrantes potenciais alvos quanto pela rivalidade p\u00fablica entre a equipe de Trump e o prefeito democrata da cidade, Brandon Johnson.\n<\/p>\n<p>Embora ainda n\u00e3o esteja claro quantas pessoas ser\u00e3o alvo da opera\u00e7\u00e3o, a equipe de Trump planeja trabalhar com ve\u00edculos de m\u00eddia conservadores para amplificar a repercuss\u00e3o da a\u00e7\u00e3o.\n<\/p>\n<p>Tom Homan, futuro chefe de fronteiras da administra\u00e7\u00e3o, deu ind\u00edcios sobre a opera\u00e7\u00e3o durante uma visita a Chicago no m\u00eas passado.\n<\/p>\n<p>\u201cVamos come\u00e7ar bem aqui em Chicago, Illinois\u201d, disse Homan em uma festa de fim de ano no North Side da cidade. \u201cSe o prefeito de Chicago n\u00e3o quiser ajudar, que se afaste. Mas se ele tentar nos impedir, se ele esconder ou proteger conscientemente um imigrante ilegal, eu vou process\u00e1-lo.\u201d\n<\/p>\n<p>Em resposta aos coment\u00e1rios de Homan, o governador de Illinois, JB Pritzker, democrata, afirmou: \u201cVou garantir que a lei seja cumprida. Estou preocupado que a administra\u00e7\u00e3o Trump e seus aliados n\u00e3o sigam a lei.\u201d\n<\/p>\n<p>A equipe de transi\u00e7\u00e3o de Trump e o ICE n\u00e3o responderam imediatamente aos pedidos de coment\u00e1rio na sexta-feira, assim como os representantes de Pritzker e Johnson.\n<\/p>\n<p>Grandes centros de imigra\u00e7\u00e3o, como Nova York, Los Angeles, Denver e Miami, tamb\u00e9m est\u00e3o na mira da nova administra\u00e7\u00e3o, e outras opera\u00e7\u00f5es espec\u00edficas podem ocorrer. Para viabilizar essas a\u00e7\u00f5es, a equipe de Trump estuda mudan\u00e7as amplas que deem mais poder aos xerifes locais, oferecendo recompensas a jurisdi\u00e7\u00f5es que cooperarem e impondo san\u00e7\u00f5es financeiras \u00e0s que resistirem.\n<\/p>\n<p>Homan, por exemplo, j\u00e1 amea\u00e7ou publicamente prender o prefeito de Denver, que tem criticado abertamente os planos de imigra\u00e7\u00e3o de Trump.\n<\/p>\n<p>O Departamento de Pol\u00edcia do Condado de Los Angeles afirmou em nota que, desde 2020, autoridades locais est\u00e3o proibidas de colaborar com \u00f3rg\u00e3os federais de imigra\u00e7\u00e3o, que n\u00e3o podem usar propriedades, bancos de dados ou funcion\u00e1rios do condado sem um mandado federal. \u201cEstamos aqui para proteger as comunidades que servimos, n\u00e3o para aplicar leis de imigra\u00e7\u00e3o\u201d, afirmou o departamento.\n<\/p>\n<p>Os conselheiros de Trump disseram que pretendem penalizar as cidades santu\u00e1rio cortando bilh\u00f5es de d\u00f3lares em repasses federais.\n<\/p>\n<p>Com a posse de Trump se aproximando, rumores sobre opera\u00e7\u00f5es do ICE se espalharam nas redes sociais nos \u00faltimos dias. A Coaliz\u00e3o pelos Direitos Humanos dos Imigrantes de Los Angeles (CHIRLA) informou ter realizado mais de 140 workshops desde a elei\u00e7\u00e3o para orientar imigrantes sobre seus direitos, recursos legais e como agir se abordados por agentes do ICE.\n<\/p>\n<p>\u201cSe a inten\u00e7\u00e3o \u00e9 instaurar um clima de terror e persegui\u00e7\u00e3o, a administra\u00e7\u00e3o Trump est\u00e1 sendo muito eficaz\u201d, disse Jorge-Mario Cabrera, porta-voz da CHIRLA.\n<\/p>\n<p>Com o envelhecimento da popula\u00e7\u00e3o americana, a economia dos EUA tem se tornado cada vez mais dependente da m\u00e3o de obra imigrante, especialmente nos setores de alimenta\u00e7\u00e3o, constru\u00e7\u00e3o civil e servi\u00e7os.\n<\/p>\n<p>Desde o fim de 2020, cerca de 10 milh\u00f5es de pessoas migraram para os EUA, descontando aqueles que deixaram o pa\u00eds, tanto de forma legal quanto ilegal. Essas chegadas ajudaram a reduzir a escassez de m\u00e3o de obra e impulsionaram o crescimento econ\u00f4mico.\n<\/p>\n<p>Economistas e l\u00edderes empresariais afirmam que deporta\u00e7\u00f5es na escala sugerida por Trump causariam um choque na economia, afetando setores essenciais j\u00e1 impactados por falta de trabalhadores.\n<\/p>\n<p>Muitos eleitores sentiram que as pol\u00edticas de fronteira do presidente Biden sobrecarregaram cidades e escolas pelo pa\u00eds. Na elei\u00e7\u00e3o de novembro, a imigra\u00e7\u00e3o foi uma das principais preocupa\u00e7\u00f5es dos eleitores, ficando atr\u00e1s apenas da economia, segundo pesquisas.\n<\/p>\n<p>Chicago se tornou um ponto de tens\u00e3o pol\u00edtica durante o governo Biden, quando o governador do Texas, Greg Abbott, come\u00e7ou a enviar \u00f4nibus com migrantes que buscavam asilo na fronteira sul para Chicago e outras cidades do norte. Desde agosto de 2022, mais de 51 mil migrantes chegaram \u00e0 cidade, segundo dados da prefeitura.\n<\/p>\n<p>Fasika Alem, diretora de programas da Organiza\u00e7\u00e3o Unida Africana em Chicago, afirmou que seu grupo e outras organiza\u00e7\u00f5es t\u00eam se mobilizado para garantir que as pessoas conhe\u00e7am seus direitos e tenham planos para cuidar de seus filhos caso sejam separadas.\n<\/p>\n<p>\u201cEstamos preparando nossa comunidade para estar pronta\u201d, disse ela. \u201c\u00c9 assim que estamos lidando com a situa\u00e7\u00e3o.\u201d\n<\/p>\n<p>O Departamento de Pol\u00edcia de Chicago encaminhou qualquer questionamento sobre a\u00e7\u00f5es de imigra\u00e7\u00e3o ao governo federal.\n<\/p>\n<p>Em nota, o departamento citou a Lei da Cidade Acolhedora de Chicago, pela qual a pol\u00edcia \u201cn\u00e3o registra o status migrat\u00f3rio\u201d nem compartilha informa\u00e7\u00f5es com autoridades federais de imigra\u00e7\u00e3o. \u201cN\u00e3o vamos intervir ou impedir que outros \u00f3rg\u00e3os governamentais desempenhem suas fun\u00e7\u00f5es\u201d, completou.\n<\/p>\n<p>Com informa\u00e7\u00f5es investnews              <\/p>\n<\/div>\n<p><br \/>\n<br \/><a href=\"https:\/\/diariodobrasilnoticias.com.br\/noticia\/trump-inicia-deportacoes-em-massa-na-proxima-terca-feira-21-678c1af5f26fc\">Source link <\/a><\/p>","protected":false},"excerpt":{"rendered":"<p>O novo governo de Donald Trump est\u00e1 planejando uma grande opera\u00e7\u00e3o de imigra\u00e7\u00e3o em Chicago na pr\u00f3xima semana, segundo quatro pessoas com conhecimento do assunto. Esta ser\u00e1 a primeira a\u00e7\u00e3o&hellip;<\/p>","protected":false},"author":1,"featured_media":93288,"comment_status":"closed","ping_status":"open","sticky":false,"template":"","format":"standard","meta":{"content-type":"","footnotes":""},"categories":[16],"tags":[123,2448,5313,1267],"class_list":["post-93287","post","type-post","status-publish","format-standard","has-post-thumbnail","hentry","category-noticias","tag-brasil","tag-diario","tag-noticia","tag-noticias"],"_links":{"self":[{"href":"https:\/\/tvbrazilusa.com\/pt\/wp-json\/wp\/v2\/posts\/93287","targetHints":{"allow":["GET"]}}],"collection":[{"href":"https:\/\/tvbrazilusa.com\/pt\/wp-json\/wp\/v2\/posts"}],"about":[{"href":"https:\/\/tvbrazilusa.com\/pt\/wp-json\/wp\/v2\/types\/post"}],"author":[{"embeddable":true,"href":"https:\/\/tvbrazilusa.com\/pt\/wp-json\/wp\/v2\/users\/1"}],"replies":[{"embeddable":true,"href":"https:\/\/tvbrazilusa.com\/pt\/wp-json\/wp\/v2\/comments?post=93287"}],"version-history":[{"count":1,"href":"https:\/\/tvbrazilusa.com\/pt\/wp-json\/wp\/v2\/posts\/93287\/revisions"}],"predecessor-version":[{"id":93289,"href":"https:\/\/tvbrazilusa.com\/pt\/wp-json\/wp\/v2\/posts\/93287\/revisions\/93289"}],"wp:featuredmedia":[{"embeddable":true,"href":"https:\/\/tvbrazilusa.com\/pt\/wp-json\/wp\/v2\/media\/93288"}],"wp:attachment":[{"href":"https:\/\/tvbrazilusa.com\/pt\/wp-json\/wp\/v2\/media?parent=93287"}],"wp:term":[{"taxonomy":"category","embeddable":true,"href":"https:\/\/tvbrazilusa.com\/pt\/wp-json\/wp\/v2\/categories?post=93287"},{"taxonomy":"post_tag","embeddable":true,"href":"https:\/\/tvbrazilusa.com\/pt\/wp-json\/wp\/v2\/tags?post=93287"}],"curies":[{"name":"wp","href":"https:\/\/api.w.org\/{rel}","templated":true}]}}