{"id":93293,"date":"2025-01-18T21:49:56","date_gmt":"2025-01-18T21:49:56","guid":{"rendered":"https:\/\/tvbrazilusa.com\/2025\/01\/18\/hoje-trump-tem-mais-consciencia-do-poder-dos-eua-para-dobrar-outros-paises-diz-ex-chanceler-brasileiro\/"},"modified":"2025-01-18T21:49:58","modified_gmt":"2025-01-18T21:49:58","slug":"hoje-trump-tem-mais-consciencia-do-poder-dos-eua-para-dobrar-outros-paises-diz-ex-chanceler-brasileiro","status":"publish","type":"post","link":"https:\/\/tvbrazilusa.com\/pt\/2025\/01\/18\/hoje-trump-tem-mais-consciencia-do-poder-dos-eua-para-dobrar-outros-paises-diz-ex-chanceler-brasileiro\/","title":{"rendered":"&#8216;Hoje Trump tem mais consci\u00eancia do poder dos EUA para dobrar outros pa\u00edses\u2019, diz ex-chanceler brasileiro"},"content":{"rendered":"<p> <script async src=\"https:\/\/pagead2.googlesyndication.com\/pagead\/js\/adsbygoogle.js?client=ca-pub-8864793242727901\"\r\n     crossorigin=\"anonymous\"><\/script><br \/>\n<\/p>\n<div data-block-type=\"unstyled\" data-block-weight=\"108\">\n<p class=\"content-text__container\" data-track-category=\"Link no Texto\" data-track-links=\"data-track-links\">Perguntado sobre o que espera do governo Trump 2, o ex-chanceler foi direto ao ponto: \u201c Para a segunda [administra\u00e7\u00e3o] ele se preparou, elaborou um programa assustador, com uma vis\u00e3o sobre o papel dos EUA no mundo. Trump n\u00e3o \u00e9 um boboca como Bolsonaro.\u201d De Bruxelas, onde cumpre fun\u00e7\u00f5es na Ag\u00eancia Brasileira de Promo\u00e7\u00e3o de Exporta\u00e7\u00f5es (Apex), Nunes disse que o Brasil deve estar \u201calerta\u201d em mat\u00e9ria de migra\u00e7\u00e3o e tarifas, afirmando que para Trump \u201ctarifas viraram uma arma de guerra\u201d. \u201cO que ele [Trump] diz sobre o Canal de Panam\u00e1, a Groenl\u00e2ndia lembra um pouco Hitler falando sobre a necessidade de conquistar o leste [europeu]\u201d, apontou Nunes.<\/p>\n<div class=\"mc-column content-text active-extra-styles\" data-block-type=\"unstyled\" data-block-weight=\"7\">\n<p class=\"content-text__container\" data-track-category=\"Link no Texto\" data-track-links=\"data-track-links\">A seguir, os principais trechos da entrevista:\n<\/p>\n<\/div>\n<div class=\"mc-column content-text active-extra-styles\" data-block-type=\"unstyled\" data-block-weight=\"30\">\n<p class=\"content-text__container\" data-track-category=\"Link no Texto\" data-track-links=\"data-track-links\"><strong>O senhor foi chanceler no governo Michel Temer e conviveu com o primeiro governo de Donald Trump durante dois anos. Como foi a rela\u00e7\u00e3o com os\u00a0<\/strong><a class=\"class\" href=\"https:\/\/12ft.io\/proxy?q=https%3A%2F%2Foglobo.globo.com%2Ftudo-sobre%2Fpais%2Festados-unidos\" target=\"_parent\"><strong>Estados Unidos<\/strong><\/a><strong>\u00a0naquele momento?<\/strong>\n<\/p>\n<\/div>\n<div class=\"mc-column content-text active-extra-styles\" data-block-type=\"unstyled\" data-block-weight=\"78\">\n<p class=\"content-text__container\" data-track-category=\"Link no Texto\" data-track-links=\"data-track-links\">Tenho lembran\u00e7as negativas, positivas e uma esquisita. Come\u00e7ando pela esquisita, lembro que fui convidado para um jantar em Nova York no qual Trump estava, foi em paralelo \u00e0 Assembleia Geral das Na\u00e7\u00f5es Unidas. Ele tinha convidado oito presidentes para jantar, e fui junto a Temer e ao embaixador naquele momento, Sergio Amaral. Fiquei observando porque queria entender como Trump fazia o penteado, n\u00e3o conseguia tirar os olhos do penteado dele. Cheguei perto, olhei, enfim, aquilo me fascinou (risos).\n<\/p>\n<\/div>\n<div class=\"mc-column content-text active-extra-styles\" data-block-type=\"unstyled\" data-block-weight=\"11\">\n<p class=\"content-text__container\" data-track-category=\"Link no Texto\" data-track-links=\"data-track-links\"><strong>Na \u00e9poca muitos pediam uma interven\u00e7\u00e3o militar dos EUA na Venezuela\u2026<\/strong>\n<\/p>\n<\/div>\n<div class=\"mc-column content-text active-extra-styles\" data-block-type=\"unstyled\" data-block-weight=\"78\">\n<p class=\"content-text__container\" data-track-category=\"Link no Texto\" data-track-links=\"data-track-links\">Os presidentes estavam muito preocupados com a Venezuela e a conversa girou em torno desse tema. Alguns coment\u00e1rios foram mais perigosos, mas Temer sempre muito discreto. N\u00e3o se falou sobre isso [uma interven\u00e7\u00e3o militar estrangeira na Venezuela]. Um dos presidentes sugeriu que os EUA deixassem de importar petr\u00f3leo venezuelano. Trump disse \u201cmas e o pre\u00e7o da gasolina aqui?\u201d, disse que ele tinha de se preocupar com o pa\u00eds dele, que n\u00e3o podia deixar de importar petr\u00f3leo da Venezuela.\n<\/p>\n<\/div>\n<div class=\"mc-column content-text active-extra-styles\" data-block-type=\"raw\" data-block-weight=\"21\">\n<p class=\"content-text__container\">\u00a0\n<\/p>\n<ul class=\"content-unordered-list\">\n<li><strong>Ao final do mandato nos EUA:\u00a0<\/strong><a class=\"class\" href=\"https:\/\/12ft.io\/proxy?q=https%3A%2F%2Foglobo.globo.com%2Fmundo%2Fnoticia%2F2025%2F01%2F17%2Flula-agradece-biden-por-trabalho-conjunto-desejo-muitas-felicidades-nos-anos-que-estao-por-vir.ghtml\" target=\"_parent\">Lula agradece Biden por trabalho conjunto: &#8220;Desejo muitas felicidades nos anos que est\u00e3o por vir&#8217;<\/a><\/li>\n<\/ul>\n<\/div>\n<div class=\"mc-column content-text active-extra-styles\" data-block-type=\"unstyled\" data-block-weight=\"13\">\n<p class=\"content-text__container\" data-track-category=\"Link no Texto\" data-track-links=\"data-track-links\"><strong>Muitos acham que agora, de volta ao poder, Trump buscar\u00e1 negociar com Maduro&#8230;<\/strong>\n<\/p>\n<\/div>\n<div class=\"mc-column content-text active-extra-styles\" data-block-type=\"unstyled\" data-block-weight=\"83\">\n<p class=\"content-text__container\" data-track-category=\"Link no Texto\" data-track-links=\"data-track-links\">Dif\u00edcil saber. Ele ficou quatro anos na travessia do deserto, se remoendo. Foi aprimorando sua vis\u00e3o sobre o uso do poder americano. O poder econ\u00f4mico e militar, e como us\u00e1-lo para influenciar a pol\u00edtica de outros pa\u00edses. A primeira elei\u00e7\u00e3o dele meio que caiu do c\u00e9u, foi uma surpresa. Para a segunda ele se preparou, elaborou um programa, um programa assustador, com uma vis\u00e3o sobre o papel dos EUA no mundo. Trump n\u00e3o \u00e9 um boboca como Bolsonaro. Ele tem um plano elaborado.\n<\/p>\n<\/div>\n<p>\u00a0<\/p>\n<div class=\"mc-column content-text active-extra-styles\" data-block-type=\"unstyled\" data-block-weight=\"12\">\n<p class=\"content-text__container\" data-track-category=\"Link no Texto\" data-track-links=\"data-track-links\"><strong>Que problemas o senhor enfrentou como chanceler com os EUA de Trump?<\/strong>\n<\/p>\n<\/div>\n<div class=\"mc-column content-text active-extra-styles\" data-block-type=\"unstyled\" data-block-weight=\"62\">\n<p class=\"content-text__container\" data-track-category=\"Link no Texto\" data-track-links=\"data-track-links\">Tivemos dois problemas. O primeiro foi a tarifa sobre a\u00e7o e alum\u00ednio. Ele aumentou a tarifa, e tivemos de aguentar. O segundo problema foi sobre a migra\u00e7\u00e3o. Houve brasileiros que estavam nos EUA ilegalmente e foram deportados. Separaram pais de filhos, foi um problema s\u00e9rio, uma situa\u00e7\u00e3o muito delicada. Nosso consulado, principalmente em Boston, se desdobrou para minimizar os impactos dessa decis\u00e3o.\n<\/p>\n<\/div>\n<div class=\"mc-column content-text active-extra-styles\" data-block-type=\"raw\" data-block-weight=\"15\">\n<p class=\"content-text__container\">\u00a0\n<\/p>\n<ul class=\"content-unordered-list\">\n<li><strong>Entenda:<\/strong><a class=\"class\" href=\"https:\/\/12ft.io\/proxy?q=https%3A%2F%2Foglobo.globo.com%2Fmundo%2Fnoticia%2F2025%2F01%2F16%2Fpor-que-trump-quis-um-acordo-entre-israel-e-hamas-antes-de-tomar-posse.ghtml\" target=\"_parent\">Por que Trump quis um acordo entre Israel e Hamas antes de tomar posse?<\/a><\/li>\n<\/ul>\n<\/div>\n<div class=\"mc-column content-text active-extra-styles\" data-block-type=\"unstyled\" data-block-weight=\"20\">\n<p class=\"content-text__container\" data-track-category=\"Link no Texto\" data-track-links=\"data-track-links\"><strong>S\u00e3o duas quest\u00f5es que Trump pretende retomar com for\u00e7a em seu segundo mandato, e com mais agressividade: tarifas e migra\u00e7\u00e3o&#8230;<\/strong>\n<\/p>\n<\/div>\n<div class=\"mc-column content-text active-extra-styles\" data-block-type=\"unstyled\" data-block-weight=\"66\">\n<p class=\"content-text__container\" data-track-category=\"Link no Texto\" data-track-links=\"data-track-links\">Exatamente. Isso vai criar muitos problemas. N\u00e3o sabemos como ele vai implicar a quest\u00e3o da migra\u00e7\u00e3o, ter\u00e1 de transformar os EUA num Estado policial para descobrir onde est\u00e3o os ilegais. Vamos ter um problema grave com a comunidade brasileira, que \u00e9 muito numerosa. No nosso governo, enfrentamos situa\u00e7\u00f5es horrorosas, fam\u00edlias separadas, foi um horror. O Brasil deve estar em estado de alerta em rela\u00e7\u00e3o a isso.\n<\/p>\n<\/div>\n<div class=\"mc-column content-text active-extra-styles\" data-block-type=\"unstyled\" data-block-weight=\"93\">\n<p class=\"content-text__container\" data-track-category=\"Link no Texto\" data-track-links=\"data-track-links\">Sim, tamb\u00e9m. Porque agora as tarifas viraram uma arma de guerra para Trump. Se Trump vira e fala pra Dinamarca \u201cou voc\u00eas me d\u00e3o a Groenl\u00e2ndia ou eu aplico 100% de tarifas \u00e0s importa\u00e7\u00f5es\u201d, a mesma coisa com M\u00e9xico, Canad\u00e1, n\u00e3o se trata mais de uma regula\u00e7\u00e3o do com\u00e9rcio, \u00e9 guerra. Hoje Trump tem mais consci\u00eancia do poder dos EUA para dobrar outros pa\u00edses em fun\u00e7\u00e3o dos interesses americanos. O que ele diz sobre o Canal de Panam\u00e1, a Groenl\u00e2ndia, lembra um pouco Hitler falando sobre a necessidade de conquistar o leste [europeu].\n<\/p>\n<\/div>\n<div class=\"mc-column content-text active-extra-styles\" data-block-type=\"raw\" data-block-weight=\"20\">\n<p class=\"content-text__container\">\u00a0\n<\/p>\n<ul class=\"content-unordered-list\">\n<li><strong>Indicado de Trump na\u00a0<\/strong><a class=\"class\" href=\"https:\/\/12ft.io\/proxy?q=https%3A%2F%2Foglobo.globo.com%2Ftudo-sobre%2Fassunto%2Fpolitica-externa%2F\" target=\"_parent\"><strong>pol\u00edtica externa<\/strong><\/a><strong>:<\/strong><a class=\"class\" href=\"https:\/\/12ft.io\/proxy?q=https%3A%2F%2Foglobo.globo.com%2Fmundo%2Fnoticia%2F2025%2F01%2F15%2Findicado-de-trump-na-politica-externa-marco-rubio-ataca-china-e-pede-diplomacia-ousada-na-ucrania-em-sabatina-no-senado.ghtml\" target=\"_parent\">\u00a0Marco Rubio ataca China e pede &#8216;diplomacia ousada&#8217; na Ucr\u00e2nia em sabatina no Senado<\/a><\/li>\n<\/ul>\n<\/div>\n<div class=\"mc-column content-text active-extra-styles\" data-block-type=\"unstyled\" data-block-weight=\"12\">\n<p class=\"content-text__container\" data-track-category=\"Link no Texto\" data-track-links=\"data-track-links\"><strong>Trump hoje \u00e9 mais perigoso do que foi em seu primeiro governo?<\/strong>\n<\/p>\n<\/div>\n<p>\u00a0<\/p>\n<div class=\"mc-column content-text active-extra-styles\" data-block-type=\"unstyled\" data-block-weight=\"82\">\n<p class=\"content-text__container\" data-track-category=\"Link no Texto\" data-track-links=\"data-track-links\">A segunda vit\u00f3ria dele foi uma coisa avassaladora, hoje ele est\u00e1 muito mais no controle. Ele teve tempo de se preparar e tem alguns instrumentos na cabe\u00e7a. A ideia de que os EUA podem fazer o que quiserem, e que os outros v\u00e3o se dobrar ao poder econ\u00f4mico e militar americano. Diante de tudo o que Trump est\u00e1 dizendo, o que fazem os pa\u00edses europeus? Parecem se render. Ningu\u00e9m reage com o vigor que a situa\u00e7\u00e3o mereceria. Trump est\u00e1 muito mais ousado.\n<\/p>\n<\/div>\n<div class=\"mc-column content-text active-extra-styles\" data-block-type=\"unstyled\" data-block-weight=\"7\">\n<p class=\"content-text__container\" data-track-category=\"Link no Texto\" data-track-links=\"data-track-links\"><strong>Alguma lembran\u00e7a positiva da conviv\u00eancia com Trump?<\/strong>\n<\/p>\n<\/div>\n<div data-track-category=\"multicontent\" data-track-action=\"ultimo chunk conteudo\" data-track-noninteraction=\"false\" data-track-scroll=\"view\">\n<div class=\"mc-column content-text active-extra-styles\" data-block-type=\"unstyled\" data-block-weight=\"109\">\n<p class=\"content-text__container\" data-track-category=\"Link no Texto\" data-track-links=\"data-track-links\">Retomamos a negocia\u00e7\u00e3o sobre um acordo de salvaguardas para a tecnologia e lan\u00e7amento de sat\u00e9lites comerciais, a partir de base de Alc\u00e2ntara. Foi algo bastante positivo, e teve continuidade no governo Bolsonaro. \u00c9 preciso ver o que interessa ao Brasil, n\u00e3o se pode apenas fechar a porta a qualquer tipo de negocia\u00e7\u00e3o. Temos uma rela\u00e7\u00e3o bilateral antiga, s\u00f3lida, uma base econ\u00f4mica muito consistente. Um com\u00e9rcio, ali\u00e1s, deficit\u00e1rio para n\u00f3s. O Brasil tem atributos que interessam aos EUA, assim como eles t\u00eam atributos que nos interessam. Tem que sentar \u00e0 mesa e ver como \u00e9 poss\u00edvel compatibilizar. Trump \u00e9 um homem que vem do mundo dos neg\u00f3cios, ele faz neg\u00f3cios.\n<\/p>\n<p class=\"content-text__container\" data-track-category=\"Link no Texto\" data-track-links=\"data-track-links\">Com informa\u00e7\u00f5es oglobo\n<\/p>\n<\/div>\n<\/div>\n<\/div>\n<p><br \/>\n<br \/><a href=\"https:\/\/diariodobrasilnoticias.com.br\/noticia\/-hoje-trump-tem-mais-consciencia-do-poder-dos-eua-para-dobrar-outros-paises-diz-ex-chanceler-brasileiro-678c1c5b92cda\">Source link <\/a><\/p>","protected":false},"excerpt":{"rendered":"<p>Perguntado sobre o que espera do governo Trump 2, o ex-chanceler foi direto ao ponto: \u201c Para a segunda [administra\u00e7\u00e3o] ele se preparou, elaborou um programa assustador, com uma vis\u00e3o&hellip;<\/p>","protected":false},"author":1,"featured_media":93294,"comment_status":"closed","ping_status":"open","sticky":false,"template":"","format":"standard","meta":{"content-type":"","footnotes":""},"categories":[16],"tags":[123,2448,5313,1267],"class_list":["post-93293","post","type-post","status-publish","format-standard","has-post-thumbnail","hentry","category-noticias","tag-brasil","tag-diario","tag-noticia","tag-noticias"],"_links":{"self":[{"href":"https:\/\/tvbrazilusa.com\/pt\/wp-json\/wp\/v2\/posts\/93293","targetHints":{"allow":["GET"]}}],"collection":[{"href":"https:\/\/tvbrazilusa.com\/pt\/wp-json\/wp\/v2\/posts"}],"about":[{"href":"https:\/\/tvbrazilusa.com\/pt\/wp-json\/wp\/v2\/types\/post"}],"author":[{"embeddable":true,"href":"https:\/\/tvbrazilusa.com\/pt\/wp-json\/wp\/v2\/users\/1"}],"replies":[{"embeddable":true,"href":"https:\/\/tvbrazilusa.com\/pt\/wp-json\/wp\/v2\/comments?post=93293"}],"version-history":[{"count":1,"href":"https:\/\/tvbrazilusa.com\/pt\/wp-json\/wp\/v2\/posts\/93293\/revisions"}],"predecessor-version":[{"id":93295,"href":"https:\/\/tvbrazilusa.com\/pt\/wp-json\/wp\/v2\/posts\/93293\/revisions\/93295"}],"wp:featuredmedia":[{"embeddable":true,"href":"https:\/\/tvbrazilusa.com\/pt\/wp-json\/wp\/v2\/media\/93294"}],"wp:attachment":[{"href":"https:\/\/tvbrazilusa.com\/pt\/wp-json\/wp\/v2\/media?parent=93293"}],"wp:term":[{"taxonomy":"category","embeddable":true,"href":"https:\/\/tvbrazilusa.com\/pt\/wp-json\/wp\/v2\/categories?post=93293"},{"taxonomy":"post_tag","embeddable":true,"href":"https:\/\/tvbrazilusa.com\/pt\/wp-json\/wp\/v2\/tags?post=93293"}],"curies":[{"name":"wp","href":"https:\/\/api.w.org\/{rel}","templated":true}]}}